{"id":9326,"date":"2026-04-08T21:42:45","date_gmt":"2026-04-08T20:42:45","guid":{"rendered":"https:\/\/recreacionhistoria.com\/?p=9326"},"modified":"2026-04-08T21:42:45","modified_gmt":"2026-04-08T20:42:45","slug":"o-apalpador-personaxe-macico-do-nadal-galego","status":"publish","type":"post","link":"https:\/\/recreacionhistoria.com\/gl\/o-apalpador-personaxe-macico-do-nadal-galego\/","title":{"rendered":"O Apalpador. Personaxe m\u00e1xico do Nadal galego"},"content":{"rendered":"<p>Entre os numerosos personaxes que cobran vida entre os seres mitol\u00f3xicos galegos, ao chegar as festas do Nadal, recuperamos a figura do <strong><em>Apalpador, un personaxe m\u00e1xido do Nadal galego.<\/em><\/strong><\/p>\n<p>O Apalpador \u00e9 un xigante cuxo oficio \u00e9 o de carboeiro e parece ser que vive no m\u00e1is profundo das zonas de Ou Caurel e Ou Cebreiro, na provincia de Lugo.<\/p>\n<p><em>\u201cChaman tam\u00e9n a esta noite (Ano Novo), noite do apalpadoiro, porque se tocan o ventre a ver se comeron para todo o ano e os mozos visten roupa nova, para garantila todo o ano as\u00ed\u201d. <\/em>Desta forma describ\u00eda, fai m\u00e1is de medio s\u00e9culo, Taboada Chivite ao Apalpador.<\/p>\n<p>Hai que apuntar que a lenda do Apalpador \u00e9 orixinaria das comarcas de Sarria, Quiroga, Lemos, Terra de Trives e os Ancares, \u00e9 dicir, do sur da provincia de Lugo e norte de Ourense, nas terras das monta\u00f1as do Caurel e a Serra dos Ancares.<\/p>\n<p><img fetchpriority=\"high\" decoding=\"async\" class=\"size-medium wp-image-9313 aligncenter\" src=\"https:\/\/recreacionhistoria.com\/wp-content\/uploads\/2021\/09\/Apalpador-300x225.jpg\" alt=\"\" width=\"300\" height=\"225\" title=\"\" srcset=\"https:\/\/recreacionhistoria.com\/wp-content\/uploads\/2021\/09\/Apalpador-300x225.jpg 300w, https:\/\/recreacionhistoria.com\/wp-content\/uploads\/2021\/09\/Apalpador.jpg 600w\" sizes=\"(max-width: 300px) 100vw, 300px\" \/><\/p>\n<p>&nbsp;<\/p>\n<h2>Pero, <strong><em>quen \u00e9 o Apalpador?<\/em><\/strong><\/h2>\n<p>O Apalpador ou Pendigueiro \u00e9, como diciamos antes, unha figura lendaria galega, \u00e9 un home maior, un xigante bonach\u00f3n, cunha gran barriga, de aspecto e personalidade apracible, de pelo roxo no seu cabelo, amplo bigote e frondosa barba, vestido sempre coa s\u00faa caracter\u00edstica boina negra e vestido con roupas de campo vellas e remendadas nas que destaca a s\u00faa vella chaqueta colorida. Alim\u00e9ntase de bagas salvaxes, de mel e de xabar\u00edns que caza. Identif\u00edcaselle ademais de por o seu aspecto f\u00edsico, por levar sempre consigo un saco cheo de casta\u00f1as.<\/p>\n<p>O nome de apalpador procede do feito de que <em>\u201capalpaba\u201d<\/em> (palpaba) as barrigas dos nenos para comprobar se estaban cheas, sinal de se estaban desnutridos ou non.<\/p>\n<p>Alg\u00fans din que baixa a noite do 24 de decembro, outros que a noite do 31, e hai quen di que os visita ambas as noites.<\/p>\n<p>Conta a lenda que en Noiteboa e Noitevella o Apalpador abandona as monta\u00f1as para baixar at\u00e9 as aldeas e entrar con sixilo nas habitaci\u00f3ns dos m\u00e1is pequenos. O seu obxectivo \u00e9 palpar as\u00a0 barrigas dos nenos e nenas da zona, ver se comeron suficientemente durante o ano. Se estaban cheas dic\u00eda \u201c<em>As\u00ed, as\u00ed esteas todo ou ano<\/em>\u201d. Pero, se non o estaban, non dic\u00eda nada, o Apalpador quedaba en silencio e deix\u00e1balles un pu\u00f1ado de casta\u00f1as e alg\u00fan dos seus xoguetes, feitos con madeira nos soutos galegos, e poida que algo de roupa ou lambetadas, aos p\u00e9s da cama mentres dormen. Ademais desex\u00e1balles un ano novo cheo de felicidade e comida.<\/p>\n<p><img decoding=\"async\" class=\"size-medium wp-image-9315 aligncenter\" src=\"https:\/\/recreacionhistoria.com\/wp-content\/uploads\/2021\/09\/Apalpadorynino-300x300.jpg\" alt=\"\" width=\"300\" height=\"300\" title=\"\" srcset=\"https:\/\/recreacionhistoria.com\/wp-content\/uploads\/2021\/09\/Apalpadorynino-300x300.jpg 300w, https:\/\/recreacionhistoria.com\/wp-content\/uploads\/2021\/09\/Apalpadorynino-150x150.jpg 150w, https:\/\/recreacionhistoria.com\/wp-content\/uploads\/2021\/09\/Apalpadorynino.jpg 600w\" sizes=\"(max-width: 300px) 100vw, 300px\" \/><\/p>\n<p>&nbsp;<\/p>\n<p>Antes de marcharse, o Apalpador pronunciaba estas palabras para desexar aos nenos un ano de abundancia no comer:<\/p>\n<p style=\"text-align: center;\"><em>Por seres obediente e estares ben alimentado,<\/em><\/p>\n<p style=\"text-align: center;\"><em>con estas casta\u00f1as e este agasallo<\/em><\/p>\n<p style=\"text-align: center;\"><em>desexote fartura e bon ano\u201d.<\/em><\/p>\n<p>O Apalpador atopar\u00eda o seu similar en Asturias con <em>L\u2019Anguleru<\/em>, en \u00c9cija co <em>Tientapanzas<\/em>, no Pa\u00eds Vasco e Navarra co <em>Olentzero<\/em>, e en Catalu\u00f1a e Arag\u00f3n co <em>Ti\u00f3 de Nadal<\/em>. Estes personaxes, con caracter\u00edsticas com\u00fans, dist\u00ednguense polo seu aspecto groso e porque levan agasallos aos nenos, acompa\u00f1ados de entra\u00f1ables canci\u00f3ns e produtos da terra, repartindo alegr\u00eda e ilusi\u00f3n.<\/p>\n<div id=\"attachment_9317\" style=\"width: 169px\" class=\"wp-caption aligncenter\"><img decoding=\"async\" aria-describedby=\"caption-attachment-9317\" class=\"size-full wp-image-9317\" src=\"https:\/\/recreacionhistoria.com\/wp-content\/uploads\/2021\/09\/languleru.jpg\" alt=\"L&#039;anguleru\" width=\"159\" height=\"214\" title=\"\"><p id=\"caption-attachment-9317\" class=\"wp-caption-text\"><em>L&#8217;anguleru<\/em><\/p><\/div>\n<p>As\u00ed, <em>L\u2019Anguleru<\/em>, unha figura de tradici\u00f3n recente, nace da tradici\u00f3n da pesca de angula, viches un traxe de cor amarela, un gorro negro e botas de auga, e porta sempre con el un candil. Este personaxe enc\u00e1rgase de levar agasallos aos nenos por media Asturias co di\u00f1eiro que obt\u00e9n polas ganancias.<\/p>\n<div id=\"attachment_9319\" style=\"width: 210px\" class=\"wp-caption aligncenter\"><img loading=\"lazy\" decoding=\"async\" aria-describedby=\"caption-attachment-9319\" class=\"size-medium wp-image-9319\" src=\"https:\/\/recreacionhistoria.com\/wp-content\/uploads\/2021\/09\/Olentzero-200x300.jpg\" alt=\"Olentzero\" width=\"200\" height=\"300\" title=\"\" srcset=\"https:\/\/recreacionhistoria.com\/wp-content\/uploads\/2021\/09\/Olentzero-200x300.jpg 200w, https:\/\/recreacionhistoria.com\/wp-content\/uploads\/2021\/09\/Olentzero.jpg 474w\" sizes=\"(max-width: 200px) 100vw, 200px\" \/><p id=\"caption-attachment-9319\" class=\"wp-caption-text\"><em>Olentzero<\/em><\/p><\/div>\n<p>Pola s\u00faa banda, o personaxe navarro e tam\u00e9n existente no Pa\u00eds Vasco, o <em>Olentzero<\/em>, carboeiro de profesi\u00f3n, gordo, trapalleiro, manchado de carb\u00f3n e de bo comer, dist\u00ednguese por baixar cada Nadal das monta\u00f1as aos pobos coincidindo coas celebraci\u00f3ns do solsticio de inverno.<\/p>\n<p>No Bierzo galego falante exist\u00eda tam\u00e9n o costume do Apalpador. En Terra de Trives (Ourense) recib\u00eda o nome de <em>Pandigueiro<\/em>. Na zona lucense de Monforte de Lemos, a denominaci\u00f3n era de <em>Apalpabarrigas<\/em>.<\/p>\n<p>&nbsp;<\/p>\n<h2><strong><em>Estudo e significado do Apalpador<\/em><\/strong><\/h2>\n<p>O Apalpador constit\u00fae a forma presente dunha antiga divindade pag\u00e1, con funci\u00f3ns protectoras e benefactoras<\/p>\n<p>A figura do Apalpador as\u00f3ciase co respecto pola natureza e o coidado do medio ambiente, servindo como instrumento educativo destes valores entre os m\u00e1is pequenos.<\/p>\n<p>A figura do Apalpador tivo unha \u00e9poca onde, desgraciadamente, quedouse practicamente no esquecemento. Non se co\u00f1ece ben os motivos deste desinterese, pero todo apunta aos peores anos do s\u00e9culo XX, onde as persoas estaban m\u00e1is centradas en sobrevivir que noutra cousa.<\/p>\n<p>Parece ser que o traballo de recuperaci\u00f3n da figura do Apalpador, que unicamente se manti\u00f1a nalgunhas zonas do interior de Galicia, comezou no ano 2006 coa publicaci\u00f3n dun traballo de Jos\u00e9 Andr\u00e9 L\u00f3pez Gonz\u00e1lez na web do <em>\u201cPortal Galego d\u00e1 Lingua\u201d.<\/em> Este investigador, escritor e tradutor recuperou na aldea de Romeor (Folgoso do Courel) e de boca dunha das s\u00faas veci\u00f1as m\u00e1is veteranas unha cantiga tradicional que describe m\u00e1is en detalle en que consist\u00edan as incursi\u00f3ns rituais deste personaxe: unha visita nocturna aos m\u00e1is pequenos da casa, a acci\u00f3n de palpar as barrigas para comprobar se comeran ben ese ano e a entrega de casta\u00f1as a modo de aguinaldo.<\/p>\n<p>A descrici\u00f3n de L\u00f3pez Gonz\u00e1lez do Apalpador como un xigante con boina, con chaqueta remendada e que fuma en pipa serviu tam\u00e9n de base \u00e1 iconograf\u00eda coa que retomou vida hoxe en d\u00eda o personaxe que, ademais, comezou a baixar desde a monta\u00f1a non s\u00f3 \u00e1s aldeas do Courel, sen\u00f3n tam\u00e9n a outros moitos puntos de toda Galicia. Co tempo se foron xeneralizando tam\u00e9n outras cuesti\u00f3ns referidas ao seu aspecto, como \u00e9 o feito de caracterizalo como unha persoa de pelo vermello e barba.<\/p>\n<p>Pouco despois, en Santiago de Compostela iniciouse un intenso labor de recuperaci\u00f3n e normalizaci\u00f3n deste personaxe levada a cabo pola asociaci\u00f3n <em>\u201cA Gentalha do Pichel\u201d.<\/em> A d\u00eda de hoxe, hai numerosos libros publicados acerca da figura do Apalpador e est\u00e1 cada vez m\u00e1is presente na cultura galega actual.<\/p>\n<p><img loading=\"lazy\" decoding=\"async\" class=\"size-medium wp-image-9513 aligncenter\" src=\"https:\/\/recreacionhistoria.com\/wp-content\/uploads\/2021\/12\/IMG_3132-1-300x300.jpg\" alt=\"\" width=\"300\" height=\"300\" title=\"\" srcset=\"https:\/\/recreacionhistoria.com\/wp-content\/uploads\/2021\/12\/IMG_3132-1-300x300.jpg 300w, https:\/\/recreacionhistoria.com\/wp-content\/uploads\/2021\/12\/IMG_3132-1-150x150.jpg 150w, https:\/\/recreacionhistoria.com\/wp-content\/uploads\/2021\/12\/IMG_3132-1.jpg 350w\" sizes=\"(max-width: 300px) 100vw, 300px\" \/><\/p>\n<p>Hai que dicir que a figura do Apalpador foi estudada por eruditos como Pio Baroja, e en Galicia, o etn\u00f3logo Xes\u00fas Taboada Chivite foi un dos primeiros investigadores que aludiu \u00e1 existencia do ritual propiciatorio de palpar a barriga dos nenos no que se deu en chamar <em>&#8220;Noite de Apalpadoiro&#8221;<\/em> .\u00a0 Taboada Chivite l\u00e9mbranos os costumes relacionados co Apalpador na comarca de Ver\u00edn. Neste ritual enmarcar\u00edanse algunhas cantigas e canci\u00f3ns populares relacionadas con este personaxe e que eran cantadas para advertir aos pequenos da chegada inminente do Apalpador e da necesidade de que se fosen \u00e1 cama:<\/p>\n<p style=\"text-align: center;\"><em>Hoxe \u00e9 o dia de Nadal, dia do noso Se\u00f1or ide correndo \u00e1 camita que vir\u00e1 o Apalpador. Hoxe \u00e9 o dia de Nadal vaiche meni\u00f1o \u00e1 camita, que vir\u00e1 o Apalpador a palparche a barriguita.<\/em><\/p>\n<p>&nbsp;<\/p>\n<p>Doutra banda, algunhas das cantigas t\u00edpicas que os pais contaban aos seus fillos para acougar a s\u00faa inquietude e nerviosismo antes a chegada do Apalpador:<\/p>\n<p style=\"text-align: center;\">\u201cVaite logo, meu meni\u00f1o (mi\u00f1a meni\u00f1a)<\/p>\n<p style=\"text-align: center;\">marcha agora para a cami\u00f1a<\/p>\n<p style=\"text-align: center;\">que vai vir O Apalpador<\/p>\n<p style=\"text-align: center;\">a apalparche a barrigui\u00f1a\u201d<\/p>\n<p style=\"text-align: center;\">\u201cXa chegou o d\u00eda grade<\/p>\n<p style=\"text-align: center;\">d\u00eda do Noso Se\u00f1or<\/p>\n<p style=\"text-align: center;\">xa chegou o d\u00eda grande<\/p>\n<p style=\"text-align: center;\">e vir\u00e1 O Apalpador\u201d<\/p>\n<p style=\"text-align: center;\">\u201cMa\u00f1\u00e1 \u00e9 d\u00eda de cachela,,<\/p>\n<p style=\"text-align: center;\">que haber\u00e1 gran nevada<\/p>\n<p style=\"text-align: center;\">e hai vir O Apalpador<\/p>\n<p style=\"text-align: center;\">cunha mega de casta\u00f1as\u201d<\/p>\n<p style=\"text-align: center;\">\u201cPor aquela cemba<\/p>\n<p style=\"text-align: center;\">xa ven relumbrando<\/p>\n<p style=\"text-align: center;\">o se\u00f1or Apalpador<\/p>\n<p style=\"text-align: center;\">para darvos o aguinaldo\u201d<\/p>\n<p>Hai que ter en conta que a lenda do Apalpador ten as s\u00faas orixes nuns tempos de gran pobreza e fame negra, tempos nos que un pu\u00f1ado de casta\u00f1as era un agasallo moito m\u00e1is apreciado do que ser\u00eda nos nosos d\u00edas, e que, este home enorme e peludo chamado Apalpador, s\u00f3 quer\u00eda asegurarse de que os nenos non pasasen fame.<\/p>\n<p>Cabe resaltar que o feito de tratarse dun carboeiro, isto persoas que transforma materias vexetais e un elemento que d\u00e1 luz e calor, como \u00e9 o lume, ademais de fornecer alimentos, as casta\u00f1as, conf\u00edrenlle o perfil dunha figura que pregoa sorte, amparo e abundancia.<\/p>\n<p>No caso do Apalpador, hai unha d\u00e9cada a s\u00faa figura lembr\u00e1base pouco m\u00e1is que nas monta\u00f1as do leste de Lugo. A zona do Caurel e os Ancares, chea de vales illados e de brava beleza, conserva aut\u00e9nticos tesouros etnogr\u00e1ficos pouco co\u00f1ecidos mesmo polo resto de Galicia, como \u00e9 este caso.<\/p>\n<p>A s\u00faa descrici\u00f3n (un home grande, non moi aseado, bondadoso e que vive no monte) o emparenta con outras figuras do Nadal de lugares pr\u00f3ximos. Como, por exemplo, co Olentzero vasco, con quen comparte indumentaria e profesi\u00f3n, pois os dous viven illados e dedicados a facer carb\u00f3n vexetal. Simbolizan ambos o final do ano, a ruptura co tempo vello que vai acabar e o nacemento dunha nova \u00e9poca.<\/p>\n<p>Asociadas \u00e1 chegada do tam\u00e9n chamado Pandigueiro l\u00e9mbranse algunhas canci\u00f3ns coas que os maiores tentaban acougar os nervios dos pequenos na noite da s\u00faa chegada, e que agora se cantan en moitas escolas, con versos como <em>\u201cve ent\u00f3n o meu neni\u00f1o,\u00a0 vaiche agora \u00e1 cami\u00f1a, que vai vir o Apalpador a palparche a barrigui\u00f1a\u201d. <\/em>Froito da recuperaci\u00f3n deste mito popular han xurdido, ademais, numerosos libros infant\u00eds, discos ou obras de teatro nos que se explica quen \u00e9 este xigante e que te\u00f1en especial \u00e9xito en tempo de Nadal, como \u00e9 l\u00f3xico.<\/p>\n<p>Hoxe en d\u00eda o Apalpador tr\u00e1elles a p\u00e9quelos algo m\u00e1is que casta\u00f1as, e \u00e9 a ocasi\u00f3n para que aparezan aos p\u00e9s da cama xoguetes, roupa ou lamobanadas. As\u00ed que xa sabes, se no inicio do novo ano est\u00e1s en Galicia e atopas nos teus cuarto\u00a0 agasallos ou casta\u00f1as, non penses mal dos teus veci\u00f1os: foi o Pandigueiro que veu a visita.<\/p>\n<p>Na actualidade, cada vez son m\u00e1is as cidades e localidades de Galicia que celebran e escenifican na r\u00faa a visita do Apalpador. Caracterizado como un vello barbudo e xigant\u00f3n, vestido con roupa de campo, vella e remendada, fumando en pipa, e cargado cun saco de casta\u00f1as ao ombreiro, o Apalpador \u00e9 recibido con m\u00fasica e canci\u00f3ns, no medio da algarab\u00eda de nenos e maiores.<\/p>\n<p><img loading=\"lazy\" decoding=\"async\" class=\"size-medium wp-image-9321 aligncenter\" src=\"https:\/\/recreacionhistoria.com\/wp-content\/uploads\/2021\/09\/Celebracionapalpador-300x200.jpg\" alt=\"\" width=\"300\" height=\"200\" title=\"\" srcset=\"https:\/\/recreacionhistoria.com\/wp-content\/uploads\/2021\/09\/Celebracionapalpador-300x200.jpg 300w, https:\/\/recreacionhistoria.com\/wp-content\/uploads\/2021\/09\/Celebracionapalpador-1024x683.jpg 1024w, https:\/\/recreacionhistoria.com\/wp-content\/uploads\/2021\/09\/Celebracionapalpador-768x512.jpg 768w, https:\/\/recreacionhistoria.com\/wp-content\/uploads\/2021\/09\/Celebracionapalpador.jpg 1500w\" sizes=\"(max-width: 300px) 100vw, 300px\" \/><\/p>\n<p><strong><em>Lectura recomendada:<\/em><\/strong><\/p>\n<p><iframe style=\"width: 120px; height: 240px;\" src=\"\/\/rcm-eu.amazon-adsystem.com\/e\/cm?lt1=_blank&amp;bc1=000000&amp;IS2=1&amp;bg1=FFFFFF&amp;fc1=000000&amp;lc1=0000FF&amp;t=historia0bc-21&amp;language=es_ES&amp;o=30&amp;p=8&amp;l=as4&amp;m=amazon&amp;f=ifr&amp;ref=as_ss_li_til&amp;asins=8411100723&amp;linkId=7c2d148dcb17addf0f210e9aa8afdb8b\" frameborder=\"0\" marginwidth=\"0\" marginheight=\"0\" scrolling=\"no\"><\/iframe><\/p>\n<p>&nbsp;<\/p>\n<p><strong><em>Referencias:<\/em><\/strong><\/p>\n<p>Mitolox\u00eda de Galicia. Lendas, tradici\u00f3ns, maxias, santos e milagres. De Vaqueiro, V.<\/p>\n<p>O Apalpador, personagem m\u00edtico do Nadal Galego a rescate. De L\u00f3pez Gon\u00e1lez<\/p>\n","protected":false},"excerpt":{"rendered":"<p>Entre os numerosos personaxes que cobran vida entre os seres mitol\u00f3xicos galegos, ao chegar as festas do Nadal, recuperamos a figura do Apalpador, un personaxe m\u00e1xido do Nadal galego. O Apalpador \u00e9 un xigante cuxo oficio \u00e9 o de carboeiro e parece ser que vive no m\u00e1is profundo das zonas de Ou Caurel e Ou&hellip;<\/p>\n","protected":false},"author":2,"featured_media":9312,"comment_status":"open","ping_status":"open","sticky":false,"template":"","format":"standard","meta":{"_monsterinsights_skip_tracking":false,"_monsterinsights_sitenote_active":false,"_monsterinsights_sitenote_note":"","_monsterinsights_sitenote_category":0,"footnotes":""},"categories":[221],"tags":[1762,407,229,444,126,1763,236,1103],"class_list":["post-9326","post","type-post","status-publish","format-standard","has-post-thumbnail","hentry","category-recuncho-da-historia","tag-apalpador-gl","tag-costumbres-gl","tag-costumes","tag-creencias-gl","tag-galicia-gl","tag-mitologias-y-leyedas-gl","tag-mitos-e-lendas","tag-navidad-gl","category-221","description-off"],"_links":{"self":[{"href":"https:\/\/recreacionhistoria.com\/gl\/wp-json\/wp\/v2\/posts\/9326","targetHints":{"allow":["GET"]}}],"collection":[{"href":"https:\/\/recreacionhistoria.com\/gl\/wp-json\/wp\/v2\/posts"}],"about":[{"href":"https:\/\/recreacionhistoria.com\/gl\/wp-json\/wp\/v2\/types\/post"}],"author":[{"embeddable":true,"href":"https:\/\/recreacionhistoria.com\/gl\/wp-json\/wp\/v2\/users\/2"}],"replies":[{"embeddable":true,"href":"https:\/\/recreacionhistoria.com\/gl\/wp-json\/wp\/v2\/comments?post=9326"}],"version-history":[{"count":10,"href":"https:\/\/recreacionhistoria.com\/gl\/wp-json\/wp\/v2\/posts\/9326\/revisions"}],"predecessor-version":[{"id":10755,"href":"https:\/\/recreacionhistoria.com\/gl\/wp-json\/wp\/v2\/posts\/9326\/revisions\/10755"}],"wp:featuredmedia":[{"embeddable":true,"href":"https:\/\/recreacionhistoria.com\/gl\/wp-json\/wp\/v2\/media\/9312"}],"wp:attachment":[{"href":"https:\/\/recreacionhistoria.com\/gl\/wp-json\/wp\/v2\/media?parent=9326"}],"wp:term":[{"taxonomy":"category","embeddable":true,"href":"https:\/\/recreacionhistoria.com\/gl\/wp-json\/wp\/v2\/categories?post=9326"},{"taxonomy":"post_tag","embeddable":true,"href":"https:\/\/recreacionhistoria.com\/gl\/wp-json\/wp\/v2\/tags?post=9326"}],"curies":[{"name":"wp","href":"https:\/\/api.w.org\/{rel}","templated":true}]}}