{"id":8437,"date":"2026-04-08T20:04:56","date_gmt":"2026-04-08T19:04:56","guid":{"rendered":"https:\/\/recreacionhistoria.com\/?p=8437"},"modified":"2026-04-08T20:04:56","modified_gmt":"2026-04-08T19:04:56","slug":"simbolos-da-cultura-celta-orixe-e-significado","status":"publish","type":"post","link":"https:\/\/recreacionhistoria.com\/gl\/simbolos-da-cultura-celta-orixe-e-significado\/","title":{"rendered":"S\u00edmbolos da Cultura Celta. Orixe e significado"},"content":{"rendered":"<p>Co\u00f1\u00e9cese co nome xen\u00e9rico de celtas ao conxunto de pobos asentados en diferentes partes de Europa. As\u00ed, atop\u00e1molos nos actuais territorios de Irlanda, Gran Breta\u00f1a, Francia, B\u00e9lxica, Holanda, Su\u00edza, parte de Alema\u00f1a, parte de Espa\u00f1a e norte de Italia.<\/p>\n<p>Non se trataba dun imperio nin unha comunidade pol\u00edtica definida, sen\u00f3n dun conxunto de pobos aut\u00f3nomos con algunhas caracter\u00edsticas culturas en com\u00fan. Esta cultura estivo presente entre os s\u00e9culos VIII e I a.C.<\/p>\n<p>O pobo celta desconcerta os antrop\u00f3logos\u00a0 e historiadores, xa que a cultura celta chega\u00a0 sen apenas\u00a0 escrituras, (apenas a\u00a0 limitada escritura Ogham duns poucos s\u00edmbolos)\u00a0 pero cuxa historia e literatura conserv\u00e1base\u00a0 por tradici\u00f3n oral. Os celtas impresionaron\u00a0 aos gregos e os romanos coa s\u00faa vestimenta e aspecto valente.<\/p>\n<p>&nbsp;<\/p>\n<p><strong><em>A s\u00faa historia<\/em><\/strong> co\u00f1\u00e9cese a partir dos escritores romanos, as\u00ed se sabe que, no s\u00e9culo IV a.C., colonos e guerreiros celtas procedentes do norte dos Alpes atacaron Italia e os Balc\u00e1ns. Os celtas saquearon Roma no ano 390 a.C. No s\u00e9culo III a.C. pod\u00edanse atopar celtas tan ao leste como os Balc\u00e1ns e Anatolia.<\/p>\n<p>Os romanos apoder\u00e1ronse gradualmente das terras celtas de Italia, Hispania (a actual pen\u00ednsula Ib\u00e9rica) e Anatolia. Xullo C\u00e9sar comezou a conquistar a Galia (a actual Francia) no ano 50 a.C. e a finais do s\u00e9culo I d.C., os romanos conquistaran gran parte de Inglaterra e Gales; ademais, toda a Europa central ao sur do Rin e o Danubio estaba nas s\u00faas mans. Os celtas que viv\u00edan f\u00f3ra desas rexi\u00f3ns foran derrotados polas tribos xerm\u00e1nicas do norte e os dacios, ao leste.<\/p>\n<p>No s\u00e9culo V d.C. todos os restos dos celtas desapareceran de Gran Breta\u00f1a e a Galia, cando as invasi\u00f3ns xermanas seguiron ao colapso do Imperio romano. Na actualidade, as linguas celtas sobreviven exclusivamente nos extremos occidentais de Europa: Escocia, Irlanda, Gales, Breta\u00f1a (Francia) e Galicia (Espa\u00f1a).<\/p>\n<p>&nbsp;<\/p>\n<p><strong><em>Na cultura celta apr\u00e9cianse dous grandes per\u00edodos<\/em><\/strong>: o de Hallstatt, que se estendeu entre os anos 800 e 500 a.C., e o da T\u00e8ne, que durou entre 500 a.C. e 50 d.C.<\/p>\n<ul>\n<li><strong><em>A cultura Hallstatt<\/em><\/strong> recibe o seu nome do cemiterio de Hallstatt, en Austria, Europa central. Polo que sabemos, eran xentes que traballaban o ferro con habilidade e bos xinetes. Establecese unha industria de explotaci\u00f3n das minas de sal e un imperio comercial. Unha rica \u00e9lite de xefes viv\u00eda en asentamentos fortificados na cima de outeiros e era enterrada con moitas das s\u00faas posesi\u00f3ns: armas, xoias, carros e outros bens de luxo.<\/li>\n<li><strong><em>A cultura da T\u00e8ne<\/em><\/strong>, que a seguiu, chamada as\u00ed por un poboado xunto a un lago en Su\u00edza, ti\u00f1a centros de poder na zona ao norte da rexi\u00f3n de Hallstatt. A rexi\u00f3n da T\u00e8ne tam\u00e9n foi onde se orixinou ese estilo art\u00edstico que se co\u00f1ece como celta.<\/li>\n<\/ul>\n<p>Estes pobos deron importancia e atribuci\u00f3ns m\u00e1xicas \u00e1s pedras de gran tama\u00f1o que hoxe co\u00f1ecemos como d\u00f3lmenes e menhires.<\/p>\n<p>Como diciamos antes, a civilizaci\u00f3n da T\u00e8ne, do s\u00e9culo V a.C., ten fama polo estilo das s\u00faas artes decorativas, que se chegaron a co\u00f1ecer como arte celta. Especializados e moi h\u00e1biles, os seus artes\u00e1ns fabricaban artigos como colares, espellos, escudos, amuletos, hebillas, brazaletes, pendentes e mangos de espada en ouro e bronce. Influ\u00eddos tanto pola arte mediterr\u00e1nea como pola arte do leste de Europa, desenvolveron un estilo distinguido por li\u00f1as curvadas e sinuosas, figuras xeom\u00e9tricas abstractas e motivos naturais que constit\u00faen a base dunha decoraci\u00f3n que transcendeu at\u00e9 hoxe. Alg\u00fans animais e motivos utilizados na arte celta posu\u00edan significado relixioso. Por exemplo, p\u00e9nsase que os verracos e corvos, visibles a mi\u00fado en armas e armaduras, representaban a deuses da guerra en forma de animal. No entanto, gran parte do significado oculto da arte celta perdeus<\/p>\n<p>&nbsp;<\/p>\n<p><strong><em>A caracter\u00edstica m\u00e1is relevante do pobo celta, \u00e9 que en case todas as mostras de ourivar\u00eda e ferramentas atopadas nos xacementos estudados da s\u00faa \u00e9poca, at\u00f3panse unha variedade de s\u00edmbolos gravados nelas.<\/em><\/strong> En primeiro lugar hai que dicir que se caracterizaban por conter figuras con curvas e espirais, s\u00edmbolos abstractos e figuras xeom\u00e9tricas. A arte celta non se distingu\u00eda por deixar constancia de representaci\u00f3ns art\u00edsticas con figuras humanas.<\/p>\n<p>Todas as culturas contan con s\u00edmbolos que representan a s\u00faa orixe e destino, as\u00ed como os seus valores e crenzas para a s\u00faa transformaci\u00f3n.<\/p>\n<p>Esta serie de s\u00edmbolos constit\u00faen a s\u00faa xeometr\u00eda sacra. Te\u00f1en como calidades, neutralizar a escuridade e xerar enerx\u00eda que promova o ambiente propicio para librar a batalla e purificar a alma.<\/p>\n<p>Os celtas, protagonistas da era do manexo dos metais, achegaron ao mundo os m\u00e1is belos dese\u00f1os feitos a base de espirais, que representan a esencia da vida, e decoraron con estas formas: pedras sacras, escudos, espadas, xoiar\u00eda e utensilios dom\u00e9sticos, as\u00ed como os seus corpos.<\/p>\n<p>Estes dese\u00f1os foron repetidos por grandes artistas en \u00e9pocas posteriores, cativados pola elegancia das s\u00faas formas e a maxia que emiten, ao evocar noso vinculo inquebrantable con todas as forzas da natureza.<\/p>\n<p>En canto aos s\u00edmbolos que utilizaban nas pezas que produc\u00edan, hai que relacionar devanditos s\u00edmbolos coa mitolox\u00eda desenvolvida polos devanditos pobos durante a idade do Hierro. A s\u00faa mitolox\u00eda abarcaba moitos deuses e deusas que dominaban distintas \u00e1reas das s\u00faas vidas, Deuses importantes eran Lugh, Dana, Dagda, Morrian, Maranman, Brigit, Cerunos, Arwen, Belenos, Boan, Cerridwen, Dagon, Taranis, Teutates, Arwen\u2026<\/p>\n<p>Para os celtas, todo \u00e9 milagroso, todo \u00e9 un prodixio e susceptible de provir ou de sufrir encantamentos.\u00a0 Os celtas ven maxia nos bosques, as flores, o ceo e os astros, ou as pedras e os s\u00edmbolos.<\/p>\n<p>Os s\u00edmbolos utilizados polo pobo celta ser\u00edan unha expresi\u00f3n de todo o relacionado coa natureza humana. E o seu significado ancestral deixounos moitas posibles interpretaci\u00f3ns do Universo. Formando parte importante da vida destas antigas sociedades tribais europeas, os s\u00edmbolos celtas foron gravados en innumerables artefactos, como armas, xoias, e inclusive tatuados nos seus corpos. Pero en todo caso,\u2026 ti\u00f1an un significado sacro.<\/p>\n<p>Xeralmente, os s\u00edmbolos celtas eran usados polos dru\u00eddas nos rituais, en base \u00e1 crenza das s\u00faas calidades para neutralizar as forzas escuras e promover as enerx\u00edas para purificar a alma, ademais, eran empregados polos guerreiros como amuletos para conseguir protecci\u00f3n nas batallas ou vencer inimigos. Aplic\u00e1banse sobre diferentes materiais: madeira, pedra, bronce,\u2026<\/p>\n<p>A arte c\u00e9ltica legounos unha herdanza rica en obras sut\u00eds e variadas, infestada de complexos s\u00edmbolos dif\u00edciles de interpretar, porque non temos a clave, sendo a cultura celta de transmisi\u00f3n oral. Ao encerralos en tecidos e adornos estampados, os guerreiros mostraron a s\u00faa cosmovisi\u00f3n, crenzas e tradici\u00f3ns.<\/p>\n<p><strong><em>\u00a0<\/em><\/strong><\/p>\n<p><strong><em>Os principais s\u00edmbolos celtas son:<\/em><\/strong><\/p>\n<ul>\n<li><strong><em>\u00a0<\/em><\/strong><strong><em><u>Ailm<\/u><\/em><\/strong><\/li>\n<\/ul>\n<p>Este s\u00edmbolo est\u00e1 representado pola letra <em>Ailm<\/em>, pertencente ao alfabeto <em>Ogam<\/em> da lingua irlandesa, que corresponde ao son <em>\u201ca\u201d<\/em> e repres\u00e9ntase\u00a0 cunha cruz (+).<\/p>\n<p>Seguindo co que sinala a tradici\u00f3n celta, o s\u00edmbolo est\u00e1 relacionado coas con\u00edferas, plantas cuxas ramas te\u00f1en unha forma c\u00f3nica. Estas con\u00edferas son \u00e1rbores de folla perenne que resisten as peores condici\u00f3ns meteorol\u00f3xicas. Por tal motivo, interpret\u00f3uselle a Ailm como s\u00edmbolo de forza, resistencia e lonxevidade.<\/p>\n<div id=\"attachment_8389\" style=\"width: 160px\" class=\"wp-caption aligncenter\"><img decoding=\"async\" aria-describedby=\"caption-attachment-8389\" class=\"wp-image-8389 size-thumbnail\" src=\"https:\/\/recreacionhistoria.com\/wp-content\/uploads\/2021\/05\/Ailm-150x150.jpg\" alt=\"Ailm\" width=\"150\" height=\"150\" title=\"\" srcset=\"https:\/\/recreacionhistoria.com\/wp-content\/uploads\/2021\/05\/Ailm-150x150.jpg 150w, https:\/\/recreacionhistoria.com\/wp-content\/uploads\/2021\/05\/Ailm-300x300.jpg 300w\" sizes=\"(max-width: 150px) 100vw, 150px\" \/><p id=\"caption-attachment-8389\" class=\"wp-caption-text\"><em>Ailm<\/em><\/p><\/div>\n<ul>\n<li><strong><em>\u00a0<\/em><\/strong><strong><em><u>Anel de Claddagh<\/u><\/em><\/strong><\/li>\n<\/ul>\n<p>Considerado como un s\u00edmbolo do amor. O seu dese\u00f1o constr\u00faese a partir de d\u00faas mans e un coraz\u00f3n, cuberto por unha coroa. Este tres elementos ser\u00edan a representaci\u00f3n da amizade, o amor e a lealdade, respectivamente.<\/p>\n<p>Conta a lenda que Richard Joyce foi o seu creador e foi secuestrado na costa de Galway, unha semana antes de que se fose a casar. Moitos anos despois, Richard puido escaparse do seu cativerio e regresar a casa para atopar que a moza que amaba non se casou. Richard creou este anel \u00fanico.<\/p>\n<div id=\"attachment_8391\" style=\"width: 130px\" class=\"wp-caption aligncenter\"><img decoding=\"async\" aria-describedby=\"caption-attachment-8391\" class=\"wp-image-8391 size-full\" src=\"https:\/\/recreacionhistoria.com\/wp-content\/uploads\/2021\/05\/Anillo_de_Claddagh.jpg\" alt=\"Anillo de Claddagh\" width=\"120\" height=\"104\" title=\"\"><p id=\"caption-attachment-8391\" class=\"wp-caption-text\"><em>Anel de Claddagh<\/em><\/p><\/div>\n<p><strong><em>\u00a0<\/em><\/strong><\/p>\n<ul>\n<li><strong><em><u>\u00c1rbol da vida<\/u><\/em><\/strong><\/li>\n<\/ul>\n<p>Tam\u00e9n co\u00f1ecido como Crann Bethadh.<\/p>\n<p>A \u00e1rbore \u00e9 un s\u00edmbolo recorrente en civilizaci\u00f3ns e culturas ancestrais.<\/p>\n<p>Tense co\u00f1ecemento dun antigo costume celta: cando unha tribo elex\u00eda un terreo para asentar unha nova aldea, deb\u00edano facer ao redor dunha gran \u00e1rbore, por ser o elemento sacro da Natureza que lles deparar\u00eda protecci\u00f3n e sabedor\u00eda para sacar adiante a vida da devandita aldea.<\/p>\n<p>Poder\u00eda encarnar a uni\u00f3n entre ceo e terra, entre vivos e mortos, a relaci\u00f3n entre o m\u00edstico por unha banda e o terreal por outro. Tam\u00e9n significaba a reencarnaci\u00f3n. Para eles a \u00e1rbore era representaci\u00f3n dos deuses e constitu\u00eda a forza e a sabedor\u00eda; as\u00ed a mitolox\u00eda celta exp\u00f3n que as \u00e1rbores eran os antepasados dos homes. Para os pobos celtas as \u00e1rbores eran a fonte da vida xa que daban os seus froitos para alimentarse e eran tam\u00e9n provedores de refuxio. As ra\u00edces da \u00e1rbore e o seu significado ref\u00edrense \u00e1 comunicaci\u00f3n espiritual, o tronco representa \u00e1 natureza como fonte da enerx\u00eda e a s\u00faa forza, as follas asoci\u00e1banse como a ruta cara aos deuses e a plenitude espiritual. Eran, por tanto, a ponte entre o mundo da terra, o m\u00e1is al\u00f3 e o mundo onde viven os deuses.<\/p>\n<p>Ademais, parece ser que entre as crenzas do pobo celta, exist\u00eda a convicci\u00f3n de que un dru\u00edda, tras o seu falecemento, se reencarnar\u00eda nunha \u00e1rbore, para seguir servindo ao seu pobo.<\/p>\n<div id=\"attachment_8393\" style=\"width: 187px\" class=\"wp-caption aligncenter\"><img decoding=\"async\" aria-describedby=\"caption-attachment-8393\" class=\"wp-image-8393 size-full\" src=\"https:\/\/recreacionhistoria.com\/wp-content\/uploads\/2021\/05\/Arbol_de_la_vida.jpg\" alt=\"\u00c1rbol de la vida\" width=\"177\" height=\"180\" title=\"\"><p id=\"caption-attachment-8393\" class=\"wp-caption-text\"><em>\u00c1rbol de la vida<\/em><\/p><\/div>\n<p>&nbsp;<\/p>\n<ul>\n<li><strong><em><u>Arpa irlandesa<\/u><\/em><\/strong><\/li>\n<\/ul>\n<p>A arpa irlandesa, tam\u00e9n co\u00f1ecida como arpa ga\u00e9lica, arpa celta ou Clarsach, \u00e9 un s\u00edmbolo tradicional menos co\u00f1ecido de Irlanda. Os nativos celtas te\u00f1en a crenza de que a arpa tende a representar a monarqu\u00eda e a eternidade da alma. Na antig\u00fcidade, os bardos e os m\u00fasicos adoitaban tocar a arpa para os seus xefes e a tradici\u00f3n continuaba para os reis posteriores.<\/p>\n<div id=\"attachment_8395\" style=\"width: 191px\" class=\"wp-caption aligncenter\"><img loading=\"lazy\" decoding=\"async\" aria-describedby=\"caption-attachment-8395\" class=\"wp-image-8395 size-full\" src=\"https:\/\/recreacionhistoria.com\/wp-content\/uploads\/2021\/05\/Arpa_irlandesa.jpg\" alt=\"Arpa irlandesa\" width=\"181\" height=\"180\" title=\"\" srcset=\"https:\/\/recreacionhistoria.com\/wp-content\/uploads\/2021\/05\/Arpa_irlandesa.jpg 181w, https:\/\/recreacionhistoria.com\/wp-content\/uploads\/2021\/05\/Arpa_irlandesa-150x150.jpg 150w\" sizes=\"(max-width: 181px) 100vw, 181px\" \/><p id=\"caption-attachment-8395\" class=\"wp-caption-text\"><em>Arpa irlandesa<\/em><\/p><\/div>\n<p>&nbsp;<\/p>\n<ul>\n<li><strong><em><u>Awen<\/u><\/em><\/strong><\/li>\n<\/ul>\n<p>Awen \u00e9 unha palabra que procede do ga\u00e9lico, e que significa <em>\u201cinspiraci\u00f3n\u201d. <\/em><\/p>\n<p>Pero Awen tam\u00e9n pode vir da uni\u00f3n de dous voc\u00e1bulos, <em>\u201cAw\u201d<\/em>, que se traduce como <em>\u201cflu\u00eddo\u201d<\/em> e <em>\u201cEn\u201d<\/em>, palabra \u00e1 que se lle d\u00e1 o sentido de <em>\u201cesencia, esp\u00edrito\u201d<\/em>, polo que o significado final \u00e9 o de Esp\u00edrito Flu\u00eddo.<\/p>\n<p>Dise que este non \u00e9 un s\u00edmbolo propiamente orixinario da cultura celta, sen\u00f3n que prov\u00e9n do neodruidismo, correspondente a unha nova relixi\u00f3n que se sustenta das divindades c\u00e9lticas. Os seguidores do neodruidismo representan este s\u00edmbolo mediante tres li\u00f1as rectas, coroadas con tres puntos, dentro dun c\u00edrculo. Hai diversas interpretaci\u00f3ns dadas a este s\u00edmbolo pero case todas est\u00e1n relacionadas coa terra, o aire e o mar ou o corpo, a mente e o esp\u00edrito.<\/p>\n<p>O s\u00edmbolo celta do Awen permitir\u00eda estar en plena harmon\u00eda co Cosmos. Popularmente, tam\u00e9n se lle atrib\u00fae tam\u00e9n outro significado de relaci\u00f3n de amor e amizade.<\/p>\n<p>&nbsp;<\/p>\n<div id=\"attachment_8397\" style=\"width: 210px\" class=\"wp-caption aligncenter\"><img loading=\"lazy\" decoding=\"async\" aria-describedby=\"caption-attachment-8397\" class=\"wp-image-8397 size-full\" src=\"https:\/\/recreacionhistoria.com\/wp-content\/uploads\/2021\/05\/Awen.png\" alt=\"Awen\" width=\"200\" height=\"200\" title=\"\" srcset=\"https:\/\/recreacionhistoria.com\/wp-content\/uploads\/2021\/05\/Awen.png 200w, https:\/\/recreacionhistoria.com\/wp-content\/uploads\/2021\/05\/Awen-150x150.png 150w\" sizes=\"(max-width: 200px) 100vw, 200px\" \/><p id=\"caption-attachment-8397\" class=\"wp-caption-text\"><em>Awen<\/em><\/p><\/div>\n<ul>\n<li><strong><em><u>Cruz celta<\/u><\/em><\/strong><\/li>\n<\/ul>\n<p>\u00c9 un dos s\u00edmbolos celtas cun significado relixioso m\u00e1is importante.<\/p>\n<p>A cruz celta \u00e9 un s\u00edmbolo que garda unha relaci\u00f3n moi estreita coa cruz solar e pos\u00fae un valor relixioso e cultural moi importante. Nas sociedades celtas de m\u00e1is antig\u00fcidade, os c\u00edrculos us\u00e1banse como representaci\u00f3n da l\u00faa, pola contra, a cruz representaba o sol, o que permite pensar que a cruz celta ref\u00edrase ao sol pag\u00e1n como s\u00edmbolo feminino e \u00e1 l\u00faa como s\u00edmbolo feminino.<\/p>\n<p>Simboliza o catro puntos cardinais e os deuses que os moraban. Tam\u00e9n o catro estaciones do ano. P\u00e9nsase tam\u00e9n que son os elementos terra, aire, auga e lume unidos pola enerx\u00eda (o c\u00edrculo).<\/p>\n<p>Hai interpretaci\u00f3ns que nos indican que as li\u00f1as rectas simbolizan \u00e1 masculinidade e o c\u00edrculo \u00e1 feminidade. A\u00ednda que estas interpretaci\u00f3ns talvez haber\u00eda que atribu\u00edlas a un grafismo similar existente no hinduismo e que fai referencia \u00e1 uni\u00f3n entre os dous sexos.<\/p>\n<p>Alg\u00fans historiadores relacionan a cruz celta co catro principais celebraci\u00f3ns festivas do pobo celta:<\/p>\n<ul>\n<li><em>Samhain<\/em> (serv\u00eda como celebraci\u00f3n do final da tempada de colleitas na cultura celta e era considerada como o Ano Novo Celta; tam\u00e9n era a festividade para honrar aos mortos; cel\u00e9brase na noite do 31 de outubro ao 1 de novembro, a \u00faltima noite do ano Dru\u00eddico),<\/li>\n<li><em>Beltayne<\/em> (festa e homenaxe ao Deus Belenus e demais deuses familiares por protexer o lume do fogar. Marca o momento de levalos raba\u00f1os aos pastos e a metade do ano celta; cel\u00e9brase o 1 de maio),<\/li>\n<li><em>Ymbolc<\/em> (festival relixioso, celebraci\u00f3n do final do inverno e a inminente luz a metade do ano; \u00e9 a festividade da purificaci\u00f3n e recollemento invernal en espera da primavera. Festa consagrada a Brigid; cel\u00e9brase o 1 de febreiro), e<\/li>\n<li><em>Lughnasadh <\/em>(festa de celebraci\u00f3n das primeiras colleitas e agradecemento \u00e1 terra pola s\u00faa xenerosidade. Consagrada ao deus Lugh; cel\u00e9brase o 1 de agosto), O seu uso estendeuse especialmente nas terras evanxelizadas polos misioneiros irlandeses entre os s\u00e9culos IX e XII a.C.<\/li>\n<\/ul>\n<div id=\"attachment_8399\" style=\"width: 156px\" class=\"wp-caption aligncenter\"><img loading=\"lazy\" decoding=\"async\" aria-describedby=\"caption-attachment-8399\" class=\"wp-image-8399 size-full\" src=\"https:\/\/recreacionhistoria.com\/wp-content\/uploads\/2021\/05\/Cruz_celta.jpg\" alt=\"Cruz celta\" width=\"146\" height=\"206\" title=\"\"><p id=\"caption-attachment-8399\" class=\"wp-caption-text\"><em>Cruz celta<\/em><\/p><\/div>\n<ul>\n<li><strong><em><u>Cruz solar<\/u><\/em><\/strong><\/li>\n<\/ul>\n<p>Tam\u00e9n co\u00f1ecida como cruz de Od\u00edn.<\/p>\n<p>Est\u00e1 considerado como o s\u00edmbolo relixioso m\u00e1is antigo co\u00f1ecido. Tr\u00e1tase dun s\u00edmbolo que se localizou asociado a outras civilizaci\u00f3ns ao longo da historia, desde o Neol\u00edtico at\u00e9 a Idade de Bronce.<\/p>\n<p>Formada por unha cruz de brazos iguais dentro dun c\u00edrculo, representa o calendario solar, os solsticios e equinoccios, e o catro estaciones do ano.<\/p>\n<p>Relaci\u00f3nase, por tanto, co Sol, e de a\u00ed o seu nome.<\/p>\n<p>Para os celtas simbolizar\u00eda o progreso, os cambios e a evoluci\u00f3n. Unha maneira da <em>\u201croda da vida\u201d.<\/em><\/p>\n<div id=\"attachment_8401\" style=\"width: 191px\" class=\"wp-caption aligncenter\"><img loading=\"lazy\" decoding=\"async\" aria-describedby=\"caption-attachment-8401\" class=\"wp-image-8401 size-full\" src=\"https:\/\/recreacionhistoria.com\/wp-content\/uploads\/2021\/05\/Cruz_solar.jpg\" alt=\"Cruz solar\" width=\"181\" height=\"192\" title=\"\"><p id=\"caption-attachment-8401\" class=\"wp-caption-text\"><em>Cruz solar<\/em><\/p><\/div>\n<ul>\n<li><strong><em><u>Elven, heptagrama ou estrela das fadas<\/u><\/em><\/strong><\/li>\n<\/ul>\n<p>Podemos atopar diferentes significados neste s\u00edmbolo estrelado de sete puntas.<\/p>\n<p>Para a c\u00e1bala occidental representa o sete planetas: a L\u00faa, Marte, Mercurio, X\u00fapiter, Venus, Saturno e o Sol; o sete metais da alquimia: o ouro representado como o Sol, a prata como a L\u00faa, o cobre como Venus, o ferro como Marte, o esta\u00f1o como J\u00fapiter, o mercurio como Mercurio, o chumbo como Saturno. Tam\u00e9n o sete d\u00edas da semana: Luns, Martes, M\u00e9rcores, Xoves, Venres, S\u00e1bado, Domingo.<\/p>\n<div id=\"attachment_8403\" style=\"width: 237px\" class=\"wp-caption aligncenter\"><img loading=\"lazy\" decoding=\"async\" aria-describedby=\"caption-attachment-8403\" class=\"wp-image-8403 size-full\" src=\"https:\/\/recreacionhistoria.com\/wp-content\/uploads\/2021\/05\/Elven.jpg\" alt=\"Elven\" width=\"227\" height=\"213\" title=\"\"><p id=\"caption-attachment-8403\" class=\"wp-caption-text\"><em>Elven<\/em><\/p><\/div>\n<ul>\n<li><strong><em><u>Espiral celta<\/u><\/em><\/strong><\/li>\n<\/ul>\n<p>A pesar de que \u00e9 normalmente asociado \u00e1 cultura celta, a espiral foi unha forma que se pode atopar na historia e en todas partes do mundo. Ach\u00e1ronse gravaci\u00f3ns en pedra inclu\u00edndo espirais en cada un dos continentes, e a pesar de que se pensa que cada relixi\u00f3n ou cultura atribu\u00edalle un significado diferente, a maior parte das veces simbolizaba \u00e1s ideas que ti\u00f1an que ver co esp\u00edrito e a sabedor\u00eda.<\/p>\n<p>Existen moitas interpretaci\u00f3ns para o s\u00edmbolo da espiral, por exemplo: o ciclo da vida: nacemento, crecemento e morte. Outras interpretaci\u00f3ns relaci\u00f3nana co co\u00f1ecemento. Representar\u00eda o crecemento e a evoluci\u00f3n; a eternidade e a continuidade.<\/p>\n<div id=\"attachment_8405\" style=\"width: 160px\" class=\"wp-caption aligncenter\"><img loading=\"lazy\" decoding=\"async\" aria-describedby=\"caption-attachment-8405\" class=\"wp-image-8405 size-thumbnail\" src=\"https:\/\/recreacionhistoria.com\/wp-content\/uploads\/2021\/05\/Espiral_celta-150x150.jpg\" alt=\"Espiral celta\" width=\"150\" height=\"150\" title=\"\" srcset=\"https:\/\/recreacionhistoria.com\/wp-content\/uploads\/2021\/05\/Espiral_celta-150x150.jpg 150w, https:\/\/recreacionhistoria.com\/wp-content\/uploads\/2021\/05\/Espiral_celta-300x300.jpg 300w\" sizes=\"(max-width: 150px) 100vw, 150px\" \/><p id=\"caption-attachment-8405\" class=\"wp-caption-text\"><em>Espiral celta<\/em><\/p><\/div>\n<p>Para alg\u00fans estudiosos a espiral celta era un s\u00edmbolo do Sol, e con iso o crecemento, a expansi\u00f3n e o ciclo da vida sen fin, a vida eterna. Pero a tendencia m\u00e1is xeneralizada \u00e9 a crenza de que simbolizaba a reencarnaci\u00f3n e a inmortalidade do esp\u00edrito, pois pensaban que era un s\u00edmbolo infinito, sen principio nin fin.<\/p>\n<p>Poder\u00eda considerarse tam\u00e9n un s\u00edmbolo enerx\u00e9tico, representando a enerx\u00eda.<\/p>\n<p>Existen d\u00faas maneiras de representala: se vai cara \u00e1 dereita simbolizar\u00eda o Sol de inverno, que se encolle; e se vai cara \u00e1 esquerda simbolizar\u00eda o Sol crecente de ver\u00e1n.<\/p>\n<p>No caso da espiral dobre, vir\u00eda simbolizar a dualidade das cousas, o equilibrio e o co\u00f1ecemento. Ser\u00eda por tanto un s\u00edmbolo equivalente ao do Ying e o Yang que atopamos na cultura oriental.<\/p>\n<div id=\"attachment_8407\" style=\"width: 310px\" class=\"wp-caption aligncenter\"><img loading=\"lazy\" decoding=\"async\" aria-describedby=\"caption-attachment-8407\" class=\"wp-image-8407 size-medium\" src=\"https:\/\/recreacionhistoria.com\/wp-content\/uploads\/2021\/05\/Espiral_doble-300x157.jpg\" alt=\"Espiral doble\" width=\"300\" height=\"157\" title=\"\" srcset=\"https:\/\/recreacionhistoria.com\/wp-content\/uploads\/2021\/05\/Espiral_doble-300x157.jpg 300w, https:\/\/recreacionhistoria.com\/wp-content\/uploads\/2021\/05\/Espiral_doble.jpg 341w\" sizes=\"(max-width: 300px) 100vw, 300px\" \/><p id=\"caption-attachment-8407\" class=\"wp-caption-text\"><em>Espiral doble<\/em><\/p><\/div>\n<ul>\n<li><strong><em><u>Laberinto celta<\/u><\/em><\/strong><\/li>\n<\/ul>\n<p>Era un elemento moi utilizado nos rituais. P\u00f3dese atopar en numerosos gravados en pedra, como o de Newgrange, en Irlanda, pero tam\u00e9n noutros \u00e1mbitos como as tumbas.<\/p>\n<p>O simbolismo do labirinto celta hai que entendelo de novo como unha volta ao asunto da aprendizaxe e a sabedor\u00eda. Desta maneira, o labirinto ser\u00eda unha met\u00e1fora da vida.<\/p>\n<div id=\"attachment_8409\" style=\"width: 310px\" class=\"wp-caption aligncenter\"><img loading=\"lazy\" decoding=\"async\" aria-describedby=\"caption-attachment-8409\" class=\"wp-image-8409 size-full\" src=\"https:\/\/recreacionhistoria.com\/wp-content\/uploads\/2021\/05\/Laberinto_celta.jpg\" alt=\"Laberinto celta\" width=\"300\" height=\"200\" title=\"\"><p id=\"caption-attachment-8409\" class=\"wp-caption-text\"><em>Laberinto celta<\/em><\/p><\/div>\n<ul>\n<li><strong><em><u>N\u00f3 celta<\/u><\/em><\/strong><\/li>\n<\/ul>\n<p>Repres\u00e9ntanse en forma de trenzado. \u00c9 dicir, o s\u00edmbolo mostra como os distintos fragmentos da cinta entrel\u00e1zanse pasando \u00e1s veces por arriba \u00e1s veces por baixo. Os n\u00f3s celtas non te\u00f1en fin.<\/p>\n<p>Existe unha gran variedade de n\u00f3s celtas e nalg\u00fans casos, atopamos n\u00f3s celtas en forma de triqueta, trisquel ou en forma de animais, o que permite relacionalos co car\u00e1cter de animais concretos.<\/p>\n<p>Tam\u00e9n aparecen a mi\u00fado n\u00f3s celtas en forma circular. Isto permite relacionalos con conceptos como a unidade. Ademais, o car\u00e1cter infinito destes n\u00f3s serviu tam\u00e9n en tempos modernos para relacionalos coa eternidade.<\/p>\n<div id=\"attachment_8411\" style=\"width: 293px\" class=\"wp-caption aligncenter\"><img loading=\"lazy\" decoding=\"async\" aria-describedby=\"caption-attachment-8411\" class=\"wp-image-8411 size-full\" src=\"https:\/\/recreacionhistoria.com\/wp-content\/uploads\/2021\/05\/Nudo_celta.jpg\" alt=\"Nudo celta\" width=\"283\" height=\"180\" title=\"\"><p id=\"caption-attachment-8411\" class=\"wp-caption-text\"><em>N\u00f3 celta<\/em><\/p><\/div>\n<div id=\"attachment_8413\" style=\"width: 192px\" class=\"wp-caption aligncenter\"><img loading=\"lazy\" decoding=\"async\" aria-describedby=\"caption-attachment-8413\" class=\"wp-image-8413 size-full\" src=\"https:\/\/recreacionhistoria.com\/wp-content\/uploads\/2021\/05\/Nudo_celta_2.jpg\" alt=\"Otro tipo Nudo celta\" width=\"182\" height=\"180\" title=\"\"><p id=\"caption-attachment-8413\" class=\"wp-caption-text\"><em>Outro tipo N\u00f3 celta<\/em><\/p><\/div>\n<ul>\n<li><strong><em><u>N\u00f3 cuaternario, N\u00f3 escudo ou N\u00f3 perenne<\/u><\/em><\/strong><\/li>\n<\/ul>\n<p>Co\u00f1ecido tam\u00e9n como n\u00f3 escudo, \u00e9 un dos n\u00f3s celtas m\u00e1is co\u00f1ecidos. Xeralmente ten forma circular e est\u00e1 dividido en catro secci\u00f3ns.<\/p>\n<p>Tr\u00e1tase dun s\u00edmbolo que por medio do seu dese\u00f1o, sen principio nin fin, transmite o concepto dos cami\u00f1os c\u00edclicos<\/p>\n<p>Unha posible interpretaci\u00f3n deste s\u00edmbolo di que \u00e9 un s\u00edmbolo de protecci\u00f3n contra os malos esp\u00edritos, ou poida que o catro secci\u00f3ns representen o catro elementos principais do universo: terra, aire, auga e lume. Ou tam\u00e9n os puntos cardinais (norte, sur, leste e oeste) ou as catro estaciones do ano.<\/p>\n<p>Ad\u00f3itaselle reco\u00f1ecer como <strong><em>N\u00f3 perenne<\/em><\/strong> cando se lle relaciona como s\u00edmbolo do amor: o\u00a0 n\u00f3 que nunca se desfai e simboliza a uni\u00f3n eterna dos namorados, m\u00e1is al\u00f3 do tempo e o espazo. Atrib\u00faeselle tam\u00e9n o don da eternidade, a vida infinita a trav\u00e9s da reencarnaci\u00f3n.<\/p>\n<p>Ademais, o dese\u00f1o do n\u00f3 perenne non se pode desfacer dado as s\u00faas formas entrelazadas, simbolizando as\u00ed a fusi\u00f3n entre d\u00faas persoas e a uni\u00f3n das s\u00faas vidas e as s\u00faas almas. \u00c9 por tanto un dos importantes s\u00edmbolos celtas familiares de uni\u00f3n no amor.<\/p>\n<div id=\"attachment_8415\" style=\"width: 160px\" class=\"wp-caption aligncenter\"><img loading=\"lazy\" decoding=\"async\" aria-describedby=\"caption-attachment-8415\" class=\"wp-image-8415 size-thumbnail\" src=\"https:\/\/recreacionhistoria.com\/wp-content\/uploads\/2021\/05\/Nudo_cuaternario-150x150.gif\" alt=\"Nudo cuaternario\" width=\"150\" height=\"150\" title=\"\" srcset=\"https:\/\/recreacionhistoria.com\/wp-content\/uploads\/2021\/05\/Nudo_cuaternario-150x150.gif 150w, https:\/\/recreacionhistoria.com\/wp-content\/uploads\/2021\/05\/Nudo_cuaternario-300x300.gif 300w\" sizes=\"(max-width: 150px) 100vw, 150px\" \/><p id=\"caption-attachment-8415\" class=\"wp-caption-text\"><em>N\u00f3 cuaternario<\/em><\/p><\/div>\n<ul>\n<li><strong><em><u>Pentagrama ou pent\u00e1culo<\/u><\/em><\/strong><\/li>\n<\/ul>\n<p>O seu nome prov\u00e9n do <em>\u201cpentalfa de Pit\u00e1goras\u201d, <\/em>xa que el utiliz\u00e1bao como representaci\u00f3n da sa\u00fade, e foi a forma que os seus seguidores elixiron como distintivo.<\/p>\n<p>Xa na antiga Babilonia e o pobo sumerio, no Asia Menor, utilizaban o pentagrama nos seus rituais.<\/p>\n<p>\u00c9 unha estrela de cinco puntas dentro dun c\u00edrculo que representaba, polo menos para os Dru\u00eddas, a divindade e era utilizado nos seus rituais sacros.\u00a0 \u00c9 a continuidade, a vida despois da morte. Constit\u00fae a harmon\u00eda, a iluminaci\u00f3n espiritual, a bendici\u00f3n dos deuses. A estrela de cinco puntas tam\u00e9n representa o corpo humano, pero tam\u00e9n puidesen ser o cinco sentidos ou o cinco forzas da Natureza (tempo, terra, auga, aire e lume). En todo caso, ser\u00eda un s\u00edmbolo protector e positivo.<\/p>\n<div id=\"attachment_8417\" style=\"width: 160px\" class=\"wp-caption aligncenter\"><img loading=\"lazy\" decoding=\"async\" aria-describedby=\"caption-attachment-8417\" class=\"wp-image-8417 size-thumbnail\" src=\"https:\/\/recreacionhistoria.com\/wp-content\/uploads\/2021\/05\/Pentagrama-150x150.jpg\" alt=\"Pentagrama\" width=\"150\" height=\"150\" title=\"\"><p id=\"caption-attachment-8417\" class=\"wp-caption-text\"><em>Pentagrama<\/em><\/p><\/div>\n<ul>\n<li><strong><em><u><em>S<\/em>igil<\/u><\/em><\/strong><\/li>\n<\/ul>\n<p>\u00c9 o s\u00edmbolo que identifica a unha das organizaci\u00f3ns m\u00e1is temper\u00e1s na reconstruci\u00f3n do Dru\u00edda.<\/p>\n<p>O Sigil ha de ser dese\u00f1ado e debuxado pola persoa que necesite representar algo que lle preocupe ou algo que queira obter por medio de li\u00f1as, unicamente con li\u00f1as e nada m\u00e1is. Debe trazar unha ou varias li\u00f1as, como lle pareza, de maneira intuitiva e deixando que a s\u00faa mente capta esa representaci\u00f3n.\u00a0\u00a0 Por tanto s\u00f3 pode ser creado de maneira persoal e non lle serve a ningu\u00e9n o Sigil doutro.<\/p>\n<p>&nbsp;<\/p>\n<ul>\n<li><strong><em><u>S\u00edmbolo qu\u00edntuplo<\/u><\/em><\/strong><\/li>\n<\/ul>\n<p>Tam\u00e9n co\u00f1ecido como a roda do ser.<\/p>\n<p>S\u00edmbolo que se asocia co n\u00famero cinco. Tr\u00e1tase do s\u00edmbolo qu\u00edntuplo, para o cal se expresaron unha gran variedade de interpretaci\u00f3ns, pero quiz\u00e1 a m\u00e1is sinxela e m\u00e1is co\u00f1ecida \u00e9 a que se refire \u00e1 unidade do catro elementos principais do universo: a terra, a auga, o aire e o lume.<\/p>\n<p>De acordo con esta interpretaci\u00f3n, o c\u00edrculo central que mostra o s\u00edmbolo poder\u00eda representar o universo, no cal converxen o catro elementos sinalados para dar lugar \u00e1 vida.<\/p>\n<div id=\"attachment_8419\" style=\"width: 160px\" class=\"wp-caption aligncenter\"><img loading=\"lazy\" decoding=\"async\" aria-describedby=\"caption-attachment-8419\" class=\"wp-image-8419 size-thumbnail\" src=\"https:\/\/recreacionhistoria.com\/wp-content\/uploads\/2021\/05\/Simbolo_Quintuple-150x150.gif\" alt=\"S\u00edmbolo qu\u00edntuple\" width=\"150\" height=\"150\" title=\"\"><p id=\"caption-attachment-8419\" class=\"wp-caption-text\"><em>S\u00edmbolo qu\u00edntuplo<\/em><\/p><\/div>\n<ul>\n<li><strong><em><u>Taranis<\/u><\/em><\/strong><\/li>\n<\/ul>\n<p>Tam\u00e9n co\u00f1ecida como a roda de Taranis, O termo <em>\u201ctaranu\u201d, \u201ctoran\u201d <\/em>en Irland\u00e9s, <em>\u201ctaran\u201d <\/em>en gal\u00e9s, co significado de trono, est\u00e1 vinculado con espazos celestes. Esta roda era un s\u00edmbolo utilizado de forma similar a un almanaque e con el determin\u00e1banse equinoccios e solsticios.<\/p>\n<p>Nas lendas celtas, Taranis mencion\u00e1base como o deus do trono, unha deidade \u00e1 cal se lle ofrec\u00edan diferentes tributos, entre eles sacrificios humanos.<\/p>\n<div id=\"attachment_8421\" style=\"width: 160px\" class=\"wp-caption aligncenter\"><img loading=\"lazy\" decoding=\"async\" aria-describedby=\"caption-attachment-8421\" class=\"wp-image-8421 size-thumbnail\" src=\"https:\/\/recreacionhistoria.com\/wp-content\/uploads\/2021\/05\/Taranis-150x150.jpg\" alt=\"Taranis\" width=\"150\" height=\"150\" title=\"\" srcset=\"https:\/\/recreacionhistoria.com\/wp-content\/uploads\/2021\/05\/Taranis-150x150.jpg 150w, https:\/\/recreacionhistoria.com\/wp-content\/uploads\/2021\/05\/Taranis-300x300.jpg 300w\" sizes=\"(max-width: 150px) 100vw, 150px\" \/><p id=\"caption-attachment-8421\" class=\"wp-caption-text\"><em>Taranis<\/em><\/p><\/div>\n<ul>\n<li><strong><em><u>Theherd<\/u><\/em><\/strong><\/li>\n<\/ul>\n<p>Este s\u00edmbolo celta de amor eterno est\u00e1 formado por dous triskeis. Cada un dos triskeis, ten tres n\u00f3s (tres puntas), denotan o tres aspectos dunha persoa, corpo, mente e alma. Os dous triskeis, unidos xuntos, demostran un c\u00edrculo. O c\u00edrculo representa o amor eterno, a vida ou a eternidade. As\u00ed a figura representa a d\u00faas persoas, unidas en corpo, mente, e alma en amor eterno.<\/p>\n<div id=\"attachment_8423\" style=\"width: 291px\" class=\"wp-caption aligncenter\"><img loading=\"lazy\" decoding=\"async\" aria-describedby=\"caption-attachment-8423\" class=\"wp-image-8423 size-full\" src=\"https:\/\/recreacionhistoria.com\/wp-content\/uploads\/2021\/05\/Theherd.jpg\" alt=\"Theherd\" width=\"281\" height=\"118\" title=\"\"><p id=\"caption-attachment-8423\" class=\"wp-caption-text\"><em>Theherd<\/em><\/p><\/div>\n<ul>\n<li><strong><em><u>Tr\u00e9vo ou Shamrock<\/u><\/em><\/strong><\/li>\n<\/ul>\n<p>Na actualidade, o Shamrock \u00e9 o s\u00edmbolo m\u00e1is importante de Irlanda, pero a s\u00faa orixe pertence \u00e1 cultura celta. Esta palabra v\u00e9n do termo en irland\u00e9s <em>\u201cseamrog\u201d,<\/em> que ten como significado trevo novo.<\/p>\n<p>Segundo a tradici\u00f3n celta, o trevo era moi co\u00f1ecido antes de que chegase o cristianismo e estaba asociado co n\u00famero tres, que representaba \u00e1 terra, o mar e o ceo. Co transcurso do tempo, esta figura obtivo unha alusi\u00f3n \u00e1 boa sorte e converteuse no s\u00edmbolo de Irlanda e San Patricio.<\/p>\n<p>O trevo poder\u00eda ter un significado similar ao doutros s\u00edmbolos celtas centrados no n\u00famero 3, como \u00e9 o caso do trisquel. Neste caso o trevo poder\u00eda ser un s\u00edmbolo da terra, o mar e o ceo.<\/p>\n<div id=\"attachment_8425\" style=\"width: 160px\" class=\"wp-caption aligncenter\"><img loading=\"lazy\" decoding=\"async\" aria-describedby=\"caption-attachment-8425\" class=\"wp-image-8425 size-thumbnail\" src=\"https:\/\/recreacionhistoria.com\/wp-content\/uploads\/2021\/05\/Trebol_o_Shamrock-150x150.jpg\" alt=\"Tr\u00e9bol o Shamrock\" width=\"150\" height=\"150\" title=\"\" srcset=\"https:\/\/recreacionhistoria.com\/wp-content\/uploads\/2021\/05\/Trebol_o_Shamrock-150x150.jpg 150w, https:\/\/recreacionhistoria.com\/wp-content\/uploads\/2021\/05\/Trebol_o_Shamrock-300x300.jpg 300w\" sizes=\"(max-width: 150px) 100vw, 150px\" \/><p id=\"caption-attachment-8425\" class=\"wp-caption-text\"><em>Trevo ou Shamrock<\/em><\/p><\/div>\n<ul>\n<li><strong><em><u>Triqueta:<\/u><\/em><\/strong><\/li>\n<\/ul>\n<p>Tam\u00e9n co\u00f1ecido como <em>triquetra.<\/em> Representar\u00eda a parte feminina do Universo.<\/p>\n<p>\u00c9 un signo celta lunar que ten forma de h\u00e9lice, e incl\u00fae un anel que conecta o tres lazos que representan a uni\u00f3n e o ciclo da vida, tam\u00e9n \u00e1 eternidade.<\/p>\n<p>Constru\u00eddo a partir de tres arcos en forma triangular. Esa tripla significaci\u00f3n poder\u00eda representar o tres forzas da Natureza: a auga, o aire e a terra; pero tam\u00e9n a vida, a morte e a reencarnaci\u00f3n. Tam\u00e9n alude ao concepto corpo, mente e alma. Ao ser un s\u00edmbolo representativo da divindade feminina far\u00eda tam\u00e9n referencia a tres estadios da muller: doncela, nai e anci\u00e1.<\/p>\n<p>Como diciamos antes una das simbolox\u00edas asociadas fai referencia \u00e1 vida, a morte e o renacemento, algo moi vinculado \u00e1s crenzas do pobo celta, entre outras a da reencarnaci\u00f3n da esencia de todos os seres.<\/p>\n<p>A triqueta, ademais, representar\u00eda tam\u00e9n a eternidade, igualdade e indivisibilidade de todo o que afecta o Universo.<\/p>\n<p>Os dru\u00eddas utiliz\u00e1bana para sanar, bendicir e dar fertilidade nos seus rituais.<\/p>\n<p>Unha das peculiaridades deste s\u00edmbolo \u00e9 que moi poucas veces aparece completamente s\u00f3 nas pezas de arte celta que sobreviviron. Isto poder\u00eda indicar que probablemente non tivese un significado primordial dentro da mitolox\u00eda celta, sen\u00f3n m\u00e1is ben unha funci\u00f3n ornamental.<\/p>\n<div id=\"attachment_8427\" style=\"width: 160px\" class=\"wp-caption aligncenter\"><img loading=\"lazy\" decoding=\"async\" aria-describedby=\"caption-attachment-8427\" class=\"wp-image-8427 size-thumbnail\" src=\"https:\/\/recreacionhistoria.com\/wp-content\/uploads\/2021\/05\/Tiqueta_simple-150x150.jpg\" alt=\"Triqueta simple\" width=\"150\" height=\"150\" title=\"\"><p id=\"caption-attachment-8427\" class=\"wp-caption-text\"><em>Triqueta simple<\/em><\/p><\/div>\n<div id=\"attachment_8429\" style=\"width: 232px\" class=\"wp-caption aligncenter\"><img loading=\"lazy\" decoding=\"async\" aria-describedby=\"caption-attachment-8429\" class=\"wp-image-8429 size-full\" src=\"https:\/\/recreacionhistoria.com\/wp-content\/uploads\/2021\/05\/Triqueta_con_circulo.jpg\" alt=\"Triqueta con c\u00edrculo\" width=\"222\" height=\"204\" title=\"\"><p id=\"caption-attachment-8429\" class=\"wp-caption-text\"><em>Triqueta con c\u00edrculo<\/em><\/p><\/div>\n<ul>\n<li><strong><em><u>Trisquel<\/u><\/em><\/strong><\/li>\n<\/ul>\n<p>Tam\u00e9n co\u00f1ecido como triskel, triskele, trinacria ou triskelion. \u00c9 sen d\u00fabida un dos s\u00edmbolos da cultura celta m\u00e1is co\u00f1ecidos.<\/p>\n<p>O termo <em>triskelion<\/em> der\u00edvase do grego \u03c4\u03c1\u03b9\u03c3\u03ba\u03ad\u03bb\u03b9\u03bf\u03bd, que significa <em>\u201ctres pernas\u201d<\/em> e foi introducido polos escritores gregos para sinalar a este s\u00edmbolo, a\u00ednda cando no pobo celta non hab\u00eda unha palabra propia co\u00f1ecida.<\/p>\n<p>Consiste en tres espirais unidas en disposici\u00f3n triangular. Era un amuleto de protecci\u00f3n e a\u00ednda hoxe segue utiliz\u00e1ndose con este fin.<\/p>\n<p>Este s\u00edmbolo foi interpretado de distintas formas pero todas elas gardan relaci\u00f3n coa importancia do n\u00famero tres. O tres era un n\u00famero sacro e significaba o equilibrio e a perfecci\u00f3n. As\u00ed, \u00e9 posible entender este s\u00edmbolo como unha representaci\u00f3n do pasado, o presente e o futuro. De forma similar, poder\u00edase entender como un s\u00edmbolo do nacemento, a vida e a morte.<\/p>\n<p>Os deuses da noite Taranis, Teutates e \u00c9sus; para unha das ramas rituais do druidismo baseada en ritos lunares, co\u00f1ecidos como os dru\u00eddas da noite, o trisquel representa a cada un dos deuses sedentos de sangue.<\/p>\n<p>Representa a tripla manifestaci\u00f3n da deusa Brigitt; anci\u00e1, doncela-nena-filla e nai-irm\u00e1.<\/p>\n<p>Nun plano m\u00e1is espiritual, este s\u00edmbolo pode representar o equilibrio entre o corpo, a mente e a \u00e1nima, representar\u00eda por tanto a perfecci\u00f3n. Algunhas tradici\u00f3ns tam\u00e9n o relacionaron coa terra e os seus principais elementos: terra, auga e aire.<\/p>\n<p>Tam\u00e9n se asociaba ao tres clases sociais: dru\u00eddas, guerreiros e traballadores. No caso concreto dos dru\u00eddas, que segundo alg\u00fans autores ser\u00edan os \u00fanicos que portar\u00edan este s\u00edmbolo, representar\u00eda para eles a aprendizaxe continua e a evoluci\u00f3n. Utiliz\u00e1bano como amuleto curativo e protector, utiliz\u00e1ndoo nos rituais sanadores para atender aos guerreiros das s\u00faas enfermidades e feridas. Mesmo poden que os dru\u00eddas, mediante o debuxo repetido das s\u00faas formas e a observaci\u00f3n dos mesmos, conseguisen entrar en transo, como veh\u00edculo para entrar en comunicaci\u00f3n cos deuses, os esp\u00edritos da Natureza e os seus antepasados.<\/p>\n<p>O trisquel \u00e9 un dos s\u00edmbolos m\u00e1is com\u00fans dentro da arte celta e foi utilizado con funci\u00f3ns ornamentais ao longo dos s\u00e9culos.<\/p>\n<p><em>No Castro de Santa Tegra<\/em>, na Guarda, na provincia de Pontevedra, hai numerosos vestixios tallados en pedra do Trisquel celta.<\/p>\n<div id=\"attachment_8431\" style=\"width: 268px\" class=\"wp-caption aligncenter\"><img loading=\"lazy\" decoding=\"async\" aria-describedby=\"caption-attachment-8431\" class=\"wp-image-8431 size-full\" src=\"https:\/\/recreacionhistoria.com\/wp-content\/uploads\/2021\/05\/Trisquel.jpg\" alt=\"Trisquel\" width=\"258\" height=\"180\" title=\"\"><p id=\"caption-attachment-8431\" class=\"wp-caption-text\"><em>Trisquel<\/em><\/p><\/div>\n<ul>\n<li><strong><em><u>Wuivre<\/u><\/em><\/strong><\/li>\n<\/ul>\n<p>\u00c9 un s\u00edmbolo que a pesar de relacionarse coa cultura celta, a\u00ednda non se sabe a s\u00faa verdadeira orixe.<\/p>\n<p>Consiste en d\u00faas serpes entrelazadas nun n\u00f3 aberto que lembra o s\u00edmbolo do infinito. Unha \u00e9 escura e a outra clara. Parece coma se mord\u00e9sense a cola.<\/p>\n<p>Cando utilizaban o Wuivre a s\u00faa intenci\u00f3n \u00e9 representar a dualidade da natureza, que \u00e9 tan contraditoria\u00a0 como necesaria. A maior\u00eda das veces asocioullas ao sacrificio, o esforzo, a enerx\u00eda e a uni\u00f3n, pero tam\u00e9n coa protecci\u00f3n dos guerreiros. Simbolizan o poder e a uni\u00f3n da terra e a lenda di que non pode porse en contacto coa auga do mar porque perder\u00eda o seu poder.<\/p>\n<p>Representan ao gardi\u00e1n de todos os tesouros da terra. Os celtas consideraban as serpes como divindades sacras dos bosques.<\/p>\n<p>As serpes entrel\u00e1zanse de tal forma que fai alusi\u00f3n ao s\u00edmbolo do infinito, o que permite que se lle asocie coa eternidade, un concepto que \u00e9 relevado pola hip\u00f3tese de que ten como orixe o Ouroboros, a co\u00f1ecida serpe que morde a s\u00faa cola, facendo un ciclo infinito.<\/p>\n<p>\u00c9 asociada sobre todo co esforzo, o sacrificio, a uni\u00f3n e a enerx\u00eda. Tam\u00e9n se adoita levar como amuleto polas s\u00faas propiedades de protecci\u00f3n.<\/p>\n<div id=\"attachment_8433\" style=\"width: 310px\" class=\"wp-caption aligncenter\"><img loading=\"lazy\" decoding=\"async\" aria-describedby=\"caption-attachment-8433\" class=\"wp-image-8433 size-medium\" src=\"https:\/\/recreacionhistoria.com\/wp-content\/uploads\/2021\/05\/Wuivre-300x225.jpg\" alt=\"Wuivre\" width=\"300\" height=\"225\" title=\"\" srcset=\"https:\/\/recreacionhistoria.com\/wp-content\/uploads\/2021\/05\/Wuivre-300x225.jpg 300w, https:\/\/recreacionhistoria.com\/wp-content\/uploads\/2021\/05\/Wuivre.jpg 402w\" sizes=\"(max-width: 300px) 100vw, 300px\" \/><p id=\"caption-attachment-8433\" class=\"wp-caption-text\"><em>Wuivre<\/em><\/p><\/div>\n<p>&nbsp;<\/p>\n<p>E para finalizar, por se tedes interese en saber algo m\u00e1is sobre os Celtas, podedes ler as nosas publicaci\u00f3ns anteriores:<\/p>\n<p><a href=\"https:\/\/recreacionhistoria.chttps:\/\/recreacionhistoria.com\/una-de-celtas\/?lang=glom\/una-de-celtas\/?lang=gl\">Unha de Celtas<\/a><\/p>\n<p><a href=\"https:\/\/recreacionhistoria.com\/breogan-o-gran-caudillo-celta\/?lang=gl\">Breog\u00e1n, o gran caudillo celta<\/a><\/p>\n<p><a href=\"https:\/\/recreacionhistoria.com\/os-druidas-no-mundo-celta\/?lang=gl\">Os druidas no mundo celta<\/a><\/p>\n<p>&nbsp;<\/p>\n<h2>Libro recomendado<\/h2>\n<p><iframe style=\"width: 120px; height: 240px;\" src=\"\/\/rcm-eu.amazon-adsystem.com\/e\/cm?lt1=_blank&amp;bc1=000000&amp;IS2=1&amp;bg1=FFFFFF&amp;fc1=000000&amp;lc1=0000FF&amp;t=historia0bc-21&amp;language=es_ES&amp;o=30&amp;p=8&amp;l=as4&amp;m=amazon&amp;f=ifr&amp;ref=as_ss_li_til&amp;asins=8417558861&amp;linkId=591cc63c5e6f7116ea0a09d0becb6027\" frameborder=\"0\" marginwidth=\"0\" marginheight=\"0\" scrolling=\"no\"><\/iframe><\/p>\n<p>&nbsp;<\/p>\n","protected":false},"excerpt":{"rendered":"<p>Co\u00f1\u00e9cese co nome xen\u00e9rico de celtas ao conxunto de pobos asentados en diferentes partes de Europa. As\u00ed, atop\u00e1molos nos actuais territorios de Irlanda, Gran Breta\u00f1a, Francia, B\u00e9lxica, Holanda, Su\u00edza, parte de Alema\u00f1a, parte de Espa\u00f1a e norte de Italia. Non se trataba dun imperio nin unha comunidade pol\u00edtica definida, sen\u00f3n dun conxunto de pobos aut\u00f3nomos&hellip;<\/p>\n","protected":false},"author":2,"featured_media":8439,"comment_status":"open","ping_status":"open","sticky":false,"template":"","format":"standard","meta":{"_monsterinsights_skip_tracking":false,"_monsterinsights_sitenote_active":false,"_monsterinsights_sitenote_note":"","_monsterinsights_sitenote_category":0,"footnotes":""},"categories":[734,221],"tags":[1570,1598,1571,1599,1572,1573,367,179,1574,858,407,229,1575,1576,1038,271,1577,1578,1579,1600,1580,1581,1582,1601,1602,1603,1604,1583,1584,1585,1586,1587,1588,1589,1590,1606,1591,157,392,237,1592,1593,1594,1605,1595,1596,1597],"class_list":["post-8437","post","type-post","status-publish","format-standard","has-post-thumbnail","hentry","category-mundo-celta-gl-2","category-recuncho-da-historia","tag-ailm-gl","tag-anel-de-claddagh","tag-anillo-de-claddagh-gl","tag-arbol-da-vida","tag-arbol-de-la-vida-gl","tag-arpa-irlandesa-gl","tag-arte-gl","tag-arte","tag-awen-gl","tag-celtas-gl","tag-costumbres-gl","tag-costumes","tag-cruz-celta-gl","tag-cruz-solar-gl","tag-cultura-gl","tag-curiosidades-historicas-gl","tag-druida-gl","tag-elven-gl","tag-espiral-celta-gl","tag-estrela-das-fadas","tag-estrella-de-las-hadas-gl","tag-laberinto-celta-gl","tag-mitologias-y-leyendas-gl","tag-mitoloxia-e-lendas","tag-no-celta","tag-no-cuaternario","tag-no-perenne","tag-nudo-celta-gl","tag-nudo-cuaternario-gl","tag-nudo-perenne-gl","tag-pentaculo-gl","tag-pentagrama-gl","tag-shamrock-gl","tag-sigil-gl","tag-simbolo-quintuple-gl","tag-simbolo-quintuplo","tag-simbolos-celtas-gl","tag-sociedad","tag-sociedad-gl","tag-sociedade","tag-taranis-gl","tag-theherd-gl","tag-trebol-gl","tag-trevo","tag-triqueta-gl","tag-trisquel-gl","tag-wuivre-gl","category-734","category-221","description-off"],"_links":{"self":[{"href":"https:\/\/recreacionhistoria.com\/gl\/wp-json\/wp\/v2\/posts\/8437","targetHints":{"allow":["GET"]}}],"collection":[{"href":"https:\/\/recreacionhistoria.com\/gl\/wp-json\/wp\/v2\/posts"}],"about":[{"href":"https:\/\/recreacionhistoria.com\/gl\/wp-json\/wp\/v2\/types\/post"}],"author":[{"embeddable":true,"href":"https:\/\/recreacionhistoria.com\/gl\/wp-json\/wp\/v2\/users\/2"}],"replies":[{"embeddable":true,"href":"https:\/\/recreacionhistoria.com\/gl\/wp-json\/wp\/v2\/comments?post=8437"}],"version-history":[{"count":4,"href":"https:\/\/recreacionhistoria.com\/gl\/wp-json\/wp\/v2\/posts\/8437\/revisions"}],"predecessor-version":[{"id":10783,"href":"https:\/\/recreacionhistoria.com\/gl\/wp-json\/wp\/v2\/posts\/8437\/revisions\/10783"}],"wp:featuredmedia":[{"embeddable":true,"href":"https:\/\/recreacionhistoria.com\/gl\/wp-json\/wp\/v2\/media\/8439"}],"wp:attachment":[{"href":"https:\/\/recreacionhistoria.com\/gl\/wp-json\/wp\/v2\/media?parent=8437"}],"wp:term":[{"taxonomy":"category","embeddable":true,"href":"https:\/\/recreacionhistoria.com\/gl\/wp-json\/wp\/v2\/categories?post=8437"},{"taxonomy":"post_tag","embeddable":true,"href":"https:\/\/recreacionhistoria.com\/gl\/wp-json\/wp\/v2\/tags?post=8437"}],"curies":[{"name":"wp","href":"https:\/\/api.w.org\/{rel}","templated":true}]}}