{"id":7446,"date":"2026-04-08T13:10:57","date_gmt":"2026-04-08T12:10:57","guid":{"rendered":"https:\/\/recreacionhistoria.com\/?p=7446"},"modified":"2026-04-08T13:10:57","modified_gmt":"2026-04-08T12:10:57","slug":"mosterio-de-carboeiro-en-terras-do-deza","status":"publish","type":"post","link":"https:\/\/recreacionhistoria.com\/gl\/mosterio-de-carboeiro-en-terras-do-deza\/","title":{"rendered":"Mosteiro de Carboeiro, en terras do Deza"},"content":{"rendered":"<p>Hoxe queremos falarvos sobre o excelente <strong><em>Mosteiro de San Lorenzo de Carboeiro<\/em><\/strong>, localizado \u00e1s beiras do R\u00edo Deza, na localidade pontevedresa de Silleda. Tr\u00e1tase sen d\u00fabida dun bo exemplo de monumento caracter\u00edstico da arte medieval galego, que incorporan, sen d\u00fabidas, manifestaci\u00f3ns estil\u00edsticas do Mestre Mateo. Este cenobio \u00e9 un dos mellores representantes do rom\u00e1nico cisterciense de toda a comunidade galega.<\/p>\n<p>Compre lembrar que os mosteiros adoitaban emprazarse en lugares rec\u00f3nditos e solitarios, envolvidos pola espesura dos frondosos bosques. Normalmente constru\u00eddos a beiras de r\u00edos, quizais para aproveitar os seus recursos tanto naturais como hidr\u00e1ulicos.<\/p>\n<p><strong><em>O nome deste mosteiro<\/em><\/strong> foi cambiando durante a historia, atop\u00e1ndonos as\u00ed denominaci\u00f3ns como Carbonario, Carboeiro, Carbonierya, Cargueiro, Garguero, Cargueiro&#8230; Denominaci\u00f3ns que nos aclaran a orixe da s\u00faa denominaci\u00f3n, e \u00e9 que a vexetaci\u00f3n forestal da zona foi utilizada desde tempos antigos para a elaboraci\u00f3n de carb\u00f3n vexetal e desa actividade tomaron o nome o mosteiro e a ruta co\u00f1ecida como <em>\u201ccami\u00f1o de Carboeiros\u201d<\/em> que de aqu\u00ed part\u00eda cara a Acibeiro (onde atopamos outro fermoso Mosteiro) e a Terra de Montes.<\/p>\n<p>Neste caso, o mosteiro <strong><em>est\u00e1 localizado<\/em><\/strong> no medio dun frondoso e bela paisaxe sobre un escarpado promontorio nun recodo do r\u00edo Deza, na parroquia de Santa Mar\u00eda de Carboeiro. O lugar elixido era sede ocupada por un eremita ou anacoreta que buscaba retirarse da natureza. Neste caso, as\u00ed aconteceu e de a\u00ed a orixe da dedicaci\u00f3n do mosteiro ao m\u00e1rtir e di\u00e1cono San Lorenzo, xa que antes da construci\u00f3n do mosteiro benedictino, al\u00ed localiz\u00e1base unha ermida dedicada este Santo, e que era propiedade do ermit\u00e1n Egica. Este ser\u00eda o emprazamento da abad\u00eda mandada constru\u00edr polos Condes do Deza, Don Gonzalo Betote e Dona Tareixa Eiriz, no ano 936. Esta construci\u00f3n finalizar\u00eda no ano 939 co presb\u00edtero F\u00e9lix como primeiro abade da comunidade.<\/p>\n<p>A <strong><em>referencia \u00e1 fundaci\u00f3n deste Mosteiro<\/em><\/strong> atop\u00e1mola en palabras do Pai Yepes:<\/p>\n<p><em>\u201cFoi San Lorenzo de Carboeiro en tempos pasados abad\u00eda, edificada na era 974 polo Conde Don Gonzalo e pola Condesa Dona Teresa, como consta por carta de dotaci\u00f3n, data a sobredicha era, que v\u00e9n ser o ano de Cristo 936. Est\u00e1 fundado este Mosteiro en terra de Deza, ribeira do rio chamado tam\u00e9n Deza, que \u00e9 no bispado de Lugo. Naquel lugar houbo antigamente unha ermida que posu\u00edu un home chamado Egica, e ao redor ti\u00f1a algunhas granxer\u00edas; todas llas comprou o Conde Don Gonzalo e comezou a fundar o Mosteiro de San Lorenzo\u201d<\/em><\/p>\n<p><img fetchpriority=\"high\" decoding=\"async\" class=\"size-medium wp-image-7425 aligncenter\" src=\"https:\/\/recreacionhistoria.com\/wp-content\/uploads\/2020\/11\/Dibujo-Monasterio-de-Carboeiro-300x281.jpg\" alt=\"\" width=\"300\" height=\"281\" title=\"\" srcset=\"https:\/\/recreacionhistoria.com\/wp-content\/uploads\/2020\/11\/Dibujo-Monasterio-de-Carboeiro-300x281.jpg 300w, https:\/\/recreacionhistoria.com\/wp-content\/uploads\/2020\/11\/Dibujo-Monasterio-de-Carboeiro-768x718.jpg 768w, https:\/\/recreacionhistoria.com\/wp-content\/uploads\/2020\/11\/Dibujo-Monasterio-de-Carboeiro.jpg 1000w\" sizes=\"(max-width: 300px) 100vw, 300px\" \/><\/p>\n<p>Corr\u00eda <em>o ano 997<\/em> cando Almanzor arrasou o lugar. E transcorridos uns dous anos inici\u00e1ronse os traballos de reconstruci\u00f3n do mosteiro, traballos auspiciados polo ent\u00f3n Arcebispo de Santiago, San Pedro de Mezonzo.<\/p>\n<p>Co abade Munio, <strong><em>no ano 1069<\/em><\/strong>, comeza o mosteiro de Carboeiro o seu mellor tempo hist\u00f3rico. \u00c9 a partir deste Abad, cando se co\u00f1ecen m\u00e1is documentos, sinal non s\u00f3 do coidado de conservalos, sen\u00f3n tam\u00e9n do cr\u00e9dito que merece o Mosteiro e do favor que lle outorgan os nobres, traducido en doaz\u00f3ns. <strong><em>No ano 1131<\/em><\/strong>, baixo a direcci\u00f3n do abade Froila, unha abad\u00eda importante con grandes propiedades, poder e influencia.<\/p>\n<p>Se nos situamos <strong><em>no ano 1162<\/em><\/strong>, atopamos un documento no que se menciona ao abade Fernando como responsable do Mosteiro. Mant\u00edvose \u00e1 fronte at\u00e9 o seu\u00a0 falecemento en 1192,\u00a0 e foi o responsable do inicio de \u00f3bralas merc\u00e9 \u00e1s doaz\u00f3ns obtidas tanto da realeza como de particulares. Por d\u00faas inscrici\u00f3ns sabemos que a campa\u00f1a se comezou en 1171 e finalizar\u00edase despois da s\u00faa morte, nunha data indeterminada pr\u00f3xima ao ano 1200.<\/p>\n<div id=\"attachment_7427\" style=\"width: 310px\" class=\"wp-caption aligncenter\"><img decoding=\"async\" aria-describedby=\"caption-attachment-7427\" class=\"wp-image-7427 size-medium\" src=\"https:\/\/recreacionhistoria.com\/wp-content\/uploads\/2020\/11\/Tapa-feretro-Abad-Fernando-Monasterio-de-Carboeiro-300x169.jpg\" alt=\"\" width=\"300\" height=\"169\" title=\"\" srcset=\"https:\/\/recreacionhistoria.com\/wp-content\/uploads\/2020\/11\/Tapa-feretro-Abad-Fernando-Monasterio-de-Carboeiro-300x169.jpg 300w, https:\/\/recreacionhistoria.com\/wp-content\/uploads\/2020\/11\/Tapa-feretro-Abad-Fernando-Monasterio-de-Carboeiro.jpg 448w\" sizes=\"(max-width: 300px) 100vw, 300px\" \/><p id=\"caption-attachment-7427\" class=\"wp-caption-text\"><em>Parte superior l\u00e1pida do abade Fernando<\/em><\/p><\/div>\n<p>A vida do mosteiro avanza sen sobresaltos durante o s\u00e9culo XI, e no s\u00e9culo XII ref\u00f3rmase para acatar a regra de San Benito. Este suceso ocorreu na inmensa maior\u00eda dos cenobios hispanos que, seguindo outras regras como a de Fructuoso de Braga, tiveron que cambiar a s\u00faa organizaci\u00f3n \u00e1 benedictina baixo o empuxe internacional de Roma, Cluny e os monarcas hispanos, desexosos de homologar os seus reinos cos restantes de Europa.<\/p>\n<p>A pesar de ser tempos de crises para os mosteiros, Carboeiro tam\u00e9n podo acometer algunhas obras de reforma al\u00e1 polos s\u00e9culos XIII e XIV.<\/p>\n<p><strong><em>Cara ao ano 1320<\/em><\/strong>, o mosteiro albergaba a corenta monxes e case o mesmo n\u00famero de persoas empregadas para os traballos das terras que o rodeaban.<\/p>\n<p><strong><em>Durante o s\u00e9culo XVI<\/em><\/strong>, os preitos, o deixamento e mala administraci\u00f3n, levan \u00e1 comunidade \u00e1 ru\u00edna, e xa no 1500 por orde dos Reis Cat\u00f3licos, rel\u00e9gase de categor\u00eda, pasando de abad\u00eda a priorado, e cun novo status: granxa dependente do Mosteiro de San Martin Pinario (pr\u00f3ximo \u00e1 Catedral de Santiago), dotada cun par de monxes dedicados ao control e a administraci\u00f3n da facenda, \u00e1 atenci\u00f3n pastoral dos colonos do coto e ao cobro das rendas. A renda que recib\u00edan os compostel\u00e1ns ascend\u00eda a 120 mil reais cada catro anos.<\/p>\n<p>O mosteiro seria tam\u00e9n un c\u00e1rcere (lugar de retiro para reconducir vocaci\u00f3ns) para monxes <strong><em>a partir de 1794<\/em><\/strong>, e xa <strong><em>no ano 1836 prod\u00facese o seu abandono<\/em><\/strong>, coincidindo coa desamortizaci\u00f3n de Mendiz\u00e1bal, pasando as\u00ed o mosteiro a mans particulares. Os monxes abandonaron Carboeiro e os seus bens foron vendidos, ao mesmo tempo que a igrexa quedou pechada para o culto, comezando o espolio de todo o que al\u00ed hab\u00eda, sen respectar, columnas, capiteis, t\u00edmpanos, rosetons, tellados, en fin, todo o que podese transporarse en carros do pa\u00eds.\u00a0 Convert\u00e9ndose primeiro en refuxio das partidas que loitaban contra os franceses e despois de bandidos e fuxidos. Os buscadores de tesouros e de w\u00f3lfram escavan a cripta e os enterramentos.<\/p>\n<p>Un visitante, no ano 1920, describe o estado ruinoso en que se atopaba Carboeiro:<\/p>\n<p><em>\u201cCando columbramos o po\u00e9tico mosteiro de Carboeiro, en ru\u00ednas Foi unha visi\u00f3n soberbia da Galicia medieval! Arcos rotos, columnas mutiladas, capiteis en pedazos, b\u00f3vedas medio derruidas, rosetons e xanelas esnaquizadas, imaxes que rodaron ao chan de xeito sacr\u00edlego, todo ca\u00f3tico, desmoronado, cuberto de hedra e maleza, bri\u00f3n, l\u00edques e silveiras, nun abandono lamentable .. Gloriosas ru\u00ednas dun pasado pr\u00f3cer, dun pret\u00e9rito prestixioso, xacen no po secular daquela meseta, especie de castro a cuxo p\u00e9, case o redor, aprision\u00e1ndolo como un anel, corre o rio Deza como salmodiando ante as lendarias ru\u00ednas as doloridas estrofas dun r\u00e9quiem funeral!&#8230;\u201c<\/em><\/p>\n<p><strong><em>En 1931 designouse Monumento hist\u00f3rico-art\u00edstico<\/em><\/strong>, permanecendo abandonado, ata que chegado o s\u00e9culo XXI iniciouse a s\u00faa reconstruci\u00f3n, agora interrompida.<\/p>\n<p>Lamentablemente, os sucesivos propietarios non investiron no mantemento do edificio, co que o esquecemento e abandono conduciuno at\u00e9 un estado de ru\u00edna total, tendo que esperar at\u00e9 os anos setenta do s\u00e9culo XX para iniciar as tarefas de restauraci\u00f3n, que permitiron reacondicionar o edificio at\u00e9 o punto de recobrar boa parte da s\u00faa orixinal estampa, sendo un aut\u00e9ntico pracer visitalo na actualidade.<\/p>\n<p>Desde 1974 realiz\u00e1ronse obras de limpeza, consolidaci\u00f3n e restauraci\u00f3n. En 1989 o Concello de Silleda comprou a casa monacal e os terreos que a rodean e entre 1990 e 2009, coa Xunta de Galicia, comezaron as tarefas de restauraci\u00f3n e rehabilitaci\u00f3n integral do conxunto monacal, o que permitiu que se poda visitar. No ver\u00e1n de 2006 inici\u00e1ronse as visitas a pesar das obras. Na actualidade est\u00e1 aberto ao p\u00fablico e a restauraci\u00f3n levada a cabo ach\u00e9ganos \u00e1 grandiosidade e magnificencia deste mosteiro, a\u00ednda que ser\u00eda conveniente continuar co labor de restauraci\u00f3n, detida hai varios anos.<\/p>\n<p>&nbsp;<\/p>\n<p><strong><em>En canto \u00e1 arquitectura<\/em><\/strong> do Mosteiro de Carboeiro, en primeiro lugar hai que dicir que se trata dun dos edificios tardorrom\u00e1nicos (transita cara \u00e1s primeiras manifestaci\u00f3ns do g\u00f3tico) m\u00e1is ambiciosos e importantes de Galicia e de toda Espa\u00f1a. O edificio non ten unha relevante lonxitude dado o lugar de localizaci\u00f3n do antigo cenobio, nun estreito meandro do r\u00edo Deza. Ao oeste e ao leste, o terreo chairo conv\u00e9rtese en forte pendente cara \u00e1s beiras deste emblem\u00e1tico r\u00edo. Para salvar o gran desnivel oriental, t\u00edvose que edificar unha enorme cripta que reproduce en planta a cabeceira con deambulatorio da igrexa superior. Como veremos, destaca o seu recio abovedamiento p\u00e9treo de gran resistencia para soportar o peso da estrutura que hab\u00eda de levantarse encima.<\/p>\n<p>Yzquierdo Perr\u00edn afirma que <em>\u201ca complexidade arquitect\u00f3nica da s\u00faa planta e alzados s\u00f3 \u00e9 comparable coa catedral de Santiago de Compostela e alg\u00fans outros edificios debido aos cisterciense\u201d.<\/em><\/p>\n<p>No seu momento, foi centro de peregrinaci\u00f3n, como indica o deambulatorio da s\u00faa cabeceira.<\/p>\n<p>A pesar de tratarse dun <strong><em>templo tardorrom\u00e1nico<\/em><\/strong>, chama a atenci\u00f3n a gran luminosidade que penetra interior, e \u00e9 que a igrexa disp\u00f3n de m\u00e1is de 40 puntos de luz, repartidos entre xanelas e rosetons, algo estra\u00f1o nunha construci\u00f3n rom\u00e1nica.<\/p>\n<p>Chaman a atenci\u00f3n as d\u00faas portadas rom\u00e1nicas de estilo compostel\u00e1n, atribu\u00eddas por alg\u00fans autores aos\u00a0 disc\u00edpulos do Mestre Mateo. Na principal est\u00e1n representados 23 anci\u00e1ns da Apocalipse (curiosamente non os habituais 24) e a figura do Salvador cos evanxelistas. As outras d\u00faas portas est\u00e1n bastante deterioradas. A planta \u00e9 en forma de cruz latina. Consta de tres naves de tres tramos cada unha, transepto e cabeceira rodeada por \u00a0un deambulatorio rematado en tres capelas radiais dedicadas a San Benito, \u00e1 dereita \u00e1 nosa Se\u00f1ora de Bel\u00e9n e a outra era usada como sancrist\u00eda. A\u00ednda se poden observar restos da pintura policromada que aparentemente representaban aos monxes negros (pola cor do seu h\u00e1bito).<\/p>\n<div id=\"attachment_7435\" style=\"width: 310px\" class=\"wp-caption aligncenter\"><img decoding=\"async\" aria-describedby=\"caption-attachment-7435\" class=\"wp-image-7435 size-medium\" src=\"https:\/\/recreacionhistoria.com\/wp-content\/uploads\/2020\/11\/Interior.-Monasterio-de-Carboeiro-300x219.jpg\" alt=\"\" width=\"300\" height=\"219\" title=\"\" srcset=\"https:\/\/recreacionhistoria.com\/wp-content\/uploads\/2020\/11\/Interior.-Monasterio-de-Carboeiro-300x219.jpg 300w, https:\/\/recreacionhistoria.com\/wp-content\/uploads\/2020\/11\/Interior.-Monasterio-de-Carboeiro.jpg 474w\" sizes=\"(max-width: 300px) 100vw, 300px\" \/><p id=\"caption-attachment-7435\" class=\"wp-caption-text\"><em>Vista interior Mosteiro de Carboeiro<\/em><\/p><\/div>\n<p><strong><em>Os arcos formeros<\/em><\/strong>, como na catedral compostel\u00e1 e co fin de alcanzar maior altura, son de medio punto peraltados. Ten tres rosetons na parte superior, que corresponden \u00e1 \u00e9poca de transici\u00f3n ao g\u00f3tico.<\/p>\n<p>En canto <strong><em>\u00e1 cuberta da nave central<\/em><\/strong>, houbo numerosas disquisicions sobre se orixinariamente era de pedra ou madeira, decant\u00e1ndose finalmente os restauradores pola opci\u00f3n de madeira, que \u00e9 a que podemos observar na actualidade.<\/p>\n<p>En planta, <strong><em>o deambulatorio<\/em><\/strong> que discorre tras este presbiterio, consta de cinco espazos con forma de trapecio, dos que o tres centrais comun\u00edcanse con outros tantas capelas con presbiterio e \u00e1bsida. A planta deste Mosteiro p\u00f3dese relacionar con outros edificios monacais cistercienses en terras hispanas, como Moreruela (Zamora), Veruela (Zaragoza), Fitero (Navarra).<\/p>\n<p><strong><em>No interior<\/em><\/strong>, atopamos unhas enormes columnas con traballados capiteis que dividen a nave central das laterais. Varias pedras talladas con diversos motivos que adornan a igrexa prove\u00f1en da antiga capela visig\u00f3tica que al\u00ed se atopaba. Se nos fixamos nos capiteis, non atoparemos ning\u00fan con motivos figurativos, o seu dese\u00f1o \u00e9 vexetal, propio do \u00e1mbito cisterciense.<\/p>\n<p>Como curiosidade cabe dicir que <strong><em>as marcas de canteiro son moi abundantes<\/em><\/strong> e moi variadas nos sillares e pedras de Carboeiro: hai pes, pes investidos, bes, c\u00edrculos cruzados por unha raia, efes, etc.<\/p>\n<p>Na parte exterior at\u00f3pase tam\u00e9n escasa decoraci\u00f3n, incluso os canecillos non son figurados.<\/p>\n<div id=\"attachment_7431\" style=\"width: 310px\" class=\"wp-caption alignleft\"><img loading=\"lazy\" decoding=\"async\" aria-describedby=\"caption-attachment-7431\" class=\"wp-image-7431 size-medium\" src=\"https:\/\/recreacionhistoria.com\/wp-content\/uploads\/2020\/11\/Portada-Occidental-Monasterio-de-Carboeiro-300x192.jpg\" alt=\"\" width=\"300\" height=\"192\" title=\"\" srcset=\"https:\/\/recreacionhistoria.com\/wp-content\/uploads\/2020\/11\/Portada-Occidental-Monasterio-de-Carboeiro-300x192.jpg 300w, https:\/\/recreacionhistoria.com\/wp-content\/uploads\/2020\/11\/Portada-Occidental-Monasterio-de-Carboeiro-768x492.jpg 768w, https:\/\/recreacionhistoria.com\/wp-content\/uploads\/2020\/11\/Portada-Occidental-Monasterio-de-Carboeiro.jpg 1002w\" sizes=\"(max-width: 300px) 100vw, 300px\" \/><p id=\"caption-attachment-7431\" class=\"wp-caption-text\"><em>Portada occidental <\/em><\/p><\/div>\n<p>&nbsp;<\/p>\n<p><strong><em>A portada occidental<\/em><\/strong> \u00e9 a principal do templo, ademais da m\u00e1is bela e monumental. Por esta porta acceder\u00eda a nobreza e, as poucas veces que a visitase, o Rei. Nesta portada \u00e9 f\u00e1cil rastrexar a influencia do P\u00f3rtico da Gloria da catedral de Santiago de Compostela. Consta dun total de catro arquivoltas e guardapolvos. Todo o conxunto est\u00e1 moi decorado con temas vexetais m\u00e1is a representaci\u00f3n, como comentaba anteriormente, dos 23 anci\u00e1ns da Apocalipse e no t\u00edmpano os relevos de Cristo en Maxestade rodeado polo Tetramorfos. As mochetas est\u00e1n labradas coas figuras de dous anxos con filacterias. Na actualidade, do catro evanxelistas, s\u00f3 nos quedan San Mateo e San Marcos pois os relevos de San Lucas e San Juan foron arrincados e depositados nos anos cincuenta no Museo Mar\u00e9s de Barcelona, onde permanecen na actualidade. Tam\u00e9n han desparecido as columnas de toda a s\u00faa estrutura.<\/p>\n<p>&nbsp;<\/p>\n<p>&nbsp;<\/p>\n<p>&nbsp;<\/p>\n<p>&nbsp;<\/p>\n<div id=\"attachment_7433\" style=\"width: 310px\" class=\"wp-caption alignright\"><img loading=\"lazy\" decoding=\"async\" aria-describedby=\"caption-attachment-7433\" class=\"wp-image-7433 size-medium\" src=\"https:\/\/recreacionhistoria.com\/wp-content\/uploads\/2020\/11\/Portada-Meridional-Monasterio-de-Carboeiro-300x211.jpg\" alt=\"\" width=\"300\" height=\"211\" title=\"\" srcset=\"https:\/\/recreacionhistoria.com\/wp-content\/uploads\/2020\/11\/Portada-Meridional-Monasterio-de-Carboeiro-300x211.jpg 300w, https:\/\/recreacionhistoria.com\/wp-content\/uploads\/2020\/11\/Portada-Meridional-Monasterio-de-Carboeiro-768x539.jpg 768w, https:\/\/recreacionhistoria.com\/wp-content\/uploads\/2020\/11\/Portada-Meridional-Monasterio-de-Carboeiro.jpg 830w\" sizes=\"(max-width: 300px) 100vw, 300px\" \/><p id=\"caption-attachment-7433\" class=\"wp-caption-text\"><em>Portada meridional<\/em><\/p><\/div>\n<p>&nbsp;<\/p>\n<p><strong><em>A porta do muro meridional<\/em><\/strong>, pola que acceder\u00eda o pobo, \u00e1brese ao \u00faltimo tramo da nave. Ten gardapolvos decorado m\u00e1is dous arquivoltas de medio punto que apeaban sobre dous pares de columnas hoxe desaparecidas. A arquivolta exterior ad\u00f3rnase con once grandes flores tetrap\u00e9talas e bot\u00f3n central. Na arquivolta interior coloc\u00e1ronse en disposici\u00f3n radial e frontal un total de seis anxos coas \u00e1s despregadas. No espazo da clave hai unha estatua con cabeza mutilada, que para alg\u00fans autores puidese representar \u00e1 Virxe entronizada co neno no seu colo (algo pouco probable dadas as datas de construci\u00f3n, na que non era habitual a s\u00faa representaci\u00f3n) e os que estiman que poder\u00eda tratarse dun Cristo en Maxestade, cunha man en alta, ben saudando ou bendicindo, mentres que na outra man soster\u00eda\u00a0 o Libro da Vida. As mochetas que soste\u00f1en este t\u00edmpano est\u00e1n esculpidas con d\u00faas figuras de anxos con filacterias.<\/p>\n<p>&nbsp;<\/p>\n<p>&nbsp;<\/p>\n<p>&nbsp;<\/p>\n<p>&nbsp;<\/p>\n<p>Tam\u00e9n hai que considerar <strong><em>outra pequena porta<\/em><\/strong>, moito m\u00e1is sinxela, que d\u00e1 acceso ao muro da nave norte. Encima hai un bonito roset\u00f3n que forma unha cruz composta de cinco figuras en cuxas trecer\u00edas hai senllas cruces gravadas a base de cinco c\u00edrculos.<\/p>\n<p>&nbsp;<\/p>\n<p><strong><em><img loading=\"lazy\" decoding=\"async\" class=\"size-medium wp-image-7429 alignleft\" src=\"https:\/\/recreacionhistoria.com\/wp-content\/uploads\/2020\/11\/Cripta-Monasterio-de-Carboeiro-300x199.jpg\" alt=\"\" width=\"300\" height=\"199\" title=\"\" srcset=\"https:\/\/recreacionhistoria.com\/wp-content\/uploads\/2020\/11\/Cripta-Monasterio-de-Carboeiro-300x199.jpg 300w, https:\/\/recreacionhistoria.com\/wp-content\/uploads\/2020\/11\/Cripta-Monasterio-de-Carboeiro-768x510.jpg 768w, https:\/\/recreacionhistoria.com\/wp-content\/uploads\/2020\/11\/Cripta-Monasterio-de-Carboeiro.jpg 1024w\" sizes=\"(max-width: 300px) 100vw, 300px\" \/><\/em><\/strong><\/p>\n<p>&nbsp;<\/p>\n<p><strong><em>A cripta<\/em><\/strong> serve de apoio \u00e1 cabeceira da igrexa, e foi constru\u00edda para salvar o desnivel do terreo. Ten tres grandes capelas con b\u00f3veda de medio can\u00f3n nos tramos presbiteriais e cascar\u00f3n nas \u00e1bsidas. Rotundos alicerces cil\u00edndricos axudan a soportar as b\u00f3vedas de aresta do deambulatorio. Nesta zona non se localiza ningunha decoraci\u00f3n escult\u00f3rica. Para baixar \u00e1 citada cripta at\u00f3panse d\u00faas escaleiras a ambos os dous lados do deambulatorio superior. En cada unha das portas hai un timpano cunha cruz patada da que penden dous s\u00edmbolos que debesen ser o alfa e o omega, a\u00ednda que o escultor interpretounos de forma confusa. No t\u00edmpano da outra porta hai unha estrela de seis puntas inscrita nun c\u00edrculo, flanqueada por decoraci\u00f3n floral.<\/p>\n<p>&nbsp;<\/p>\n<p>&nbsp;<\/p>\n<p>&nbsp;<\/p>\n<p>&nbsp;<\/p>\n<p>&nbsp;<\/p>\n<div id=\"attachment_7437\" style=\"width: 310px\" class=\"wp-caption aligncenter\"><img loading=\"lazy\" decoding=\"async\" aria-describedby=\"caption-attachment-7437\" class=\"wp-image-7437 size-medium\" src=\"https:\/\/recreacionhistoria.com\/wp-content\/uploads\/2020\/11\/Timpanos-escaleras-cripta-Monterio-Carboeiro-300x119.jpg\" alt=\"\" width=\"300\" height=\"119\" title=\"\" srcset=\"https:\/\/recreacionhistoria.com\/wp-content\/uploads\/2020\/11\/Timpanos-escaleras-cripta-Monterio-Carboeiro-300x119.jpg 300w, https:\/\/recreacionhistoria.com\/wp-content\/uploads\/2020\/11\/Timpanos-escaleras-cripta-Monterio-Carboeiro.jpg 483w\" sizes=\"(max-width: 300px) 100vw, 300px\" \/><p id=\"caption-attachment-7437\" class=\"wp-caption-text\"><em>T\u00edmpanos portas escaleiras baixada a cripta do Mosteiro de Carboeiro<\/em><\/p><\/div>\n<p>&nbsp;<\/p>\n<p>No exterior, no patio que actualmente podemos observar, que ser\u00eda o antigo claustro, cons\u00e9rvanse restos dun forno, da fonte que posiblemente estivese no centro do citado claustro e das pedras para a canalizaci\u00f3n da auga.<\/p>\n<p>&nbsp;<\/p>\n<p>En canto <strong><em>\u00e1s reliquias<\/em><\/strong> que albergou podemos lembrar que segundo o Pai Yepes a principios do s\u00e9culo XVIII,\u00a0 en Carboeiro <em>&#8220;Venerouse unha espi\u00f1a da coroa do se\u00f1or que estaba nunha peza de cristal moi ben labrada, de fietura dunha coitela de lanza\u201d.<\/em> Esta fose roubada polo ano 1550.<\/p>\n<p>O edificio exterior, m\u00e1is moderno que a igrexa rom\u00e1nica, \u00e9 hoxe un pequeno centro de informaci\u00f3n e de interpretaci\u00f3n no que, na actualidade, hai unha exposici\u00f3n de fotograf\u00edas da historia e da reconstruci\u00f3n do Mosteiro. No exterior tam\u00e9n localizamos as cabalerizas e un enorme pombal. O conxunto compl\u00e9tase cun mu\u00ed\u00f1o de auga situada \u00e1 beira do r\u00edo.<\/p>\n<p>&nbsp;<\/p>\n<p>En fronte \u00e1 entrada do mosteiro de Carboeiro, vemos unha sinalizaci\u00f3n nun cami\u00f1o empedrado que descende at\u00e9 o r\u00edo Deza. Este cami\u00f1o secular cond\u00facenos a unha preciosa ponte, tam\u00e9n centenario, chamado <strong><em>\u201cPonte do Demo\u201d.<\/em><\/strong> Leste foi, segundo a tradici\u00f3n, escenarios de m\u00faltiples asasinatos e atracos.<\/p>\n<p>&nbsp;<\/p>\n<div id=\"attachment_7441\" style=\"width: 310px\" class=\"wp-caption alignleft\"><img loading=\"lazy\" decoding=\"async\" aria-describedby=\"caption-attachment-7441\" class=\"wp-image-7441 size-medium\" src=\"https:\/\/recreacionhistoria.com\/wp-content\/uploads\/2020\/11\/A-Ponte-do-Demo-Monasterio-de-Carboeiro-300x225.jpg\" alt=\"\" width=\"300\" height=\"225\" title=\"\" srcset=\"https:\/\/recreacionhistoria.com\/wp-content\/uploads\/2020\/11\/A-Ponte-do-Demo-Monasterio-de-Carboeiro-300x225.jpg 300w, https:\/\/recreacionhistoria.com\/wp-content\/uploads\/2020\/11\/A-Ponte-do-Demo-Monasterio-de-Carboeiro.jpg 474w\" sizes=\"(max-width: 300px) 100vw, 300px\" \/><p id=\"caption-attachment-7441\" class=\"wp-caption-text\"><em>Ponte do Demo, Mosteiro de Carboeiro<\/em><\/p><\/div>\n<p>Nun panel informativo co\u00f1ecemos a lenda do Ponte do Demo:<\/p>\n<p>\u00abO mosteiro de Carboeiro, na s\u00faa \u00e9poca uno dos m\u00e1is ricos de todo o pa\u00eds, pasou por grandes dificultades na s\u00faa orixe. Non era f\u00e1cil atopar homes que soubesen traballar a terra, o di\u00f1eiro era escaso e os monxes pasaban grandes dificultades.<\/p>\n<p>Fartos de soportar estas penalidades, decidiron facer un trato co demo, do cal se encargou o irm\u00e1n Ram\u00f3n un venres.<\/p>\n<p>O demo, como bo construtor, levantar\u00eda un mosteiro de s\u00f3lida pedra entre o venres e o domingo pola ma\u00f1\u00e1; a cambio, levar\u00eda consigo todas as almas que falecesen ese domingo.<\/p>\n<p>O demo aceptou, con reticencias, pois era co\u00f1ecedor de que os monxes posu\u00edan o salterio de San Cipriano, o cal o espantaba e atorment\u00e1bao se se presentaba. Pero a sinceridade do irm\u00e1n Ram\u00f3n convenceuno.<\/p>\n<p>O demo constru\u00edu o fermoso santuario e p\u00faxose \u00e1 espera da s\u00faa recompensa. Lonxe de cumprir o trato, o abade maior botou man do salterio, producindo tal enfado no demo por sentirse enganado que tentou derrubar o mosteiro, pero entre o medo ao salterio e a boa obra que fixera resultoulle imposible.<\/p>\n<p>Cando, s\u00e9culos m\u00e1is tarde, o salterio foi levado a Toledo, o demo soprou unha pavorosa tempestade sobre o mosteiro que o converteu nas ru\u00ednas que vemos hoxe en d\u00eda, cumprindo a s\u00faa vinganza.<\/p>\n<p>&nbsp;<\/p>\n<p>&nbsp;<\/p>\n<p>Doutra banda, s\u00e1bese da existencia de <strong><em>varias inscrici\u00f3ns<\/em><\/strong>, moitas desaparecidas, pero a\u00ednda se atopa na cripta:<\/p>\n<p>ERA MCCVIIII\u00a0 KALENDAS IY \/ Corresponde ao 1 de xu\u00f1o de 1171.<\/p>\n<p>Xa no interior da igrexa, no muro meridional, \u00e1 dereita, colocada \u00e1 altura da vista, aparece a inscrici\u00f3n fundacional. O mesmo Abad fai referencia a unha inscrici\u00f3n dunha laxa sepulcral, hoxe desaparecida.<\/p>\n<p>A traduci\u00f3n dos entendidos reza as\u00ed:<\/p>\n<p><em>\u201cNeste t\u00famulo xace o venerable Abad Fernando. Os reis, os magnates, os pr\u00f3ceres e poderosos do reino son testemu\u00f1as da pureza dos seus costumes e acl\u00e1mano benaventurado. Foi ilustre, magn\u00e1nimo e sempre amigo da probidade. Goce en paz Fernando na morada do ceo. O 13 de febreiro de 1192.&#8221;<\/em><\/p>\n<p>Na fachada principal, na parte dereita atopamos outra inscrici\u00f3n:<\/p>\n<p>ERA DOMINI MILLESIMA TRECENTESIMA SEXAGESIMA \/ \u00c9 dicir: Ano 1360.<\/p>\n<p>&nbsp;<\/p>\n<p><strong><em>Como curiosidade<\/em><\/strong>, queremos indicar que este monumento foi tam\u00e9n protagonista en varias series, pel\u00edculas e videoclips. Lembremos unha pel\u00edcula, titulada <em>\u201cCotolay\u201d,<\/em> rodada en 1965. No ano 1973 serviu de fondo para <em>\u201cFlor de Santidade\u201d,<\/em> de Val Incl\u00e1n, con direcci\u00f3n de Adofo Marsillach. Outras rodaxes foron: en 1995 <em>\u201cA Lei da Fronteira\u201d<\/em> de Adolfo Aristarain; <em>\u201cQuart\u201d<\/em> (2006), baseada na obra de Arturo P\u00e9rez Reverte<em> \u201cPel do Tambor\u201d;\u00a0 \u201cReliquias\u201d<\/em> (2011) serie da TVG, <em>\u201cPiratas\u201d<\/em> (2011) de TV5; a serie de Antena 3 <em>\u201cAo final do Cami\u00f1o\u201d<\/em> en 1999 ou, m\u00e1is recentemente,\u00a0 un videoclip gravado polo cantante Enrique Igrexas.<\/p>\n<p>Por \u00faltimo indicar que hoxe en d\u00eda o Mosteiro non est\u00e1 habitado por humanos, pero si \u00a0por\u2026 \u00a0uns grandes lagartos que se poden observar \u00e1 tardi\u00f1a, cando saen de entre as pedras cos \u00faltimos raios do sol, nos d\u00edas estivais.<\/p>\n<p>&nbsp;<\/p>\n<p>Doutra banda, e para aqueles que se animen a visitar e co\u00f1ecer o Mosteiro de Carboeiro, aconsell\u00e1mosvos achegarvos a contemplar\u00a0 a <strong><em>\u201cFervenza do Toxa<\/em><\/strong>\u201d, que se atopa en Pazos, no concello de Silleda. A \u201cfervenza\u201d ou \u201ccadoiro\u201d \u00e9 unha fervenza provocada polo R\u00edo Toxa, cunha ca\u00edda vertical de preto de 30 m, esculpindo a roca de mil formas nun marco conformado por un denso bosque de carballos, sobreiras e numerosas especies m\u00e1is. En todo caso tr\u00e1tase dun fermoso espect\u00e1culo de auga, luz e son, formado por unha fervenza considerada a m\u00e1is alta de Galicia en ca\u00edda libre, que acollen ademais unha gran diversidade de especies animais, , como os corvos e os falc\u00f3ns.<\/p>\n<p>&nbsp;<\/p>\n<div id=\"attachment_7439\" style=\"width: 235px\" class=\"wp-caption aligncenter\"><img loading=\"lazy\" decoding=\"async\" aria-describedby=\"caption-attachment-7439\" class=\"wp-image-7439 size-medium\" src=\"https:\/\/recreacionhistoria.com\/wp-content\/uploads\/2020\/11\/Fervenza-da-Toxa-225x300.jpg\" alt=\"\" width=\"225\" height=\"300\" title=\"\" srcset=\"https:\/\/recreacionhistoria.com\/wp-content\/uploads\/2020\/11\/Fervenza-da-Toxa-225x300.jpg 225w, https:\/\/recreacionhistoria.com\/wp-content\/uploads\/2020\/11\/Fervenza-da-Toxa.jpg 337w\" sizes=\"(max-width: 225px) 100vw, 225px\" \/><p id=\"caption-attachment-7439\" class=\"wp-caption-text\"><em>Fervenza da Toxa, Silleda<\/em><\/p><\/div>\n<p>E igualmente, non podemos desaproveitar esta entrada para, unha vez al\u00ed, co\u00f1ecer de primeira man a unha das grandes artes\u00e1s e artistas que ten Galicia. Estamos a falar de <strong><em>Elena Ferro<\/em><\/strong>. Visitar o seu taller de fabricaci\u00f3n de modernos zocos con atrevidos dese\u00f1os, sandalias, bolsos e outros obxectos de marroquiner\u00eda, sen d\u00fabida ser\u00e1 un broche de ouro para unha completa e gratificante xornada. Podedes atopar m\u00e1is informaci\u00f3n sobre ela, as s\u00faas creaci\u00f3ns e produtos na s\u00faa web: http:\/\/elenaferro.com\/es\/, e nunha entrada do noso blog <a href=\"https:\/\/recreacionhistoria.com\/elena-ferro-arte-en-pel\/?lang=gl\">https:\/\/recreacionhistoria.com\/elena-ferro-arte-en-pel\/?lang=gl<\/a><\/p>\n<p>&nbsp;<\/p>\n<p><em><strong>Libro recomendado:<\/strong><\/em><\/p>\n<p><iframe style=\"width: 120px; height: 240px;\" src=\"\/\/rcm-eu.amazon-adsystem.com\/e\/cm?lt1=_blank&amp;bc1=000000&amp;IS2=1&amp;bg1=FFFFFF&amp;fc1=000000&amp;lc1=0000FF&amp;t=historia0bc-21&amp;language=es_ES&amp;o=30&amp;p=8&amp;l=as4&amp;m=amazon&amp;f=ifr&amp;ref=as_ss_li_til&amp;asins=849536400X&amp;linkId=a51daa15721ba40f899153ae3ae93926\" frameborder=\"0\" marginwidth=\"0\" marginheight=\"0\" scrolling=\"no\"><\/iframe><\/p>\n","protected":false},"excerpt":{"rendered":"<p>Hoxe queremos falarvos sobre o excelente Mosteiro de San Lorenzo de Carboeiro, localizado \u00e1s beiras do R\u00edo Deza, na localidade pontevedresa de Silleda. Tr\u00e1tase sen d\u00fabida dun bo exemplo de monumento caracter\u00edstico da arte medieval galego, que incorporan, sen d\u00fabidas, manifestaci\u00f3ns estil\u00edsticas do Mestre Mateo. Este cenobio \u00e9 un dos mellores representantes do rom\u00e1nico cisterciense&hellip;<\/p>\n","protected":false},"author":2,"featured_media":7424,"comment_status":"open","ping_status":"open","sticky":false,"template":"","format":"standard","meta":{"_monsterinsights_skip_tracking":false,"_monsterinsights_sitenote_active":false,"_monsterinsights_sitenote_note":"","_monsterinsights_sitenote_category":0,"footnotes":""},"categories":[391,222,400,221,379,337],"tags":[366,367,1232,247,1233,1234,785,1235,126,236,445,1236,213,214,1237,281,1238,392,237,1239],"class_list":["post-7446","post","type-post","status-publish","format-standard","has-post-thumbnail","hentry","category-edad-media-gl","category-idade-media","category-que-ver-gl-2","category-recuncho-da-historia","category-sugerencias-gl","category-suxestions-gl","tag-arquitectura-gl","tag-arte-gl","tag-carboeiro-gl","tag-centros-historicos-gl","tag-cisterciense-gl","tag-deza-gl","tag-escultura-gl-2","tag-fervenza-gl","tag-galicia-gl","tag-mitos-e-lendas","tag-mitos-y-leyendas-gl","tag-monasterio-gl","tag-noroeste-peninsular-gl","tag-peninsula-iberica-gl","tag-ponte-do-demo-gl","tag-pontevedra-gl","tag-silleda-gl","tag-sociedad-gl","tag-sociedade","tag-toxa-gl","category-391","category-222","category-400","category-221","category-379","category-337","description-off"],"_links":{"self":[{"href":"https:\/\/recreacionhistoria.com\/gl\/wp-json\/wp\/v2\/posts\/7446","targetHints":{"allow":["GET"]}}],"collection":[{"href":"https:\/\/recreacionhistoria.com\/gl\/wp-json\/wp\/v2\/posts"}],"about":[{"href":"https:\/\/recreacionhistoria.com\/gl\/wp-json\/wp\/v2\/types\/post"}],"author":[{"embeddable":true,"href":"https:\/\/recreacionhistoria.com\/gl\/wp-json\/wp\/v2\/users\/2"}],"replies":[{"embeddable":true,"href":"https:\/\/recreacionhistoria.com\/gl\/wp-json\/wp\/v2\/comments?post=7446"}],"version-history":[{"count":3,"href":"https:\/\/recreacionhistoria.com\/gl\/wp-json\/wp\/v2\/posts\/7446\/revisions"}],"predecessor-version":[{"id":10779,"href":"https:\/\/recreacionhistoria.com\/gl\/wp-json\/wp\/v2\/posts\/7446\/revisions\/10779"}],"wp:featuredmedia":[{"embeddable":true,"href":"https:\/\/recreacionhistoria.com\/gl\/wp-json\/wp\/v2\/media\/7424"}],"wp:attachment":[{"href":"https:\/\/recreacionhistoria.com\/gl\/wp-json\/wp\/v2\/media?parent=7446"}],"wp:term":[{"taxonomy":"category","embeddable":true,"href":"https:\/\/recreacionhistoria.com\/gl\/wp-json\/wp\/v2\/categories?post=7446"},{"taxonomy":"post_tag","embeddable":true,"href":"https:\/\/recreacionhistoria.com\/gl\/wp-json\/wp\/v2\/tags?post=7446"}],"curies":[{"name":"wp","href":"https:\/\/api.w.org\/{rel}","templated":true}]}}