{"id":6936,"date":"2026-04-08T13:27:27","date_gmt":"2026-04-08T12:27:27","guid":{"rendered":"https:\/\/recreacionhistoria.com\/?p=6936"},"modified":"2026-04-08T13:27:27","modified_gmt":"2026-04-08T12:27:27","slug":"6926","status":"publish","type":"post","link":"https:\/\/recreacionhistoria.com\/gl\/6926\/","title":{"rendered":"A orixe da coroaci\u00f3n real"},"content":{"rendered":"<p>Na imaxiner\u00eda popular, e tam\u00e9n na art\u00edstica, a figura da <strong><em>coroa simboliza a monarqu\u00eda<\/em><\/strong>, soberan\u00eda e her\u00e1ldica c\u00edvica. Simb\u00f3licamente, cando un rei ou ra\u00ed\u00f1a son coroados o pobo out\u00f3rgalles o poder sobre eles mesmos.<\/p>\n<p><strong><em>Imos indagar a s\u00faa orixe.<\/em><\/strong><\/p>\n<p>A coroa foi considerada desde a \u00e9poca prehist\u00f3rica como un ornamento utilizado na cabeza das autoridades xa sexan da igrexa, militares ou reais. Unhas son feitas con prata, outras son de ouro, outras levan perlas.<\/p>\n<p>Na antig\u00fcidade nas cerimonias necesitaban como distinguir \u00e1s autoridades e a coroa comezou a utilizarse para visualizar que a persoa que a portaba era o rei ou a autoridade.<\/p>\n<p>A historia da coroa v\u00e9n desde a prehistoria, o punto m\u00e1is visible da persoa, \u00e9 dicir, a cabeza, era o que se utilizaba para colocar un distintivo. Atop\u00e1monos na historia con tres grandes tipos de coroas: as relixiosas que eran tocados, as dos ex\u00e9rcitos que eran os cascos, e as coroas por m\u00e9ritos deportivos, que eran de loureiro.<\/p>\n<p>En todo caso, as orixes non est\u00e1n do todo precisados, pero parece indiscutible a s\u00faa relaci\u00f3n cunha coroa vexetal semellante: a de olivos que se outorgaba aos ga\u00f1adores gregos dos Xogos Ol\u00edmpicos. Moitos consideran que Xullo C\u00e9sar utilizou a coroa de ouro imitando dous ramos de loureiro para disimular o seu calvicie. En calquera caso, a coroa triunfal ou l\u00e1urea foi a distinci\u00f3n concedida ao xeneral victorioso que entraba en Roma. Consist\u00eda nun cerco de ramas, sendo nun primeiro momento de loureiro(de al\u00ed en lat\u00edn: lavr\u0115a), pero daquela realiz\u00e1ndose en ouro.<\/p>\n<p>En canto ao nome latino desta coroa (lavr\u0115a ou laura), xerou unha familia de palabras en diversos idiomas; por exemplo, o adxectivo espa\u00f1ol: laureada\/o e o nome propio Laura.<\/p>\n<p>Esta coroa mant\u00edvose como s\u00edmbolo da vitoria ata os nosos d\u00edas, e destaca o seu uso her\u00e1ldico, que sempre simboliza a vitoria, a\u00ednda que en escudos de varios pa\u00edses hispanoamericanos, o s\u00edmbolo da l\u00e1urea adquire un significado adicional de connotacions, pois non s\u00f3 simboliza o triunfo b\u00e9lico sen\u00f3n tam\u00e9n a vitoria da liberdade. En canto ao adxectivo laureada\/o, contempor\u00e1neamente significa a persoa que logrou cumprir e superar as esixencias de educaci\u00f3n e cultura, en especial ao conclu\u00edr os estudos medios (ou &#8220;secundarios&#8221;) e, sobre todo, os universitarios.<\/p>\n<p>A coroa de loureiro \u00e9 un motivo com\u00fan en arquitectura, mobiliario e nos textiles. A coroa adoita facerse en baixorrelieve en pedra.<\/p>\n<p>As coroas dos reis est\u00e1n formadas por un c\u00edrculo ou cerco de ouro, adornado con pedras preciosas como rub\u00edes, esmeraldas, zafiros, etc. As pedras preciosas que conte\u00f1a est\u00e1n en funci\u00f3n da tradici\u00f3n familiar de cada reino, as coroas xeralmente est\u00e1n adornadas con catro ou oito florons parecidos \u00e1s follas de apio. Entre cada flor\u00f3n at\u00f3pase intercalado unha punta de ouro terminada en perlas m\u00e1is baixa que o flor\u00f3n e igual n\u00famero de diademas de ouro, a coroa remata nun orbe cruzado na parte m\u00e1is alta. A maior\u00eda das coroas reais ten unha forma parecida, con excepci\u00f3n da coroa h\u00fangara que ten forma de casco.<\/p>\n<p><img fetchpriority=\"high\" decoding=\"async\" class=\"size-medium wp-image-6929 alignleft\" src=\"https:\/\/recreacionhistoria.com\/wp-content\/uploads\/2020\/06\/Corona_Reyes-300x249.jpg\" alt=\"\" width=\"300\" height=\"249\" title=\"\" srcset=\"https:\/\/recreacionhistoria.com\/wp-content\/uploads\/2020\/06\/Corona_Reyes-300x249.jpg 300w, https:\/\/recreacionhistoria.com\/wp-content\/uploads\/2020\/06\/Corona_Reyes-1024x850.jpg 1024w, https:\/\/recreacionhistoria.com\/wp-content\/uploads\/2020\/06\/Corona_Reyes-768x637.jpg 768w, https:\/\/recreacionhistoria.com\/wp-content\/uploads\/2020\/06\/Corona_Reyes-1536x1275.jpg 1536w, https:\/\/recreacionhistoria.com\/wp-content\/uploads\/2020\/06\/Corona_Reyes-2048x1700.jpg 2048w\" sizes=\"(max-width: 300px) 100vw, 300px\" \/><\/p>\n<p>&nbsp;<\/p>\n<p>As coroas reais son herdadas, cada nova xeraci\u00f3n de reis ten o deber de portar a coroa nas cerimonias especiais, o rei ou ra\u00ed\u00f1a ao mando te\u00f1en a opci\u00f3n de realizar alg\u00fan cambio \u00e1 coroa ou na s\u00faa falta, usar unha nova coroa e manter a anterior resgardada, xa que cada reinado \u00e9 diferente e a coroa \u00e9 o s\u00edmbolo da familia real. Conforme pasou o tempo cambiaron os intereses dos reis, as\u00ed como o seu significado para o pobo que gobernan e con iso, o significado da figura da coroa.<\/p>\n<p>Sobre os tipos diferentes de coroas que hai p\u00f3dense clasificar polos distintos t\u00edtulos nobiliarios que existen. A coroa tradicional composta por un c\u00edrculo adornado de puntas ou raios, follas de acanto ou de apio, toda ela esmeralda de ouro. Por ela p\u00f3dese clasificar ou identificar a xerarqu\u00eda da persoa que a usa na s\u00faa cabeza ou sobre o seu escudo de armas pode saberse si pertence a un rei, un conde, un marqu\u00e9s ou outro grado nobiliario. En Espa\u00f1a non existe a coroaci\u00f3n, \u00e9 un acto simb\u00f3lico. En Espa\u00f1a non hai tradici\u00f3n de coroaci\u00f3n e polo tanto non existen as xoias da coroa luxosas.<\/p>\n<p>A coroa posta na cabeza en Espa\u00f1a deixouse de usar na idade media, fai aproximadamente500 anos, us\u00e1rona os reis visigodos quen copiaron o sistema do Imperio Bizantino.<\/p>\n<p>A \u00faltima coroaci\u00f3n celebrouse en Inglaterra en 1954, onde se coroou a Isabel II de Inglaterra. O \u00faltimo Papa que se coroou con tiara pontificia foi Pablo VI en 1964, os Papas que vi\u00f1eron despois usaron a mitra, que \u00e9 un tipo de coroa que representa poder, pero non \u00e9 a coroa tradicional. O resto das monarqu\u00edas que sobreviven no mundo, te\u00f1en coroas magnificas pero sempre se po\u00f1en nunha almofada e non se po\u00f1en na cabeza.<\/p>\n<p>&nbsp;<\/p>\n<p>A actual coroa real espa\u00f1ola data de 1775, segundo Patrimonio Nacional. Est\u00e1 feita de prata sobredourada e veludo. Na s\u00faa fabricaci\u00f3n utiliz\u00e1ronse as t\u00e9cnicas de cincelado, repuxado e dourado e utilizouse en todas as cerimonias de proclamaci\u00f3n desde Isabel II. Consta dun aro formado por dous molduras lisas e no medio outra plana decoraci\u00f3n repuxada sobre a creter\u00eda formada por espellos nos que se representan emblemas her\u00e1ldicos. En distintas posici\u00f3ns, enl\u00e1zanse os espellos remat\u00e1ndoos, unha coroa de loureiro da que parten oito imperiais formados por d\u00faas ramas entrelazadas, deixando claros no medio que se xuntan dentro dunha moldura circular convexa, con decoraci\u00f3n de follas de relevo. Esta \u00faltima serve de base a unha b\u00f3la con cruz de brazos iguais e decorados con follas en relevo. Ao ter un uso simb\u00f3lico, \u00e9 de grandes dimensi\u00f3ns; unha altura de 39 cm, 40 cm de di\u00e1metro e pesa case un kil\u00f3gramo.<\/p>\n<p><strong><em>En canto ao cetro real<\/em><\/strong>, este est\u00e1 constru\u00eddo cun material m\u00e1is rico que a coroa e m\u00e1is antigo, do reinado de Felipe IV, e est\u00e1 formado por un bast\u00f3n de ouro cil\u00edndrico de 68 cm revestido de filigrana de prata con esmaltes azuis. Cada 20 cent\u00edmetros loce un anel de rub\u00edes e term\u00ednao unha esfera de cristal de roca tallado en forma rombos.<\/p>\n<div id=\"attachment_6931\" style=\"width: 310px\" class=\"wp-caption aligncenter\"><img decoding=\"async\" aria-describedby=\"caption-attachment-6931\" class=\"wp-image-6931 size-medium\" src=\"https:\/\/recreacionhistoria.com\/wp-content\/uploads\/2020\/06\/CetroyCorona-300x213.jpg\" alt=\"\" width=\"300\" height=\"213\" title=\"\" srcset=\"https:\/\/recreacionhistoria.com\/wp-content\/uploads\/2020\/06\/CetroyCorona-300x213.jpg 300w, https:\/\/recreacionhistoria.com\/wp-content\/uploads\/2020\/06\/CetroyCorona.jpg 600w\" sizes=\"(max-width: 300px) 100vw, 300px\" \/><p id=\"caption-attachment-6931\" class=\"wp-caption-text\"><em>Cetro e Coroa, s\u00edmbolos do poder <\/em><\/p><\/div>\n<p>Na s\u00faa orixe, o cetro era un bast\u00f3n de mando, s\u00edmbolo do Capit\u00e1n Xeral dos Ex\u00e9rcitos. Co tempo, perdeu o seu car\u00e1cter de s\u00edmbolo militar e pasou a considerarse o cetro da Monarqu\u00eda espa\u00f1ola.<\/p>\n<p>Coroa e cetro formaron no seu momento parte dun rico guardaxoias real que por avatares hist\u00f3ricos perdeuse. No caso concreto das xoias reais, reunidas e creadas polos Austrias e os Borb\u00f3ns ao longo dos s\u00e9culos e que vincularan \u00e1 Monarqu\u00eda como patrimonio da Naci\u00f3n, estas desapareceron case por completo.<\/p>\n<p>Durante a Idade Media, <strong><em>o acto de coroaci\u00f3n<\/em><\/strong> era un acto lit\u00farxico que solemnizaba o acceso ao trono do novo rei, e implicaba a aceptaci\u00f3n da coroa e outros s\u00edmbolos propios da realeza o que confire ou confirma o t\u00edtulo de rei e permite ostentar a coroa real sobre o escudo de armas. De orixe visigodo, difundiuse logo entre os francos, e con posterioridade por toda Europa, chegando tam\u00e9n aos reinos espa\u00f1ois da Reconquista.<\/p>\n<p><img decoding=\"async\" class=\"size-medium wp-image-6933 alignright\" src=\"https:\/\/recreacionhistoria.com\/wp-content\/uploads\/2020\/06\/Coronacion-300x228.jpg\" alt=\"\" width=\"300\" height=\"228\" title=\"\" srcset=\"https:\/\/recreacionhistoria.com\/wp-content\/uploads\/2020\/06\/Coronacion-300x228.jpg 300w, https:\/\/recreacionhistoria.com\/wp-content\/uploads\/2020\/06\/Coronacion.jpg 501w\" sizes=\"(max-width: 300px) 100vw, 300px\" \/><\/p>\n<p>Como tal acto solemne, na coroa de Arag\u00f3n non \u00e9 anterior a Pedro II, o que resulta tard\u00edo en relaci\u00f3n a Castilla e outros territorios.<\/p>\n<p>En 1204, Pedro II viaxa a Roma e infeuda o reino ao papa (ent\u00f3n Inocencio III); \u00e9 dicir, decl\u00e1rase o seu vasaio e comprom\u00e9tese a pagarlle douscentos cincuenta mancusos anuais -renovando en parte o que fixera Sancho Ram\u00edrez en 1089, a\u00ednda que este encomendouse s\u00f3 persoalmente, e comprometido ao pago de cincocentos mancusos-. Inocencio III autoriza que os sucesores de Pedro II coro\u00e1sense do mesmo xeito, pero solicitando en cada caso a coroa \u00e1 Santa S\u00e9.<\/p>\n<p>Os monarcas posteriores non aceptaron esta situaci\u00f3n, Jaime I a\u00ednda que viaxa a Roma, volve sen coroarse, porque admite pagar os atrasos debidos, pero non quere comprometerse a nada que reduza o poder que conquistou coa s\u00faa espada; non logrou que o Papa aceptase as s\u00faas condici\u00f3ns, e morreu sen coroarse.<\/p>\n<p>A coroaci\u00f3n ren\u00f3vase con Pedro III pero dentro do reino e, a\u00ednda que se realice pola Igrexa, sen que se renove a infeudaci\u00f3n. Pedro III e Alfonso III (1286) protestaron ante notario que non recib\u00edan a coroa de Roma, sen\u00f3n por dereito propio.<\/p>\n<p>Alfonso IV, e os seus sucesores, para borrar todo vestixio de supeditaci\u00f3n aos eclesi\u00e1sticos, coloc\u00e1ronse a coroa eles mesmos sen permitir que o fixese o prelado oficiante, rompendo as\u00ed unha longa tradici\u00f3n. Pronto foron imitados por outros reis espa\u00f1ois.<\/p>\n<p>Alfonso IV solemnizou de xeito notable a cerimonia, cuxa ordenaci\u00f3n correu a cargo dos seus t\u00edos, os infantes Pedro e Ram\u00f3n Berenguer. O seu coroaci\u00f3n, celebrada en 1328, constit\u00fae un verdadeiro espect\u00e1culo para o pobo e os demais asistentes, que presencian, ante todo, a procesi\u00f3n entre o palacio da Aljafer\u00eda e A Seo.<\/p>\n<p>E para rematar, <strong><em>en canto ao t\u00e9rmino Maxestade<\/em><\/strong> utilizado no tratamento que reciben os Reis, en xeral, e dino case todos os historiadores, que Carlos I de Espa\u00f1a, e V de Alemania, dispuxo polo s\u00e9culo XVI -os anos 1519- que se dese aos monarcas de Espa\u00f1a o tratamento de Maxestade, os cales ata ent\u00f3n tiveron en xeral o t\u00edtulo de Alteza.<\/p>\n<p>A\u00ednda que esta \u00e9 a opini\u00f3n m\u00e1is com\u00fan, outros historiadores consideran que moito antes do reinado do Emperador e Rei, usaran xa moitos monarcas o tratamento de Maxestade, non habendo feito este \u00faltimo soberano m\u00e1is que sancionar ou establecer o uso deste dictado, que ata ent\u00f3n fora vago ou arbitrario.<\/p>\n","protected":false},"excerpt":{"rendered":"<p>Origen del uso de la Corona por los Reyes<\/p>\n","protected":false},"author":2,"featured_media":6928,"comment_status":"open","ping_status":"open","sticky":false,"template":"","format":"standard","meta":{"_monsterinsights_skip_tracking":false,"_monsterinsights_sitenote_active":false,"_monsterinsights_sitenote_note":"","_monsterinsights_sitenote_category":0,"footnotes":""},"categories":[221],"tags":[1047,1048,1044,1045,407,229,271,531,537,1049,1046,392,237],"class_list":["post-6936","post","type-post","status-publish","format-standard","has-post-thumbnail","hentry","category-recuncho-da-historia","tag-coroa","tag-coroacion","tag-corona-gl","tag-coronacion-gl","tag-costumbres-gl","tag-costumes","tag-curiosidades-historicas-gl","tag-edad-media-gl","tag-idade-media","tag-reis","tag-reyes-gl","tag-sociedad-gl","tag-sociedade","category-221","description-off"],"_links":{"self":[{"href":"https:\/\/recreacionhistoria.com\/gl\/wp-json\/wp\/v2\/posts\/6936","targetHints":{"allow":["GET"]}}],"collection":[{"href":"https:\/\/recreacionhistoria.com\/gl\/wp-json\/wp\/v2\/posts"}],"about":[{"href":"https:\/\/recreacionhistoria.com\/gl\/wp-json\/wp\/v2\/types\/post"}],"author":[{"embeddable":true,"href":"https:\/\/recreacionhistoria.com\/gl\/wp-json\/wp\/v2\/users\/2"}],"replies":[{"embeddable":true,"href":"https:\/\/recreacionhistoria.com\/gl\/wp-json\/wp\/v2\/comments?post=6936"}],"version-history":[{"count":3,"href":"https:\/\/recreacionhistoria.com\/gl\/wp-json\/wp\/v2\/posts\/6936\/revisions"}],"predecessor-version":[{"id":6939,"href":"https:\/\/recreacionhistoria.com\/gl\/wp-json\/wp\/v2\/posts\/6936\/revisions\/6939"}],"wp:featuredmedia":[{"embeddable":true,"href":"https:\/\/recreacionhistoria.com\/gl\/wp-json\/wp\/v2\/media\/6928"}],"wp:attachment":[{"href":"https:\/\/recreacionhistoria.com\/gl\/wp-json\/wp\/v2\/media?parent=6936"}],"wp:term":[{"taxonomy":"category","embeddable":true,"href":"https:\/\/recreacionhistoria.com\/gl\/wp-json\/wp\/v2\/categories?post=6936"},{"taxonomy":"post_tag","embeddable":true,"href":"https:\/\/recreacionhistoria.com\/gl\/wp-json\/wp\/v2\/tags?post=6936"}],"curies":[{"name":"wp","href":"https:\/\/api.w.org\/{rel}","templated":true}]}}