{"id":5332,"date":"2026-04-08T01:49:51","date_gmt":"2026-04-08T00:49:51","guid":{"rendered":"https:\/\/recreacionhistoria.com\/?p=5332"},"modified":"2026-04-08T01:49:51","modified_gmt":"2026-04-08T00:49:51","slug":"mariscal-pardo-de-cela-historia-y-leyenda","status":"publish","type":"post","link":"https:\/\/recreacionhistoria.com\/gl\/mariscal-pardo-de-cela-historia-y-leyenda\/","title":{"rendered":"Mariscal Pardo de Cela. Historia e Lenda"},"content":{"rendered":"<p>Parece confirmado que o <strong><em>Mariscal Pero Pardo de Cela<\/em><\/strong> Aguiar e Ribadeneyra naceu en Castro d\u00b4Ouro, na comarca de Valadouro, na provincia de Lugo. Fillo dun dos m\u00e1is nobres li\u00f1axes do Reino de Galicia. Contraeu matrimonio con Isabel de Castro, da casa de Lemos, sobri\u00f1a do Bispo da Diocese de Mondo\u00f1edo, quen inclu\u00edu no dote da s\u00faa sobri\u00f1a o castelo da Frouxeira.<\/p>\n<p>Se nos situamos en torno ao ano 1441 Pedro Pardo de Cela era o <em>Merino<\/em> (xu\u00edz e administrador do Rei) na cidade de Mondo\u00f1edo. Anos m\u00e1is tarde, entre 1467 e 1469 os rebeldes<em> Irmandi\u00f1os<\/em> inician os seus enfrontamentos con gran parte da nobreza de Galicia.<\/p>\n<p>En decembro de 1474 falece Enrique IV de Castela, deixando unha filla, \u00e1 que se lle co\u00f1ecer\u00e1 como Juana <em>\u201ca Betraneja\u201d<\/em> pola suposta paternidade atribu\u00edda ao conselleiro do Rei, Beltr\u00e1n da Cova. A herdeira, segundo os pactos acordados deb\u00eda ser Isabel, a medio irm\u00e1n de Enrique, pero ent\u00f3n a s\u00faa vi\u00fava, Juana de Portugal, defendeu os dereitos de <em>\u201ca Beltraneja\u201d<\/em>, despos\u00e1ndoa co seu irm\u00e1n, e por tanto t\u00edo da pretendente, Alfonso V de Portugal, provocando que o rei portugu\u00e9s declar\u00e1sese tam\u00e9n Rei de Castela e Le\u00f3n, comezando as\u00ed a guerra coa pretendente Isabel de Castela e o seu marido Fernando de Arag\u00f3n.<\/p>\n<div id=\"attachment_5326\" style=\"width: 310px\" class=\"wp-caption alignleft\"><img fetchpriority=\"high\" decoding=\"async\" aria-describedby=\"caption-attachment-5326\" class=\"wp-image-5326 size-medium\" style=\"background-color: transparent; color: #111111; float: left; font-family: normal Arial,Helvetica,sans-serif; font-size: 14px; font-style: normal; font-variant: normal; font-weight: 400; height: 225px; letter-spacing: normal; max-width: 1380px; orphans: 2; outline-color: #72777c; outline-style: solid; outline-width: 1px; text-align: left; text-decoration: none; text-indent: 0px; text-transform: none; -webkit-text-stroke-width: 0px; white-space: normal; word-spacing: 0px; margin: 7px 14px 7px 0px;\" src=\"https:\/\/recreacionhistoria.com\/wp-content\/uploads\/2019\/07\/CatedralMondo\u00f1edo.jpg\" alt=\"\" width=\"300\" height=\"225\" title=\"\" srcset=\"https:\/\/recreacionhistoria.com\/wp-content\/uploads\/2019\/07\/CatedralMondo\u00f1edo.jpg 1600w, https:\/\/recreacionhistoria.com\/wp-content\/uploads\/2019\/07\/CatedralMondo\u00f1edo-300x225.jpg 300w, https:\/\/recreacionhistoria.com\/wp-content\/uploads\/2019\/07\/CatedralMondo\u00f1edo-768x576.jpg 768w, https:\/\/recreacionhistoria.com\/wp-content\/uploads\/2019\/07\/CatedralMondo\u00f1edo-1024x768.jpg 1024w\" sizes=\"(max-width: 300px) 100vw, 300px\" \/><p id=\"caption-attachment-5326\" class=\"wp-caption-text\"><em>Catedral de Mondo\u00f1edo<\/em><\/p><\/div>\n<p>&nbsp;<\/p>\n<p>A esposa de Pardo de Cela, Isabel de Castro, era prima de ambas as pretendentes ao trono. A historiograf\u00eda veu mantendo que o seu marido, o mariscal -como a maior parte dos nobres galegos vinculados a Portugal- pronunciouse a favor de Juana a Beltraneja; a\u00ednda que a recente aparici\u00f3n do testamento de Pardo de Cela fai pensar que non foi as\u00ed, sen\u00f3n que foi partidario de Isabel. Un tema que a\u00ednda non est\u00e1 definitivamente clarificado.<\/p>\n<p>Segundo alg\u00fans historiadores, tras o fin da guerra de sucesi\u00f3n, reorganizado o poder pol\u00edtico de Castela, os Reis Cat\u00f3licos emprenderon a anexi\u00f3n do Reino de Galicia represaliando \u00e1s principais familias nobres galegas. Don Pero Pardo de Cela, descendente de Don Fadrique o medio irm\u00e1n do rei Pedro I, declarar\u00edase fiel \u00e1 soberan\u00eda do Reino de Galicia e rebelde, en consecuencia, \u00e1 submisi\u00f3n ao Reino de Castela.<\/p>\n<p>O certo \u00e9 que por motivos a\u00ednda non aclarados, a ra\u00ed\u00f1a Isabel adopta unha sucesi\u00f3n de duras medidas contra Pardo de Cela. En 1476 os partidarios da ra\u00ed\u00f1a deciden que o Mariscal sexa expulsado da alcald\u00eda que vi\u00f1a ocupando no municipio lucense de Viveiro.<\/p>\n<p>No ano 1480 chega desde Castela un ex\u00e9rcito ao mando do capit\u00e1n vasco-franc\u00e9s Mudarra mantendo combates durante tres anos nas terras galegas. O Mariscal f\u00edxose ent\u00f3n forte na vila de Mondo\u00f1edo, onde Mudarra fracasou nos seus intentos por detelo, recorrendo ent\u00f3n a ofrecer tesouros e perd\u00f3n aos nobres que lle axudasen a vencelo. Os desleais vasalos abriron, en setembro do ano 1483, as portas do castelo da Frouxeira aos castel\u00e1ns aproveitando a estancia de Pardo de Cela no castelo, logrando as\u00ed Mudarra deter ao Mariscal e ao seu fillo, lev\u00e1ndoos a Mondo\u00f1edo para, tras a celebraci\u00f3n dun xu\u00edzo, a s\u00faa execuci\u00f3n p\u00fablica exemplar fronte \u00e1 Catedral.<\/p>\n<p>A esposa do Mariscal, dona Isabel de Castro, con alg\u00fans dos seus, marchou, rebentando cabalos, a entrevistarse coa ra\u00ed\u00f1a cat\u00f3lica, e obtivo o indulto do seu esposo e do seu fillo, as\u00ed como do se\u00f1or de Miranda. Pero non contaba coa inimizade do Bispo e cabildo de Mondo\u00f1edo. Co\u00f1ecedores estes de o que pasaba, polos seus esp\u00edas na corte, ama\u00f1aron para que o indulto non chegase a tempo. Amenceu, por fin, o d\u00eda en que hab\u00eda de executarse a sentenza. Dona Isabel de Castro acheg\u00e1base e deb\u00eda chegar traendo da s\u00faa man a carta real. Ent\u00f3n, tres c\u00f3engos de Mondo\u00f1edo, disfrazados, sa\u00edron a esperala \u00e1 entrada da vila, onde hai unha ponte sobre o r\u00edo. Ao chegar a dama, entretiv\u00e9rona confi\u00e1ndolle supostos secretos e ofrec\u00e9ndolles comida, ata que ao escoitar camp\u00e1balas dobrar a morto en todas as igrexas, comprendeu que o seu esposo e fillo foran xa executados.<\/p>\n<p>En efecto, na praza de Mondo\u00f1edo acababan de caer o tres nobres cabezas de Pedro de Miranda, do novo fillo do Mariscal e de Pero Pardo de Cela. A cabeza deste, ao rodar sobre o cadalso, deu tres botes e proferiu tres palabras: <em>\u00abCredo! Credo! Credo!\u00bb.<\/em> Non faltan quen afirmen que o que a cabeza gritou foi:<em> \u00abClero! Clero! Clero!\u00bb<\/em> para indicar quen eran os causantes da s\u00faa desgraza. Tam\u00e9n poder\u00eda ser<em> \u201cCock, Cock, Cock\u201d <\/em>ou\u00a0outro son parecido produto do golpeo dun obxecto coa tarima de madeira\u2026 At\u00e9 aqu\u00ed unha lenda ou historia non totalmente aclarada.<\/p>\n<div id=\"attachment_5328\" style=\"width: 310px\" class=\"wp-caption alignright\"><img decoding=\"async\" aria-describedby=\"caption-attachment-5328\" class=\"wp-image-5328 size-medium\" src=\"https:\/\/recreacionhistoria.com\/wp-content\/uploads\/2019\/07\/PuentePasatiempoMondo\u00f1edo.jpg\" alt=\"\" width=\"300\" height=\"222\" title=\"\" srcset=\"https:\/\/recreacionhistoria.com\/wp-content\/uploads\/2019\/07\/PuentePasatiempoMondo\u00f1edo.jpg 1056w, https:\/\/recreacionhistoria.com\/wp-content\/uploads\/2019\/07\/PuentePasatiempoMondo\u00f1edo-300x222.jpg 300w, https:\/\/recreacionhistoria.com\/wp-content\/uploads\/2019\/07\/PuentePasatiempoMondo\u00f1edo-768x569.jpg 768w, https:\/\/recreacionhistoria.com\/wp-content\/uploads\/2019\/07\/PuentePasatiempoMondo\u00f1edo-1024x758.jpg 1024w\" sizes=\"(max-width: 300px) 100vw, 300px\" \/><p id=\"caption-attachment-5328\" class=\"wp-caption-text\">Ponte do Pasatempo, Mondo\u00f1edo<\/p><\/div>\n<p>&nbsp;<\/p>\n<p>A fortaleza da Frouxeira foi arrasada. A dona Isabel de Castro f\u00f3ronlle devoltos todos os bens dela e do seu esposo. Pero o lugar da sepultura deste e do seu fillo ign\u00f3rase. No Museo Provincial de Lugo cons\u00e9rvase unha longa e pesada cadea de enormes elos, que se di foi a que suxeitou os p\u00e9s de Pardo de Cela na s\u00faa prisi\u00f3n, e que por iso \u00e9 chamada a <em>Mariscala.<\/em> A ponte, en Mondo\u00f1edo, onde se frustrou o indulto ch\u00e1mase a\u00ednda hoxe <em>Ponte do Pasatempo<\/em>.<\/p>\n<p>Con numerosos intentos actuais por arrimar ao seu car\u00f3n ao Mariscal e a s\u00faa posici\u00f3n, a favor ou en contra da coroa de Castela, trasladando as\u00ed a s\u00faa <em>\u201csuposta\u201d<\/em> rebeld\u00eda como exemplo aos tempos actuais, o certo \u00e9 que resulta moi complicado conciliar, historia, lenda e documentos. En todo caso a s\u00faa vida e historia \u00e9 digna de ser lembrade, sexa ou non verdade.<\/p>\n","protected":false},"excerpt":{"rendered":"<p>Parece confirmado que o Mariscal Pero Pardo de Cela Aguiar e Ribadeneyra naceu en Castro d\u00b4Ouro, na comarca de Valadouro, na provincia de Lugo. Fillo dun dos m\u00e1is nobres li\u00f1axes do Reino de Galicia. Contraeu matrimonio con Isabel de Castro, da casa de Lemos, sobri\u00f1a do Bispo da Diocese de Mondo\u00f1edo, quen inclu\u00edu no dote&hellip;<\/p>\n","protected":false},"author":2,"featured_media":5325,"comment_status":"open","ping_status":"open","sticky":false,"template":"","format":"standard","meta":{"_monsterinsights_skip_tracking":false,"_monsterinsights_sitenote_active":false,"_monsterinsights_sitenote_note":"","_monsterinsights_sitenote_category":0,"footnotes":""},"categories":[391,222,221],"tags":[273,271,236,445],"class_list":["post-5332","post","type-post","status-publish","format-standard","has-post-thumbnail","hentry","category-edad-media-gl","category-idade-media","category-recuncho-da-historia","tag-biografias-gl","tag-curiosidades-historicas-gl","tag-mitos-e-lendas","tag-mitos-y-leyendas-gl","category-391","category-222","category-221","description-off"],"_links":{"self":[{"href":"https:\/\/recreacionhistoria.com\/gl\/wp-json\/wp\/v2\/posts\/5332","targetHints":{"allow":["GET"]}}],"collection":[{"href":"https:\/\/recreacionhistoria.com\/gl\/wp-json\/wp\/v2\/posts"}],"about":[{"href":"https:\/\/recreacionhistoria.com\/gl\/wp-json\/wp\/v2\/types\/post"}],"author":[{"embeddable":true,"href":"https:\/\/recreacionhistoria.com\/gl\/wp-json\/wp\/v2\/users\/2"}],"replies":[{"embeddable":true,"href":"https:\/\/recreacionhistoria.com\/gl\/wp-json\/wp\/v2\/comments?post=5332"}],"version-history":[{"count":3,"href":"https:\/\/recreacionhistoria.com\/gl\/wp-json\/wp\/v2\/posts\/5332\/revisions"}],"predecessor-version":[{"id":6007,"href":"https:\/\/recreacionhistoria.com\/gl\/wp-json\/wp\/v2\/posts\/5332\/revisions\/6007"}],"wp:featuredmedia":[{"embeddable":true,"href":"https:\/\/recreacionhistoria.com\/gl\/wp-json\/wp\/v2\/media\/5325"}],"wp:attachment":[{"href":"https:\/\/recreacionhistoria.com\/gl\/wp-json\/wp\/v2\/media?parent=5332"}],"wp:term":[{"taxonomy":"category","embeddable":true,"href":"https:\/\/recreacionhistoria.com\/gl\/wp-json\/wp\/v2\/categories?post=5332"},{"taxonomy":"post_tag","embeddable":true,"href":"https:\/\/recreacionhistoria.com\/gl\/wp-json\/wp\/v2\/tags?post=5332"}],"curies":[{"name":"wp","href":"https:\/\/api.w.org\/{rel}","templated":true}]}}