{"id":5015,"date":"2026-04-07T15:16:34","date_gmt":"2026-04-07T14:16:34","guid":{"rendered":"https:\/\/recreacionhistoria.com\/?p=5015"},"modified":"2026-04-07T15:16:34","modified_gmt":"2026-04-07T14:16:34","slug":"la-cruzada-de-los-pobres-y-de-los-ninos","status":"publish","type":"post","link":"https:\/\/recreacionhistoria.com\/gl\/la-cruzada-de-los-pobres-y-de-los-ninos\/","title":{"rendered":"A cruzada dos pobre e dos nenos"},"content":{"rendered":"<p>No \u00e1mbito das Cruzadas, tema sobre o que xa publicamos: <a href=\"https:\/\/recreacionhistoria.com\/las-cruzadas-las-guerras-en-nombre-de-dios\/?lang=gl\">As Cruzadas. Guerras en nome de Deus<\/a>, especial atenci\u00f3n merece a <strong><em>\u201ccruzada dos pobres\u201d e as \u201ccruzadas dos nenos\u201d.<\/em><\/strong><\/p>\n<p>Todo empezou cando Pedro o Ermit\u00e1n, l\u00edder do baixo clero, fixo unha chamada aos humildes predicando a cruzada nos burgos e campos de Italia e Francia. Pedro, home de pequena talla, face adusta, longa barba que vest\u00eda unha sinxela t\u00fanica de la e sandalias logrou a gloria e honor das multitudes coma se dun santo trat\u00e1sese, consider\u00e1ndose feliz todo aquel que pod\u00eda bicar ou tocar os seus vestidos.<\/p>\n<p>Atendendo \u00e1 chamada que fixera \u00e1 nobreza europea o Papa Urbano II en 1095 para a invasi\u00f3n de Terra Santa, Pedro o Ermit\u00e1n exhortou aos pobres \u00e1 recuperaci\u00f3n dos Lugares Santos. A\u00ed empezou a traxedia para unhas 100.000 persoas, entre homes, mulleres e nenos. Pensemos que se trataba dunha poboaci\u00f3n que carec\u00eda de armas, lev\u00e1ndose con eles ferramentas da casa e do gando, coma se trat\u00e1sese dunha curta viaxe desde Colonia, lugar de partida ata Constantinopla.<\/p>\n<p>Converteuse nunha macha \u00e9pica na que abundaron fat\u00edgalas, a desolaci\u00f3n e o fame. Saqueaban as aldeas e roubaban o gando para alimentarse, polo que os pobos v\u00edronse obrigados en moitas ocasi\u00f3ns a usar a forza para librarse deles.<\/p>\n<p>Cando chegaron a Constantinopla, o emperador bizantino Afasto I facilitoulles os buques para o paso do B\u00f3sforo. Afasto aconselloulle a Pedro o Ermit\u00e1n que acampase \u00e1 espera do resto de cruzados de orixe europea, pero a impaciencia dos lugartenentes do Ermit\u00e1n decidiron seguir a traves\u00eda animados polos bot\u00edns que consegu\u00edan no cami\u00f1o.<\/p>\n<p>En Nicea foron emboscados e aniquilados polos turcos. Pedro o Ermit\u00e1n e un reducido grupo de superviventes regresaron a Constantinopla \u00e1 espera dos cabaleiros cruzados na que ser\u00eda co\u00f1ecida como a primeira cruzada.<\/p>\n<p><img fetchpriority=\"high\" decoding=\"async\" class=\"size-medium wp-image-5009 alignleft\" src=\"https:\/\/recreacionhistoria.com\/wp-content\/uploads\/2019\/07\/Cruzadani\u00f1os.jpg\" alt=\"\" width=\"300\" height=\"194\" title=\"\" srcset=\"https:\/\/recreacionhistoria.com\/wp-content\/uploads\/2019\/07\/Cruzadani\u00f1os.jpg 640w, https:\/\/recreacionhistoria.com\/wp-content\/uploads\/2019\/07\/Cruzadani\u00f1os-300x194.jpg 300w\" sizes=\"(max-width: 300px) 100vw, 300px\" \/><\/p>\n<p>D\u00e9cadas m\u00e1is tarde, posterior \u00e1 Cuarta Cruzada, organizouse outra cruzada popular composta por nenos e mozos na esperanza de que estes ter\u00edan o favor de Deus e, polo tanto, ser\u00edalles m\u00e1is f\u00e1cil alcanzar a terra prometida e derrotar aos sarracenos. Esta \u00e9 co\u00f1ecida como a cruzada dos nenos e puido ser a orixe do conto do frautista de Hamel\u00edn (neste enlace, podedes ver outra posible orixe do citado conto)<\/p>\n<p>Segundo alg\u00fans autores, o frautista de Hamel\u00edn foi un novo pastor chamado Esteban de Vend\u00f4me quen no mes de maio de 1212 presentouse nalgunhas aldeas e cidades de Francia labia e serv\u00edndose dunha visi\u00f3n celestial que, aseguraba haber tido, na que se lle ordenaba ir a Palestina para liberala dos musulm\u00e1ns non con cruzados adultos, sen\u00f3n por mozos como el mesmo, conseguiu que uns 20.000 nenos respondesen \u00e1 s\u00faa chamada e abandonasen os seus fogares sen mapas nin gu\u00edas para seguir a Esteban a Niza , no Sur de Francia.<\/p>\n<p>No cami\u00f1o por cidades e pobos arrasaron coa comida que atoparon, transform\u00e1ndose nunha praga de lagostas m\u00e1is que nunha cruzada infantil. Cami\u00f1o de Niza moitos dos nenos falecen e outros desertan, chegando menos de 2.000 nenos e 200 adultos en bo estado. Unha vez al\u00ed, rezan durante d\u00faas semanas -seguindo ao visionario de Esteban a quen Xesucristo hab\u00edalle devandito que deb\u00edan rezar para que se abrise o mar de pao a pao, ero co pasar das horas non sucede nada.<\/p>\n<p>Dous mercadores sen escr\u00fapulos ofr\u00e9cense a levalos en sete barcos a Terra Santa. En Cerde\u00f1a af\u00fandense dous dos barcos, chegando os outros cinco a terras de Alexandr\u00eda, onde os nenos son vendidos como escravos polos mercadores que tan amablemente \u201cprest\u00e1ronlles\u201d as embarcaci\u00f3ns, sempre, por suposto, no nome de Deus.<\/p>\n<p><strong><em>\u00a1Ese foi o fin desta cruzada infantil!<\/em><\/strong><\/p>\n<p>Anos m\u00e1is tarde houbo outra cruzada similar liderouna Nicol\u00e1s, outro pastor moi xoven, de Colonia, quen afirmou haber tido unha visi\u00f3n similar \u00e1 de Esteban.<\/p>\n<p>Os 20.000 nenos que lle seguiron non tiveron mellor sorte que os seus colegas franceses. Miles e eles morreron de fame ou en accidentes polo cami\u00f1o ao querer cruzar os Alpes en Italia. Esta vez o Bispo de Brindisi tomou cartas no asunto e ordenou que os nenos regresasen aos seus fogares. Todos obedeceron, pero poucos chegaron a Alemania para poder contar o relato que puido dar orixe \u00e1 lenda do frautista de Hamelin que escribiron os irm\u00e1ns Grimm.<\/p>\n<p>Como sabemos a historia empeza na aldei\u00f1a alem\u00e1 de Hamel\u00edn, preto de Hannover, onde o frautista prop\u00f3n un remedio contra a praga de ratas que abordelaba a cidade. Como sabemos, utilizando a mesma t\u00e9cnica, levouse aos nenos do pobo ante a falta de pagamento polo seu traballo. De feito, e para non esquecerse por onde desapareceran os nenos a r\u00faa segue cham\u00e1ndose R\u00faa do Frautista. As datas en que isto ocorreu var\u00edan segundo os narradores que a sit\u00faan nos s\u00e9culos XIII ou XIV.<\/p>\n<p>En todo caso, todo parece indicar que parte da s\u00faa inspiraci\u00f3n foron as d\u00faas cruzadas infant\u00eds a inicios do s\u00e9culo XIII e medio s\u00e9culo m\u00e1is tarde, a chegada dunha aut\u00e9ntica praga de ratas que debeu abordelar esa localidade.<\/p>\n","protected":false},"excerpt":{"rendered":"<p>No \u00e1mbito das Cruzadas, tema sobre o que xa publicamos: As Cruzadas. Guerras en nome de Deus, especial atenci\u00f3n merece a \u201ccruzada dos pobres\u201d e as \u201ccruzadas dos nenos\u201d. Todo empezou cando Pedro o Ermit\u00e1n, l\u00edder do baixo clero, fixo unha chamada aos humildes predicando a cruzada nos burgos e campos de Italia e Francia.&hellip;<\/p>\n","protected":false},"author":2,"featured_media":5012,"comment_status":"open","ping_status":"open","sticky":false,"template":"","format":"standard","meta":{"_monsterinsights_skip_tracking":false,"_monsterinsights_sitenote_active":false,"_monsterinsights_sitenote_note":"","_monsterinsights_sitenote_category":0,"footnotes":""},"categories":[391,222,221],"tags":[444,230,271,540,553,236,445,392,237],"class_list":["post-5015","post","type-post","status-publish","format-standard","has-post-thumbnail","hentry","category-edad-media-gl","category-idade-media","category-recuncho-da-historia","tag-creencias-gl","tag-crenzas","tag-curiosidades-historicas-gl","tag-guerras-e-batallas","tag-guerras-y-batallas-gl","tag-mitos-e-lendas","tag-mitos-y-leyendas-gl","tag-sociedad-gl","tag-sociedade","category-391","category-222","category-221","description-off"],"_links":{"self":[{"href":"https:\/\/recreacionhistoria.com\/gl\/wp-json\/wp\/v2\/posts\/5015","targetHints":{"allow":["GET"]}}],"collection":[{"href":"https:\/\/recreacionhistoria.com\/gl\/wp-json\/wp\/v2\/posts"}],"about":[{"href":"https:\/\/recreacionhistoria.com\/gl\/wp-json\/wp\/v2\/types\/post"}],"author":[{"embeddable":true,"href":"https:\/\/recreacionhistoria.com\/gl\/wp-json\/wp\/v2\/users\/2"}],"replies":[{"embeddable":true,"href":"https:\/\/recreacionhistoria.com\/gl\/wp-json\/wp\/v2\/comments?post=5015"}],"version-history":[{"count":2,"href":"https:\/\/recreacionhistoria.com\/gl\/wp-json\/wp\/v2\/posts\/5015\/revisions"}],"predecessor-version":[{"id":5017,"href":"https:\/\/recreacionhistoria.com\/gl\/wp-json\/wp\/v2\/posts\/5015\/revisions\/5017"}],"wp:featuredmedia":[{"embeddable":true,"href":"https:\/\/recreacionhistoria.com\/gl\/wp-json\/wp\/v2\/media\/5012"}],"wp:attachment":[{"href":"https:\/\/recreacionhistoria.com\/gl\/wp-json\/wp\/v2\/media?parent=5015"}],"wp:term":[{"taxonomy":"category","embeddable":true,"href":"https:\/\/recreacionhistoria.com\/gl\/wp-json\/wp\/v2\/categories?post=5015"},{"taxonomy":"post_tag","embeddable":true,"href":"https:\/\/recreacionhistoria.com\/gl\/wp-json\/wp\/v2\/tags?post=5015"}],"curies":[{"name":"wp","href":"https:\/\/api.w.org\/{rel}","templated":true}]}}