{"id":3435,"date":"2026-04-07T01:45:07","date_gmt":"2026-04-07T00:45:07","guid":{"rendered":"https:\/\/beta.animationgraphics.net\/?p=3435"},"modified":"2026-04-07T01:45:07","modified_gmt":"2026-04-07T00:45:07","slug":"comprar-alquilar-trajes-de-epoca","status":"publish","type":"post","link":"https:\/\/recreacionhistoria.com\/gl\/comprar-alquilar-trajes-de-epoca\/","title":{"rendered":"Mercar \/ alugar traxes de \u00e9poca"},"content":{"rendered":"<p>Dentro desta web dedicamos un espazo no que poder aportar a nosa experiencia tras varios anos asistindo a numerosas festas e eventos de recreaci\u00f3n hist\u00f3rica. Ir\u00e9mosvos falando sobre sitios onde durmir, comer, adquirir vestimenta e complementos, calzado de \u00e9poca, orfebrer\u00eda, artesan\u00eda, etc. Todas as nosas proposta neste \u00e1mbito bas\u00e9anse na nosa experiencia a hora de mercar ou consumir, e non responde a ning\u00fan incentivo lucrativo ou econ\u00f3mico.<\/p>\n<p>Nesta entrada falar\u00e9mosvos sobre onde poder adquirir traxes para caracterizarvos ao <em>&#8220;xeito&#8221;<\/em> medieval. E a\u00ednda que, adoitamos adquirir pezas de vestir medievais a tres proveedores distintos, dependendo o tipo de traxe ou fin perseguido, hoxe \u00edmosvos a falar sobre un deles que conxuga un bo prezo cun magn\u00edfico dese\u00f1o e calidade de teas e acabados. Estamos falando de <strong><em>Popel\u00edn<\/em><\/strong>. Guadalupe, as\u00ed se chama a propietaria e <em>&#8220;alma mater&#8221;<\/em> desta empresa familiar, presenta un magn\u00edfico cat\u00e1logo de traxes medievais realizados con dese\u00f1os propios e que se poden adaptar aos clientes que queiran unha confecci\u00f3n personalizada.<\/p>\n<p>A s\u00faa s\u00e9 principal est\u00e1 en Bueu (Pontevedra), no entanto, m\u00f3vense por moitas localidades, de feito n\u00f3s fix\u00e9moslle compras en Corcubi\u00f3n e Betanzos, ademais dalg\u00fans encargos personalizados. A s\u00faa oferta \u00e9 de traxes para mercar ou\u00a0 aluguar. No caso dos de aluguer, polo que sabemos obt\u00e9n unha magn\u00edfica resposta durante a s\u00faa estancia no Liceo de Betanzos (sito na Praza de Galicia), coincidindo coa Feira Franca que anualmente real\u00edzase nesta localidade nos primeiros d\u00edas do mes de xullo. A outra v\u00eda \u00e9 a adquisici\u00f3n, e p\u00f3dense adquirir a trav\u00e9s de internet www.trajemedieval.com, ou vendo &#8220;<em>in situ&#8221;<\/em> as s\u00faas propostas. Guadalupe presenta unha colecci\u00f3n de centenares de dese\u00f1os, con boas calidades de teas e acabados. Ten traxes para os m\u00e1is pequenos, talla 0, ata os m\u00e1is fores, talla 3XL, con traxes para caracterizarse como cabaleiros, arqueros, cortes\u00e1s, damas, princesas, campesi\u00f1as, etc. Ademais presenta tam\u00e9n un bo n\u00famero de complementos como: cintos, t\u00fanicas, bolsos, mandiles, coroas, gorros, etc.<br \/>\nN\u00f3s mercamos varias pezas, en diferentes anos, para os tres (dous adultos e unha nena) e todos est\u00e1n en magn\u00edfico uso, o que acredita a s\u00faa boa calidade e confecci\u00f3n. De feito, actualmente estanos facendo un pedido personalizado.<\/p>\n<p>Si estades interesados en contactar con ela, podedes facelo a trav\u00e9s da web antes apuntada, na que ten unha tenda online, a trav\u00e9s de tel\u00e9fono ou WhatsApp por medio do n\u00famero 661535640, ou mediante correo electr\u00f3nico info@trajemedieval.com.<\/p>\n<p>Esperamos que esta suxesti\u00f3n res\u00faltevos de utilidade.<\/p>\n","protected":false},"excerpt":{"rendered":"<p>Dentro desta web dedicamos un espazo no que poder aportar a nosa experiencia tras varios anos asistindo a numerosas festas e eventos de recreaci\u00f3n hist\u00f3rica. Ir\u00e9mosvos falando sobre sitios onde durmir, comer, adquirir vestimenta e complementos, calzado de \u00e9poca, orfebrer\u00eda, artesan\u00eda, etc. Todas as nosas proposta neste \u00e1mbito bas\u00e9anse na nosa experiencia a hora de&hellip;<\/p>\n","protected":false},"author":2,"featured_media":3692,"comment_status":"open","ping_status":"open","sticky":false,"template":"","format":"standard","meta":{"_monsterinsights_skip_tracking":false,"_monsterinsights_sitenote_active":false,"_monsterinsights_sitenote_note":"","_monsterinsights_sitenote_category":0,"footnotes":""},"categories":[378,348,379,337],"tags":[380,290,210,381,382,259],"class_list":["post-3435","post","type-post","status-publish","format-standard","has-post-thumbnail","hentry","category-compra-alquiler-trajes-gl","category-compra-aluger-traxes","category-sugerencias-gl","category-suxestions-gl","tag-castrexo-gl","tag-celta-gl","tag-medieval-gl","tag-normando-gl","tag-vikinga-gl","tag-viquingo","category-378","category-348","category-379","category-337","description-off"],"_links":{"self":[{"href":"https:\/\/recreacionhistoria.com\/gl\/wp-json\/wp\/v2\/posts\/3435","targetHints":{"allow":["GET"]}}],"collection":[{"href":"https:\/\/recreacionhistoria.com\/gl\/wp-json\/wp\/v2\/posts"}],"about":[{"href":"https:\/\/recreacionhistoria.com\/gl\/wp-json\/wp\/v2\/types\/post"}],"author":[{"embeddable":true,"href":"https:\/\/recreacionhistoria.com\/gl\/wp-json\/wp\/v2\/users\/2"}],"replies":[{"embeddable":true,"href":"https:\/\/recreacionhistoria.com\/gl\/wp-json\/wp\/v2\/comments?post=3435"}],"version-history":[{"count":4,"href":"https:\/\/recreacionhistoria.com\/gl\/wp-json\/wp\/v2\/posts\/3435\/revisions"}],"predecessor-version":[{"id":3638,"href":"https:\/\/recreacionhistoria.com\/gl\/wp-json\/wp\/v2\/posts\/3435\/revisions\/3638"}],"wp:featuredmedia":[{"embeddable":true,"href":"https:\/\/recreacionhistoria.com\/gl\/wp-json\/wp\/v2\/media\/3692"}],"wp:attachment":[{"href":"https:\/\/recreacionhistoria.com\/gl\/wp-json\/wp\/v2\/media?parent=3435"}],"wp:term":[{"taxonomy":"category","embeddable":true,"href":"https:\/\/recreacionhistoria.com\/gl\/wp-json\/wp\/v2\/categories?post=3435"},{"taxonomy":"post_tag","embeddable":true,"href":"https:\/\/recreacionhistoria.com\/gl\/wp-json\/wp\/v2\/tags?post=3435"}],"curies":[{"name":"wp","href":"https:\/\/api.w.org\/{rel}","templated":true}]}}