{"id":2839,"date":"2026-04-07T07:49:50","date_gmt":"2026-04-07T06:49:50","guid":{"rendered":"https:\/\/beta.animationgraphics.net\/almanzor-en-santiago-de-compostela\/"},"modified":"2026-04-07T07:49:50","modified_gmt":"2026-04-07T06:49:50","slug":"almanzor-en-santiago-de-compostela","status":"publish","type":"post","link":"https:\/\/recreacionhistoria.com\/gl\/almanzor-en-santiago-de-compostela\/","title":{"rendered":"Almanzor en Santiago de Compostela"},"content":{"rendered":"<p>Abu Amir Muhammad ben Abi Amir a o-Ma Afiri, mais co\u00f1ecido como <em><strong>Almanzor<\/strong><\/em> foi un militar e pol\u00edtico andalus\u00ed, caudillo do Califato de C\u00f3rdoba e chambel\u00e1n de Hisham II, o terceiro califa omeya de C\u00f3rdoba.<br \/>\nEste caudillo \u00e1rabe pasou \u00e1 historia polas s\u00faas campa\u00f1as contra os cristi\u00e1ns.<\/p>\n<p>Entre os anos 977 e 1002 levou a cabo un total de 56 incursiones en terras cristi\u00e1s sen co\u00f1ecer a derrota, raz\u00f3n pola cal recibiu o sobrenome da o-Mansur billah (<em>o Victorioso de Al<\/em>\u00e1), co que pasar\u00eda \u00e1 historia. Trat\u00e1base de razias r\u00e1pidas e devastadoras, realizadas durante os meses de primavera e ver\u00e1n, que ti\u00f1an por obxecto sem<img fetchpriority=\"high\" decoding=\"async\" class=\"size-medium wp-image-2710 alignright\" style=\"background-color: transparent; color: #333333; float: left; font-family: normal Arial,Helvetica,sans-serif; font-size: 14px; font-style: normal; font-variant: normal; font-weight: 400; height: 235px; letter-spacing: normal; max-width: 1289.33px; orphans: 2; text-align: left; text-decoration: none; text-indent: 0px; text-transform: none; -webkit-text-stroke-width: 0px; white-space: normal; word-spacing: 0px; margin: 7px 14px 7px 0px;\" src=\"https:\/\/recreacionhistoria.com\/wp-content\/uploads\/2018\/11\/Campa\u00f1asAlmanzor.png\" alt=\"\" width=\"300\" height=\"235\" title=\"\" srcset=\"https:\/\/recreacionhistoria.com\/wp-content\/uploads\/2018\/11\/Campa\u00f1asAlmanzor.png 889w, https:\/\/recreacionhistoria.com\/wp-content\/uploads\/2018\/11\/Campa\u00f1asAlmanzor-300x235.png 300w, https:\/\/recreacionhistoria.com\/wp-content\/uploads\/2018\/11\/Campa\u00f1asAlmanzor-768x602.png 768w\" sizes=\"(max-width: 300px) 100vw, 300px\" \/>brar o terror entre os habitantes dos reinos cristi\u00e1ns do norte peninsular.<\/p>\n<p>As riquezas e o reco\u00f1ecemento non eran lo m\u00e1s salientable para Almanzor que estaba disposto a levar a palabra de Mahoma a todos os recunchos da pen\u00ednsula Ib\u00e9rica, a\u00ednda que f\u00f3ra pola forza das armas. Aa s\u00faas continuas victorias sobre os reinos cristi\u00e1ns extender\u00e1n a iniciativa de que era un brazo ejecutor da intenci\u00f3n suprema de Al\u00e1. A <em>yihad ou \u00abguerra santa\u00bb<\/em>, inspirada pola ley isl\u00e1mica, era o medio para conseguir os seus prop\u00f3sitos.<\/p>\n<p>El soado caudillo musulm\u00e1n invadiu Galicia e foi o que logrou chegar m\u00e1is o norte do territorio peninsular, pasando Lugo ata Ortigueira e p<img decoding=\"async\" class=\"wp-image-2706 size-thumbnail alignright\" style=\"background-color: transparent; color: #333333; float: right; font-family: normal Arial,Helvetica,sans-serif; font-size: 14px; font-style: normal; font-variant: normal; font-weight: 400; height: 150px; letter-spacing: normal; max-width: 1289.33px; orphans: 2; text-align: left; text-decoration: none; text-indent: 0px; text-transform: none; -webkit-text-stroke-width: 0px; white-space: normal; word-spacing: 0px; margin: 7px 0px 7px 14px;\" src=\"https:\/\/recreacionhistoria.com\/wp-content\/uploads\/2018\/11\/Almanzor-en-Santiago-2.jpg\" alt=\"\" width=\"150\" height=\"150\" title=\"\">enetrando en Santiago de Compostela. En li\u00f1a coa s\u00faa intenci\u00f3n de manter a s\u00faa posici\u00f3n de forza na o-Andalus, non hab\u00eda mellor escaparate que saquear un dos centros de culto do cristianismo. Por iso, no ver\u00e1n do ano 997, abordelou Santiago de Compostela, despois de que o bispo Pedro de Mendoza evacuara a cidade, deix\u00e1ndoa deserta polo temor dos seus moradores cara \u00e1 co\u00f1ecida crueldade de Almanzor.<\/p>\n<p>Entrou dacabalo na igrexas e queimou o templo prerrom\u00e1nico pero respectando o sepulcro do Ap\u00f3stolo. Isto permitiu a continuidade do Cami\u00f1o de Santiago. Segundo conta Alfonso X o Sabio, Almanzor fixo 4000 prisioneiros, aos que obrigou a cargar durante 200 leguas coas camp\u00e1s pequenas da igrexa. Non ser\u00eda ata dous s\u00e9culos e medio m\u00e1is tarde, que Santiago recuperar\u00eda as s\u00faas camp\u00e1s cando Fernando III o Santo recuperounas, esta vez aos ombreiros dos sarracenos.<\/p>\n<p><img decoding=\"async\" class=\"size-full wp-image-2708 alignleft\" src=\"https:\/\/recreacionhistoria.com\/wp-content\/uploads\/2018\/11\/Campanas-y-Almanzor-3.jpg\" alt=\"\" width=\"295\" height=\"203\" title=\"\"><\/p>\n<p>As cr\u00f3nicas musulm\u00e1s introducen outra lenda que conta como se salvou do saqueo o sepulcro do ap\u00f3stolo Santiago. Segundo as s\u00faas fontes, ao chegar \u00e1 localidade deserta, Almanzor atopou un ermita\u00f1o sentado sobre o sepulcro e preguntoulle: <em>\u00abPor que est\u00e1s aqu\u00ed?\u00bb<\/em>, a iso que o gardi\u00e1n respondeu: <em>\u00abEu son familiar de Santiago\u00bb<\/em>. Ent\u00f3n, poida que por respecto ou por superstici\u00f3n, o heroe musulm\u00e1n mandou que ningu\u00e9n fixese dano ao ermita\u00f1o e que se protexese a tumba da s\u00faa profanaci\u00f3n. Ordenou a retirada e en Lamego despediuse aos condes cristi\u00e1ns que foron premiados con magn\u00edficos vestidos. Semanas m\u00e1is tarde, chegaba a C\u00f3rdoba con moit\u00edsimos cautivos, as camp\u00e1s da igrexa de Santiago e as follas das portas da cidade.<\/p>\n<p>As camp\u00e1s utiliz\u00e1ronse como l\u00e1mpadas para a mezquita e as portas como armadura dos teitos das novas naves que se estaban constru\u00edndo en dita mezquita maior.<\/p>\n<p>&nbsp;<\/p>\n<p>A presenza de Almanzor en Galicia deu p\u00e9 a moitas lendas, onde o caudillo musulm\u00e1n adquire un especial protagonismo. Unha delas di o seguinte:<\/p>\n<p style=\"padding-left: 30px;\"><em>Ao estenderse a noticia de que o temido caudillo avanzaba coas s\u00faas numerosas e avezadas tropas, as xentes de vilas e aldeas fux\u00edan abandonando as s\u00faas casas, campos e gando; os se\u00f1ores feudales, ante a inminencia dun perigo ao que non pod\u00edan resistir, collidos por sorpresa pola rapidez do ataque inesperado, deixaban tam\u00e9n os seus castelos, afast\u00e1ndose cara ao Norte, para agruparse al\u00ed e emprender unidos o contraataque para rexeitar aos mouros.<\/em><\/p>\n<p style=\"padding-left: 30px;\"><em>Atravesando as monta\u00f1as de Fuentefr\u00eda, o ex\u00e9rcito comandado por Almanzor estendeuse por toda a comarca de Salvatierra, levando a sangue e lume o seu avance victorioso, apoder\u00e1ndose de gandos que haber\u00edan de alimentar aos seus homes e de todo o que puidese servirlles para afianzar o seu poder\u00edo e defenderse dunha recuperaci\u00f3n por parte dos galegos. As\u00ed chegou ata os vales de Troncoso, San Pedro e As Oliveiras, nas cercan\u00edas do castelo de Sobroso, e neste lugar o seu capit\u00e1n Ab-de o-Kader adiantouse para explorar o cami\u00f1o e observar as disposici\u00f3ns e elementos de defensa con que contaba. Mais, o castelo ach\u00e1base abandonado e a\u00ednda m\u00e1is sorprendidos quedaron ao comprobar que as s\u00faas portas estaban abertas. Con cautela entraron alg\u00fans mouros no patio, e, convencidos tomaron posesi\u00f3n del e enviaron a noticia a Almanzor. <\/em><\/p>\n<p style=\"padding-left: 30px;\"><em>Rendo Ab-de o-Kader e os seus homes, instalados nos sal\u00f3ns da torre da homenaxe e as s\u00faas dependencias, dispo\u00f1\u00edanse a gozar dun descanso saboreando os vi\u00f1os que acharan, o\u00edron, non sen inquietude, unha suave e estra\u00f1a m\u00fasica que acompa\u00f1aba o recital dun romance. Ab-de o-Kader e os seus subordinados subiron ata a plataforma da torre, de onde vi\u00f1a a voz; al\u00ed un vello cego, sen d\u00fabida juglar do se\u00f1or de Sobroso, tocaba unha zanfo\u00f1a coa que acompa\u00f1aba a s\u00faa canci\u00f3n, sen parar amentes nos soldados que fixeran acto de presenza. Ab-de o-Kader, considerando como unha ultraxe a indiferenza do anci\u00e1n, indignado ante o que considerou unha burla, empu\u00f1ou a s\u00faa cimitarra e descargou un r\u00e1pido golpe sobre as bonecas do m\u00fasico, cercen\u00e1ndole as mans; e dun segundo golpe, lle decapitou.<\/em><\/p>\n<p style=\"padding-left: 30px;\"><em>E mentres se izaba a bandeira da media l\u00faa no castelo, os refugallos do infeliz juglar foron arroxados ao p\u00e9 da muralla.<\/em><\/p>\n<p style=\"padding-left: 30px;\"><em>Inmediatamente chegou ao castelo Almanzor, que utilizou a Sobroso como aposento do seu cuartel xeral.<\/em><\/p>\n<p style=\"padding-left: 30px;\"><em>Desde unha das atalayas, o almu\u00e9dano convocou aos soldados \u00e1 oraci\u00f3n; despois, Almanzor reun\u00edase cos seus capit\u00e1ns nunha das salas da torre para estudar o plan a realizar no avance sucesivo e como haber\u00eda de efectuarse o asalto \u00e1 cidade de Santiago de Compostela, que era o seu principal obxectivo.<\/em><\/p>\n<p style=\"padding-left: 30px;\"><em>Pero os seus deliberaciones interromp\u00e9ronse ao escoitar un canto \u00e1 vez suave, melanc\u00f3lico e vigoroso, asombr\u00e1ndose a non comprender de onde proced\u00eda aquela estra\u00f1a m\u00fasica.<\/em><\/p>\n<p style=\"padding-left: 30px;\"><em>Ab-de o-Kader referiu ent\u00f3n o acontecido co vello e cego juglar, ordenando ent\u00f3n Almanzor que se repetise o mesmo castigo co importuno m\u00fasico que ousaba mofarse del e dos seus guerreiros.<\/em><\/p>\n<p style=\"padding-left: 30px;\"><em>Varios soldados mouros rexistraron o patio, as atalayas, as murallas; pero non acharon a ningu\u00e9n que puidese ser m\u00fasico e cantos tan impertinentes. O mesmo Ab-de o-Kader, gui\u00e1ndose polo son que non deixaba de o\u00edrse insistentemente e l\u00fagubre na noite, puido achar, ao p\u00e9 da muralla onde arroxou o corpo mutilado do anci\u00e1n cantor da torre, a s\u00faa vella zanfon\u00f1a, que tocaban as d\u00faas mans cortadas; e era como un eco a voz do vello m\u00fasico, que segu\u00eda cantando e canta a\u00ednda, segundo dise, cando se presente unha gran calamidade para Galicia.<\/em><\/p>\n","protected":false},"excerpt":{"rendered":"<p>Abu Amir Muhammad ben Abi Amir a o-Ma Afiri, mais co\u00f1ecido como Almanzor foi un militar e pol\u00edtico andalus\u00ed, caudillo do Califato de C\u00f3rdoba e chambel\u00e1n de Hisham II, o terceiro califa omeya de C\u00f3rdoba. Este caudillo \u00e1rabe pasou \u00e1 historia polas s\u00faas campa\u00f1as contra os cristi\u00e1ns. Entre os anos 977 e 1002 levou a&hellip;<\/p>\n","protected":false},"author":2,"featured_media":2703,"comment_status":"open","ping_status":"open","sticky":false,"template":"","format":"standard","meta":{"_monsterinsights_skip_tracking":false,"_monsterinsights_sitenote_active":false,"_monsterinsights_sitenote_note":"","_monsterinsights_sitenote_category":0,"footnotes":""},"categories":[391,222,221],"tags":[247,271,126,440,248,236,445,250],"class_list":["post-2839","post","type-post","status-publish","format-standard","has-post-thumbnail","hentry","category-edad-media-gl","category-idade-media","category-recuncho-da-historia","tag-centros-historicos-gl","tag-curiosidades-historicas-gl","tag-galicia-gl","tag-guerra-e-batallas","tag-guerra-y-batallas-gl","tag-mitos-e-lendas","tag-mitos-y-leyendas-gl","tag-santiago-gl","category-391","category-222","category-221","description-off"],"_links":{"self":[{"href":"https:\/\/recreacionhistoria.com\/gl\/wp-json\/wp\/v2\/posts\/2839","targetHints":{"allow":["GET"]}}],"collection":[{"href":"https:\/\/recreacionhistoria.com\/gl\/wp-json\/wp\/v2\/posts"}],"about":[{"href":"https:\/\/recreacionhistoria.com\/gl\/wp-json\/wp\/v2\/types\/post"}],"author":[{"embeddable":true,"href":"https:\/\/recreacionhistoria.com\/gl\/wp-json\/wp\/v2\/users\/2"}],"replies":[{"embeddable":true,"href":"https:\/\/recreacionhistoria.com\/gl\/wp-json\/wp\/v2\/comments?post=2839"}],"version-history":[{"count":9,"href":"https:\/\/recreacionhistoria.com\/gl\/wp-json\/wp\/v2\/posts\/2839\/revisions"}],"predecessor-version":[{"id":4109,"href":"https:\/\/recreacionhistoria.com\/gl\/wp-json\/wp\/v2\/posts\/2839\/revisions\/4109"}],"wp:featuredmedia":[{"embeddable":true,"href":"https:\/\/recreacionhistoria.com\/gl\/wp-json\/wp\/v2\/media\/2703"}],"wp:attachment":[{"href":"https:\/\/recreacionhistoria.com\/gl\/wp-json\/wp\/v2\/media?parent=2839"}],"wp:term":[{"taxonomy":"category","embeddable":true,"href":"https:\/\/recreacionhistoria.com\/gl\/wp-json\/wp\/v2\/categories?post=2839"},{"taxonomy":"post_tag","embeddable":true,"href":"https:\/\/recreacionhistoria.com\/gl\/wp-json\/wp\/v2\/tags?post=2839"}],"curies":[{"name":"wp","href":"https:\/\/api.w.org\/{rel}","templated":true}]}}