{"id":17359,"date":"2026-04-23T00:09:09","date_gmt":"2026-04-22T23:09:09","guid":{"rendered":"https:\/\/recreacionhistoria.com\/?p=17359"},"modified":"2026-04-23T00:09:09","modified_gmt":"2026-04-22T23:09:09","slug":"carlos-iii","status":"publish","type":"post","link":"https:\/\/recreacionhistoria.com\/gl\/carlos-iii\/","title":{"rendered":"Carlos III, &#8220;o rei ilustrado&#8221;"},"content":{"rendered":"<p><strong><em>Carlos III \u201co rei ilustrado\u201d<\/em><\/strong> \u00e9, indubidablemente, un dos reis que mellor pouso deixaron na historia espa\u00f1ola.<\/p>\n<p>Antes de converterse en rei de Espa\u00f1a, Carlos gobernou como duque de Parma e Plasencia (1731\u20131735) e logo como rei de N\u00e1poles e Sicilia (1734\u20131759).<\/p>\n<p>Imos facer unha nova viaxe no tempo para saber algo m\u00e1is sobre aquel rei e aqueles tempos. Grazas por acompa\u00f1arnos.<\/p>\n<p>&nbsp;<\/p>\n<h2><strong>Contexto da \u00e9poca do reinado de Carlos III<\/strong><\/h2>\n<p>O per\u00edodo no que Carlos III gobernou estaba marcado por varios eventos e movementos cruciais que influir\u00edan na s\u00faa pol\u00edtica e reformas. En primeiro lugar, hai que considerar un <strong><em>contexto europeo, caracterizado por:<\/em><\/strong><\/p>\n<ul>\n<li><strong><em>O auxe da Ilustraci\u00f3n<\/em><\/strong>: Un movemento intelectual que promov\u00eda a raz\u00f3n, a ciencia e a cr\u00edtica da autoridade, influ\u00edndo nas pol\u00edticas de moitos monarcas da \u00e9poca.<\/li>\n<li><strong><em>As guerras europeas<\/em><\/strong>: A Guerra dos Sete Anos (1756-1763) e outros conflitos que marcaron a pol\u00edtica exterior de Espa\u00f1a e o equilibrio de poder en Europa.<\/li>\n<li><strong><em>A situaci\u00f3n econ\u00f3mica<\/em><\/strong>: Unha Espa\u00f1a marcada por crises econ\u00f3micas e a necesidade de modernizaci\u00f3n, que Carlos III abordar\u00eda con reformas espec\u00edficas.<\/li>\n<li><strong><em>O papel de la Iglesia<\/em><\/strong>: A influencia de la Iglesia Cat\u00f3lica na vida pol\u00edtica e social, as\u00ed como as tensi\u00f3ns entre o clero e o crecente laicismo.<\/li>\n<li><strong><em>Colonialismo e expansi\u00f3n territorial<\/em><\/strong>: A necesidade de consolidar e modernizar o vasto imperio colonial espa\u00f1ol, especialmente en Am\u00e9rica.<\/li>\n<\/ul>\n<p>Este contexto esix\u00eda un enfoque audaz e un conxunto de reformas que propuxesen soluci\u00f3ns aos problemas da \u00e9poca, e Carlos III non dubidou en adoptalas.<\/p>\n<p>&nbsp;<\/p>\n<h2><strong>Biograf\u00eda de Carlos III<\/strong><\/h2>\n<p>Naceu en Madrid o 20 de xaneiro do ano 1716. Os seus pais, Felipe V, o primeiro rei da dinast\u00eda Borb\u00f3n en Espa\u00f1a, e a s\u00faa segunda esposa, Isabel de Farnesio.<\/p>\n<p>O nacemento Carlos \u00e9 anunciado oficialmente aos cidad\u00e1ns madrile\u00f1os, ao d\u00eda seguinte do seu nacemento, o 21 de xaneiro de 1716, a trav\u00e9s do xornal <em>\u201cA Gazeta de Madrid\u201d<\/em> no que se describe ao beb\u00e9 como <em>\u201crobusto de corpo\u201d,<\/em> as\u00ed como de <em>\u201cfermoso\u201d,<\/em> caracter\u00edsticas que fac\u00edan presaxiar unha boa sa\u00fade para o infante recentemente nado.<\/p>\n<p>No momento do seu nacemento pasou a ser Infante de Espa\u00f1a, pois contaba con dous irm\u00e1ns maiores que el. Polo que, o feito de ser un descendente por v\u00eda materna, de poderosas sagas familiares italianas, cara a presaxiar que o seu futuro, como herdeiro dalg\u00fan t\u00edtulo, ser\u00eda nesas terras.<\/p>\n<p>Con 6 anos, comezou a practicar unha das afecci\u00f3ns que conservar\u00eda toda a s\u00faa vida e que sempre lle apaixonou, a caza, en compa\u00f1\u00eda do seu pai, en San Lorenzo del Escorial a poucos quil\u00f3metros da capital de Espa\u00f1a.<\/p>\n<p>A partir dese momento, <strong><em>tivo unha educaci\u00f3n moi tradicional<\/em><\/strong>, a pesar do cal desenvolveu interese pola cultura e a ciencia. Carlos III estudou na Universidade de Alcal\u00e1 de Henares onde se penetrou no co\u00f1ecemento de materias como Xeograf\u00eda, Historia, instruci\u00f3n militar, varios idiomas, non en balde, ademais do castel\u00e1n, chegou a falar fluidamente franc\u00e9s e tres dialectos italianos como o florentino, lombardo e napolitano, ademais de escribir sempre en lat\u00edn. Xa de casado, aprendeu algo de alem\u00e1n para darlle gusto \u00e1 s\u00faa esposa, orixinaria de rexi\u00f3ns xermanas. Ademais, sempre mostrou unha gran habilidade para os oficios manuais, como a reloxer\u00eda e a imprenta. Tam\u00e9n para o debuxo e a pintura.<\/p>\n<p>Con 13 anos, Carlos de Borb\u00f3n, inicia unha viaxe xunto aos seus pais, que lle levar\u00e1 a percorrer parte de Espa\u00f1a, primeiro terras estreme\u00f1as, e posteriormente andaluzas, onde residir\u00e1 nos bell\u00edsimos Reais Alc\u00e1zares de Sevilla.<\/p>\n<p>Carlos III tam\u00e9n tivo a oportunidade de viaxar por Europa, o que ampliou a s\u00faa visi\u00f3n do mundo e brindoulle a oportunidade de co\u00f1ecer diferentes culturas e sociedades. Durante as s\u00faas viaxes, visitou pa\u00edses como Italia, Francia e Austria, onde puido co\u00f1ecer de preto as cortes e os sistemas pol\u00edticos doutras naci\u00f3ns.<\/p>\n<p>&nbsp;<\/p>\n<p><strong><em>En 1731<\/em><\/strong>, cando Carlos ti\u00f1a 17 anos, <strong><em>\u00e9 nomeado Duque de Parma<\/em><\/strong> e sep\u00e1rase da s\u00faa familia para partir a finais de decembro dese ano ata o porto de Livorno, en Italia, onde desembarca o 26 de decembro. A s\u00faa infancia e adolescencia finalizaban nese mesmo momento.<\/p>\n<p>Un ano despois, o seu pai Felipe V firma co seu curm\u00e1n Luis XV de Francia, o chamado <em>\u201cPrimeiro Pacto de Familia\u201d,<\/em> para aliarse fronte a unha nova Guerra de Sucesi\u00f3n polos t\u00edtulos italianos, que far\u00eda de Italia, pouco despois, un campo de batalla e do que os Borb\u00f3ns espa\u00f1ois ser\u00edan claros vencedores ao facerse co Reino de N\u00e1poles. Carlos de Borb\u00f3n, en xaneiro de 1734, con 18 anos, foi nomeado polo seu pai, general\u00edsimo dos ex\u00e9rcitos espa\u00f1ois en Italia, e un mes despois, sonlle entregadas en man as chaves da cidade, que far\u00eda capital do seu reino. Nese momento Carlos decide nomear ao seu pai, Felipe V, rei de N\u00e1poles, pero este, cedeulle solemnemente este t\u00edtulo en abril dese mesmo 1734, contando co favor e benepl\u00e1cito do pobo napolitano.<\/p>\n<p>&nbsp;<\/p>\n<p><strong><em>En 1735, unha vez conquistada a illa de Sicilia, Carlos \u00e9 coroado como rei de N\u00e1poles e Sicilia, nacendo as\u00ed unha monarqu\u00eda independente, o reino das D\u00faas Sicilias.<\/em><\/strong><\/p>\n<p>O seu reinado no reino de N\u00e1poles e Sicilia durou 25 anos, ata que, por causa do falecemento do seu pai, pasou a ser nomeado rei de Espa\u00f1a.<\/p>\n<p>&nbsp;<\/p>\n<p><strong><em>No \u00e1mbito persoal<\/em><\/strong>, no ano 1738 contraeu matrimonio con Mar\u00eda Amalia de Sajonia, pero a futura ra\u00ed\u00f1a, a pesar do seu evidente desenvolvemento f\u00edsico, non dera a\u00ednda, aos seus doce anos, sinais de puberdade, polo que deberon esperar ao ano seguinte para consumar a uni\u00f3n. Chegar\u00edan a concibir, durante as d\u00faas d\u00e9cadas que durou o matrimonio, trece fillos. A\u00ednda que s\u00f3 emparentados en cuarto grao, con todo, s\u00f3 sete sobrevivir\u00edan, e destes, os dous primeiros homes acusaron unha marcada diminuci\u00f3n ps\u00edquica. O primox\u00e9nito, co tempo duque de Calabria, converteuse nun perigoso obseso do sexo que atentaba contra a virtude de canta muller estivese ao seu alcance. O segundo, a\u00ednda que de complexi\u00f3n robusta e saudable, padeceu unha falta de intelixencia pouco com\u00fan, e se de maior foi adquirindo alg\u00fan criterio, como queira que o seu pai non o deixou inmiscirse en ning\u00fan asunto de goberno, resultou un mediocre pr\u00edncipe de Asturias. Casado aos catorce anos coa s\u00faa prima Mar\u00eda Luisa de Parma, esta dominouno desde o primeiro d\u00eda. M\u00e1is tarde, ao suceder como Carlos IV ao seu proxenitor no trono espa\u00f1ol, a s\u00faa indolencia apresurou o ocaso dos Borb\u00f3ns. Con todo, esa desgana alarmante, foi o m\u00e1is prol\u00edfico de todos eles, pois chegou a ter vinte e dous fillos.<\/p>\n<div id=\"attachment_17347\" style=\"width: 228px\" class=\"wp-caption aligncenter\"><img fetchpriority=\"high\" decoding=\"async\" aria-describedby=\"caption-attachment-17347\" class=\"size-medium wp-image-17347\" src=\"https:\/\/recreacionhistoria.com\/wp-content\/uploads\/2025\/08\/MariaAmaliadeSajonia-218x300.jpg\" alt=\"Mar\u00eda Amalia de Sajonia\" width=\"218\" height=\"300\" title=\"\" srcset=\"https:\/\/recreacionhistoria.com\/wp-content\/uploads\/2025\/08\/MariaAmaliadeSajonia-218x300.jpg 218w, https:\/\/recreacionhistoria.com\/wp-content\/uploads\/2025\/08\/MariaAmaliadeSajonia-746x1024.jpg 746w, https:\/\/recreacionhistoria.com\/wp-content\/uploads\/2025\/08\/MariaAmaliadeSajonia-768x1055.jpg 768w, https:\/\/recreacionhistoria.com\/wp-content\/uploads\/2025\/08\/MariaAmaliadeSajonia-1119x1536.jpg 1119w, https:\/\/recreacionhistoria.com\/wp-content\/uploads\/2025\/08\/MariaAmaliadeSajonia-1492x2048.jpg 1492w, https:\/\/recreacionhistoria.com\/wp-content\/uploads\/2025\/08\/MariaAmaliadeSajonia-scaled.jpg 1864w\" sizes=\"(max-width: 218px) 100vw, 218px\" \/><p id=\"caption-attachment-17347\" class=\"wp-caption-text\"><em>Mar\u00eda Amalia de Sajonia<\/em><\/p><\/div>\n<p>&nbsp;<\/p>\n<p><strong><em>Carlos III faleceu o 14 de decembro de 1788<\/em><\/strong>, en Aranxuez, \u00e1 de idade de 72 anos. Os restos de Carlos III repousan na Cripta Real do Mosteiro del Escorial. Sucedeulle no trono polo seu fillo Carlos IV<\/p>\n<p>Carlos III foi o rei de Espa\u00f1a ao que m\u00e1is honras f\u00fanebres celebraron en todos os recunchos da monarqu\u00eda, o \u00fanico cuxa biograf\u00eda foi escrita ao pouco de morrer, por dous autores distintos, un espa\u00f1ol e outro italiano. O \u00faltimo que soubo manter unido o imperio espa\u00f1ol.<\/p>\n<p>&nbsp;<\/p>\n<p>Por \u00faltimo e como recensi\u00f3n importante na biograf\u00eda de Carlos III, hai que dicir que ningu\u00e9n, no momento do seu nacemento pod\u00eda sospeitar que chegar\u00eda a ser rei de Espa\u00f1a. Soamente a s\u00faa nai, quen consagrou obsesivamente todos os seus esforzos a fin de logralo. Os fillos de primeiro matrimonio do rei con Mar\u00eda Luisa Gabriela de Saboya, Luis, pr\u00edncipe de Asturias, e os infantes Felipe e Fernando, ostentaban un indiscutible dereito de preferencia na herdanza da coroa de Espa\u00f1a; con todo, o empe\u00f1o de Isabel Farnesio sobre todo, e doutro lado o azar, \u00edan modificar o futuro previsto. D feito o infante Felipe faleceu prematuramente en 1719; tam\u00e9n o falecemento de Luis, quen reinar\u00eda, por abdicaci\u00f3n de Felipe V, durante apenas sete meses, pois faleceu en 1724. E en 1759 faleceu o seu irm\u00e1n, Fernando VI.<\/p>\n<p><img decoding=\"async\" class=\"size-medium wp-image-17339 aligncenter\" src=\"https:\/\/recreacionhistoria.com\/wp-content\/uploads\/2025\/08\/Carlos-III-224x300.jpg\" alt=\"\" width=\"224\" height=\"300\" title=\"\" srcset=\"https:\/\/recreacionhistoria.com\/wp-content\/uploads\/2025\/08\/Carlos-III-224x300.jpg 224w, https:\/\/recreacionhistoria.com\/wp-content\/uploads\/2025\/08\/Carlos-III-763x1024.jpg 763w, https:\/\/recreacionhistoria.com\/wp-content\/uploads\/2025\/08\/Carlos-III-768x1030.jpg 768w, https:\/\/recreacionhistoria.com\/wp-content\/uploads\/2025\/08\/Carlos-III-300x400.jpg 300w, https:\/\/recreacionhistoria.com\/wp-content\/uploads\/2025\/08\/Carlos-III.jpg 800w\" sizes=\"(max-width: 224px) 100vw, 224px\" \/><\/p>\n<p>&nbsp;<\/p>\n<p>&nbsp;<\/p>\n<h2><strong>Reinado de Carlos III en Espa\u00f1a<\/strong><\/h2>\n<p><strong><em>Subiu ao trono o 9 de decembro 1759, despois da morte do seu medio irm\u00e1n Fernando VI. <\/em><\/strong><\/p>\n<p>Unha das principais caracter\u00edsticas do reinado de Carlos III foi o seu af\u00e1n por modernizar e mellorar o pa\u00eds. Implementou numerosas reformas en diferentes \u00e1mbitos, como a administraci\u00f3n, a xustiza, a econom\u00eda e a educaci\u00f3n.<\/p>\n<p><strong><em>Durante o seu reinado, levou a cabo numerosas reformas pol\u00edticas, econ\u00f3micas e sociais, que transformaron radicalmente a sociedade espa\u00f1ola. <\/em><\/strong><\/p>\n<p>Entre as s\u00faas principais acci\u00f3ns, destaca a creaci\u00f3n de novas instituci\u00f3ns, como o Consello de Castela e a Xunta de Comercio, que buscaban reforzar o poder centralizado e mellorar a eficacia do Estado. Tam\u00e9n promoveu a construci\u00f3n de hospitais, escolas e outros servizos p\u00fablicos. Cabe citar, por exemplo, a construci\u00f3n da Real Canle de Manzanares en Madrid, que permitiu mellorar a subministraci\u00f3n de auga \u00e1 cidade e contribu\u00edu \u00e1 mellora das condici\u00f3ns de vida dos seus habitantes.<\/p>\n<p>Durante o seu reinado constru\u00edronse importantes edificios e monumentos, como o Palacio Real de Madrid e o Puente de San Telmo en Sevilla, que reflicten o seu interese polo embelecemento das cidades e o fomento da arquitectura.<\/p>\n<p>Carlos III de Borb\u00f3n ocupouse de constru\u00edr en Espa\u00f1a m\u00e1is de 2.000 quil\u00f3metros de estradas e m\u00e1is de 600 pontes, aprobou os transportes de dilixencias entre varias localidades.<\/p>\n<p>Fortaleceu o ex\u00e9rcito de terra e a armada, co obxectivo de recuperar os territorios italianos e a defensa dos intereses coloniais ameazados por Inglaterra.<\/p>\n<p>Foi quen nomeou \u00e1 Inmaculada como patroa de Espa\u00f1a, quen creou a Orde de Carlos III para premiar a Virtude e o M\u00e9rito, quen ditou as leis de supresi\u00f3n de taxas, liberdade comercial e ensino primario obrigatorio, quen protexeu a industria nacional e dignificou o traballo dos menestrales.<\/p>\n<p>&nbsp;<\/p>\n<p>Un momento de tensi\u00f3n foi o <strong><em>Mot\u00edn de Esquilache de 1766<\/em><\/strong>, unha revolta popular en Madrid provocada polas medidas de austeridade e as reformas urbanas impulsadas polo ministro Leopoldo de Gregorio, marqu\u00e9s de Esquilache. Un dos aspectos m\u00e1is pol\u00e9micos refer\u00edase \u00e1 vestimenta tradicional de Madrid de chapeu de \u00e1 ancha e capa longa. Con todo, no fondo da devandita revolta subxac\u00eda o malestar por unha crise de subsistencia e un inverno moi cru, a subida dos prezos do cereal tras o decreto de libre comercio de grans e a cr\u00edtica contra o r\u00e9xime se\u00f1orial.<\/p>\n<p><img decoding=\"async\" class=\"size-medium wp-image-17345 aligncenter\" src=\"https:\/\/recreacionhistoria.com\/wp-content\/uploads\/2025\/08\/Motin-de-Esquilache-300x206.jpg\" alt=\"\" width=\"300\" height=\"206\" title=\"\" srcset=\"https:\/\/recreacionhistoria.com\/wp-content\/uploads\/2025\/08\/Motin-de-Esquilache-300x206.jpg 300w, https:\/\/recreacionhistoria.com\/wp-content\/uploads\/2025\/08\/Motin-de-Esquilache-768x528.jpg 768w, https:\/\/recreacionhistoria.com\/wp-content\/uploads\/2025\/08\/Motin-de-Esquilache-474x324.jpg 474w, https:\/\/recreacionhistoria.com\/wp-content\/uploads\/2025\/08\/Motin-de-Esquilache.jpg 770w\" sizes=\"(max-width: 300px) 100vw, 300px\" \/><\/p>\n<p>Este mot\u00edn estendeuse sen coordinaci\u00f3n algunha por outras cidades: Conca, Zaragoza, Barcelona, Sevilla, C\u00e1diz, Lorca, Cartaxena, Elxe, A Coru\u00f1a, Oviedo, Santander e poboaci\u00f3ns de #Vizcaya e Guip\u00fascoa, o que supuxo finalmente a ca\u00edda e posterior destituci\u00f3n de Esquilache como secretario de Estado, exili\u00e1ndose en N\u00e1poles. Reformouse todo o goberno, desterrando del aos membros non espa\u00f1ois do mesmo, a\u00ednda que o prezo dos produtos alimenticios seguiu alto e mant\u00edvose a real orde que regulaba as obrigaci\u00f3ns sobre a vestimenta con capa curta.<\/p>\n<p>A Esquilache sucedeulle, en 1766, o Conde de Aranda, ocupando a presidencia do Consello de Castela e instaurando unha pol\u00edtica reformista baseada nos principios da Ilustraci\u00f3n, apoiada por Campomanes, coa que conseguiu o aprecio popular e o eloxio do mesmo Voltaire. M\u00e1is tarde, Jer\u00f3nimo Grimaldi logrou a s\u00faa destituci\u00f3n en 1773, pero este tivo que dimitir en 1776, ocupando o seu posto o Conde de Floridablanca.<\/p>\n<p>&nbsp;<\/p>\n<p>Outra da s\u00faa medidas clave foi <strong><em>a expulsi\u00f3n dos xesu\u00edtas<\/em><\/strong> de todos os dominios espa\u00f1ois, inclu\u00eddos os territorios de ultramar, incaut\u00e1ndose ademais o seu valioso patrimonio pola Pragm\u00e1tica Sanci\u00f3n de 1767. Co apoio do ditame de Jos\u00e9 Mo\u00f1ino Redondo, o conde de Florida Branca, conseguiuse a disoluci\u00f3n da Compa\u00f1\u00eda de Jes\u00fas por parte do Papa Clemente XIV a trav\u00e9s dunha Bula de Extinci\u00f3n en toda a cristiandade, asinada en 1773. As causas hai que buscalas na intromisi\u00f3n destes en asuntos propios do Estado e en contra das iniciativas reformistas, ademais de ser depositarios dun gran poder econ\u00f3mico, pol\u00edtico e cultural que escapaba ao poder da Coroa. A expulsi\u00f3n produciuse no ano 1767, e afectou a miles de membros da orde en Espa\u00f1a e as s\u00faas colonias, foi unha medida dr\u00e1stica que xerou tensi\u00f3ns coa Igrexa e sectores conservadores da sociedade.<\/p>\n<p><img loading=\"lazy\" decoding=\"async\" class=\"size-medium wp-image-17343 aligncenter\" src=\"https:\/\/recreacionhistoria.com\/wp-content\/uploads\/2025\/08\/Expulsion-de-los-Jesuitas-300x188.jpg\" alt=\"\" width=\"300\" height=\"188\" title=\"\" srcset=\"https:\/\/recreacionhistoria.com\/wp-content\/uploads\/2025\/08\/Expulsion-de-los-Jesuitas-300x188.jpg 300w, https:\/\/recreacionhistoria.com\/wp-content\/uploads\/2025\/08\/Expulsion-de-los-Jesuitas.jpg 640w\" sizes=\"(max-width: 300px) 100vw, 300px\" \/><\/p>\n<p>&nbsp;<\/p>\n<p><strong><em>No social<\/em><\/strong>, Carlos III dispuxo leis contra vagos e esmoleiros, aos que enrolou ao servizo da Armada espa\u00f1ola. Dentro do esp\u00edrito do Despotismo Ilustrado (goberno para o pobo pero sen o pobo) desenvolveuse unha pol\u00edtica de acollida social para orfos e anci\u00e1ns en asilos, as\u00ed como varias disposici\u00f3ns encami\u00f1adas a educar ao pobo nos bos costumes: prohibici\u00f3n de portar armas de fogo, do xogo en sitios p\u00fablicos (tan s\u00f3 permit\u00edase a pr\u00e1ctica do billar, o xadrez, as damas e o chaquete). Unha das medidas m\u00e1is efectivas e de maior repercusi\u00f3n foron as medidas adoptadas no saneamento das cidades, e en especial en Madrid como capital do reino, a cal foi empedrada e alumada como correspond\u00eda ao seu rango.<\/p>\n<p>A aristocracia viuse afectada pola renovada Xunta do Catastro, dirixida a estudar a implantaci\u00f3n dunha contribuci\u00f3n universal, ou pola ruptura da s\u00faa prepotencia no Consello de Castela.<\/p>\n<p>Pola s\u00faa banda, o clero recibiu continuos ataques \u00e1 s\u00faa inmunidade. Limitouse a autoridade dos xu\u00edces diocesanos, logrouse o restablecemento do pase rexio (facultade rexia de autorizar as normas eclesi\u00e1sticas) e reduc\u00edronse as amortizaci\u00f3ns de bens.<\/p>\n<p>&nbsp;<\/p>\n<p><strong><em>No \u00e1mbito administrativo<\/em><\/strong>, Carlos III creou novos ministerios e reorganizou a burocracia, buscando unha maior eficiencia na xesti\u00f3n do Estado. Ademais, promoveu a construci\u00f3n de infraestruturas, como a ampliaci\u00f3n do porto de C\u00e1diz e a creaci\u00f3n de novos cami\u00f1os e pontes. Promoveu a descentralizaci\u00f3n administrativa, e a creaci\u00f3n de intendencias, que eran unidades administrativas dirixidas por intendentes, mellorando a xesti\u00f3n local e a rendici\u00f3n de contas.<\/p>\n<p>&nbsp;<\/p>\n<p><em><strong>En canto \u00e1 xustiza<\/strong><\/em>, Carlos III impulsou a creaci\u00f3n dun sistema legal m\u00e1is equitativo e eficiente. Estableceu a figura do Defensor do Pobo e promoveu a formaci\u00f3n de xu\u00edces e avogados<\/p>\n<p>&nbsp;<\/p>\n<p><strong><em>En materia econ\u00f3mica<\/em><\/strong>, mediante un decreto, ampliou o libre comercio colonial a numerosos portos espa\u00f1ois. Esta medida foi importante sobre todo para a industria barcelonesa, estimulou o comercio colonial e fixo crecer os beneficios dos grandes comerciantes. Entre as reformas m\u00e1is destacadas at\u00f3pase a creaci\u00f3n da Real Compa\u00f1\u00eda de Filipinas, que impulsou o comercio coas colonias espa\u00f1olas en Asia e o Pac\u00edfico. Igualmente, promoveu a modernizaci\u00f3n da agricultura, po\u00f1endo en marcha o plan de reforma agraria e o foro das novas poboaci\u00f3ns. Promov\u00e9ronse novas t\u00e9cnicas agr\u00edcolas, incentivouse a produci\u00f3n de cultivos como a oliveira e impuls\u00e1ronse a creaci\u00f3n de f\u00e1bricas e a introduci\u00f3n de maquinaria. Do mesmo xeito, implementou pol\u00edticas proteccionistas para impulsar a industria nacional e fomentar o comercio. Promoveu a creaci\u00f3n de f\u00e1bricas e a modernizaci\u00f3n da agricultura.<\/p>\n<p><img loading=\"lazy\" decoding=\"async\" class=\"size-medium wp-image-17349 aligncenter\" src=\"https:\/\/recreacionhistoria.com\/wp-content\/uploads\/2025\/08\/Real-compania-Filipinas-218x300.jpg\" alt=\"\" width=\"218\" height=\"300\" title=\"\" srcset=\"https:\/\/recreacionhistoria.com\/wp-content\/uploads\/2025\/08\/Real-compania-Filipinas-218x300.jpg 218w, https:\/\/recreacionhistoria.com\/wp-content\/uploads\/2025\/08\/Real-compania-Filipinas-745x1024.jpg 745w, https:\/\/recreacionhistoria.com\/wp-content\/uploads\/2025\/08\/Real-compania-Filipinas-768x1055.jpg 768w, https:\/\/recreacionhistoria.com\/wp-content\/uploads\/2025\/08\/Real-compania-Filipinas.jpg 800w\" sizes=\"(max-width: 218px) 100vw, 218px\" \/><\/p>\n<p>Tam\u00e9n promoveu unha reformulaci\u00f3n fiscal, introducindo medidas para mellorar a recadaci\u00f3n de impostos, eliminando privilexios de certos sectores e creando novas formas de imposto que gravaban m\u00e1is equitativamente aos cidad\u00e1ns.<\/p>\n<p>&nbsp;<\/p>\n<p><strong><em>No \u00e1mbito educativo<\/em><\/strong>, puxo en marcha unha reforma da educaci\u00f3n p\u00fablica, creando unha rede de escolas e universidades. Tam\u00e9n fundou instituci\u00f3ns acad\u00e9micas e promoveu a educaci\u00f3n p\u00fablica. Creou a Real Academia da Historia e a Real Academia de Belas Artes de San Fernando, entre outras. Tam\u00e9n creou o Museo do Prado.<\/p>\n<p><img loading=\"lazy\" decoding=\"async\" class=\"size-medium wp-image-17351 aligncenter\" src=\"https:\/\/recreacionhistoria.com\/wp-content\/uploads\/2025\/08\/Real-Academia-Bellas-Artes-San-Fernando-300x277.jpg\" alt=\"\" width=\"300\" height=\"277\" title=\"\" srcset=\"https:\/\/recreacionhistoria.com\/wp-content\/uploads\/2025\/08\/Real-Academia-Bellas-Artes-San-Fernando-300x277.jpg 300w, https:\/\/recreacionhistoria.com\/wp-content\/uploads\/2025\/08\/Real-Academia-Bellas-Artes-San-Fernando-1024x945.jpg 1024w, https:\/\/recreacionhistoria.com\/wp-content\/uploads\/2025\/08\/Real-Academia-Bellas-Artes-San-Fernando-768x709.jpg 768w, https:\/\/recreacionhistoria.com\/wp-content\/uploads\/2025\/08\/Real-Academia-Bellas-Artes-San-Fernando.jpg 1200w\" sizes=\"(max-width: 300px) 100vw, 300px\" \/><\/p>\n<p>&nbsp;<\/p>\n<p>Como exemplo do impacto do modelo de reformas de Carlos III, cabe citar a creaci\u00f3n de de a Real Academia Espa\u00f1ola en 1713. Esta instituci\u00f3n foi establecida co obxectivo de regular e fomentar o uso do idioma espa\u00f1ol, e converteuse nun referente importante para a estandarizaci\u00f3n e difusi\u00f3n do espa\u00f1ol en todo o mundo.<\/p>\n<p>Outro caso de uso do modelo pol\u00edtico de Carlos III foi a creaci\u00f3n do Real Gabinete de Historia Natural en 1771. Esta instituci\u00f3n ti\u00f1a como obxectivo promover a investigaci\u00f3n cient\u00edfica e o estudo da natureza, e converteuse nun referente importante no campo da historia natural en Europa.<\/p>\n<p>Outro aspecto importante do legado de Carlos III foi a s\u00faa atenci\u00f3n \u00e1s necesidades sociais da poboaci\u00f3n. Durante o seu reinado, implement\u00e1ronse medidas para mellorar a educaci\u00f3n, a sa\u00fade e as condici\u00f3ns de vida dos cidad\u00e1ns. Fund\u00e1ronse instituci\u00f3ns educativas e establec\u00e9ronse hospitais e centros de atenci\u00f3n m\u00e9dica en todo o pa\u00eds.<\/p>\n<p>Promoveu a cultura e a educaci\u00f3n, e preocupouse polo benestar dos seus s\u00fabditos. Mantivo unha estreita relaci\u00f3n cos principais representantes do movemento ilustrado espa\u00f1ol, como Gaspar Melchor de Jovellanos ou Leandro Fern\u00e1ndez de Morat\u00edn.<\/p>\n<p>Igualmente procurou o desenvolvemento da investigaci\u00f3n cient\u00edfica, a trav\u00e9s de expedici\u00f3ns bot\u00e1nicas e xeogr\u00e1ficas, como a expedici\u00f3n de Jos\u00e9 Celestino Mutis a Nova Selecta.<\/p>\n<p>Antes do reinado de Carlos III non se co\u00f1ec\u00edan en Espa\u00f1a nin os bel\u00e9ns do Nadal, nin a loter\u00eda, nin as corridas de touros co toureo a p\u00e9, nin a prensa de opini\u00f3n. O pobo af\u00edxose \u00e1s modas dos ser\u00e1ns e as teas estampadas ou bordadas, ao luxo desenfreado, \u00e1s perrucas e os abanicos, \u00e1s mantillas femininas, \u00e1s tarxetas de visita ou aos papeis pintados nas habitaci\u00f3ns, costumes desco\u00f1ecidos na austera Espa\u00f1a do Barroco.<\/p>\n<p>Durante o seu mandato naceron os establecementos p\u00fablicos para o caf\u00e9, que foron chamados cafeter\u00edas, o primeiro piano-forte que conviviu co clavic\u00e9mbalo, os bailes de m\u00e1scaras, o teatro en prosa, os sainetes, a arte neocl\u00e1sico e os tapices de costumes populares, en substituci\u00f3n dos antigos asuntos mitol\u00f3gicos ou b\u00e9licos. Importou \u00e1rbores e plantas de Am\u00e9rica, como os casti\u00f1eiros de Indias, que se multiplicaron por todas as cidades da Pen\u00ednsula e ordenou plantar miles de \u00e1rbores, sobre todo moreras, para o cultivo da seda.<\/p>\n<p>Fundou os Colexios de cirurx\u00eda de Barcelona e Madrid, as Escolas de prater\u00eda, reloxer\u00eda e xoias preciosas, de gravado, debuxo e cartograf\u00eda, de veterinaria e qu\u00edmica, as f\u00e1bricas de porcelana e pedras duras do Retiro. Durante o seu reinado convoc\u00e1ronse as primeiras oposici\u00f3ns a c\u00e1tedra de \u00e1mbito nacional, apareceron os cemiterios civ\u00eds, os montep\u00edos de protecci\u00f3n social e as patacas na mesa dos madrile\u00f1os. Preocupado pola alta mortalidade infantil autorizou a operaci\u00f3n ces\u00e1rea e a importaci\u00f3n do novo biber\u00f3n para os lactantes, fabricado en Su\u00edza.<\/p>\n<p>&nbsp;<\/p>\n<p><strong><em>En materia de pol\u00edtica exterior<\/em><\/strong>, a s\u00faa intenci\u00f3n era fortalecer a posici\u00f3n de Espa\u00f1a no escenario internacional. Asinou tratados comerciais con outros pa\u00edses e promoveu a expansi\u00f3n do imperio espa\u00f1ol en Am\u00e9rica.<\/p>\n<p>Unha das principais acci\u00f3ns diplom\u00e1ticas de Carlos III foi a firma do Tratado de Par\u00eds en 1763, que puxo fin \u00e1 Guerra dos Sete Anos. Este tratado permitiu a Espa\u00f1a recuperar importantes territorios en Am\u00e9rica e \u00c1frica, fortalecendo as\u00ed o seu imperio colonial.<\/p>\n<p><img loading=\"lazy\" decoding=\"async\" class=\"size-full wp-image-17355 aligncenter\" src=\"https:\/\/recreacionhistoria.com\/wp-content\/uploads\/2025\/08\/Tratado-de-Paris-1763.png\" alt=\"\" width=\"300\" height=\"210\" title=\"\"><\/p>\n<p>&nbsp;<\/p>\n<p><strong><em>No \u00e1mbito colonial<\/em><\/strong>, implementou importantes reformas administrativas e econ\u00f3micas, a fin de fortalecer o control espa\u00f1ol sobre os territorios americanos e promover o seu desenvolvemento econ\u00f3mico. Pero tam\u00e9n, durante o seu reinado, produciuse a perda dalgunhas colonias en Am\u00e9rica do Norte, como Florida e Menorca.<\/p>\n<p>Durante o seu reinado Espa\u00f1a puido mostrar por \u00faltima vez, a s\u00faa poder\u00edo. Non s\u00f3 pola vasta extensi\u00f3n das s\u00faas posesi\u00f3ns sen\u00f3n polo ton cultural e europeo que o monarca imprimiu \u00e1s s\u00faas iniciativas de renovaci\u00f3n e, en xeral, a todos os actos de Estado.<\/p>\n<p>Carlos III implementou unha serie de pol\u00edticas que tiveron un impacto significativo nas colonias americanas, xa que estaban encami\u00f1adas a fortalecer o dominio espa\u00f1ol en Am\u00e9rica e promover o desenvolvemento econ\u00f3mico e social das colonias. En primeiro lugar, implementou o sistema de intendencias, que dividiu as colonias en rexi\u00f3ns administrativas m\u00e1is pequenas e estableceu un goberno local m\u00e1is eficiente. Isto permitiu unha mellor administraci\u00f3n dos recursos e unha maior supervisi\u00f3n das actividades comerciais. Ademais, Carlos III implementou unha serie de reformas econ\u00f3micas e fiscais nas colonias americanas. Estas reformas inclu\u00edron a liberalizaci\u00f3n do comercio, a reduci\u00f3n dos impostos e o est\u00edmulo \u00e1 produci\u00f3n agr\u00edcola e mineira. Estas medidas tiveron un impacto positivo na econom\u00eda das colonias e contribu\u00edron ao seu crecemento. Outro aspecto clave da pol\u00edtica de Carlos III en Am\u00e9rica foi o seu enfoque no comercio. O rei promoveu a creaci\u00f3n de compa\u00f1\u00edas comerciais, como a Real Compa\u00f1\u00eda de Filipinas e a Real Compa\u00f1\u00eda de Guip\u00fascoa, para fomentar o comercio entre Espa\u00f1a e as s\u00faas colonias. Estas compa\u00f1\u00edas ti\u00f1an o monopolio do comercio con certos produtos e contribu\u00edron ao crecemento econ\u00f3mico das colonias.<\/p>\n<p>O legado de Carlos III en Am\u00e9rica Latina p\u00f3dese ver na arquitectura e a planificaci\u00f3n urbana de moitas cidades coloniais. Durante o seu reinado, constru\u00edronse numerosos edificios p\u00fablicos, como igrexas, prazas e palacios, que a\u00ednda se conservan hoxe en d\u00eda. Estas construci\u00f3ns reflicten o estilo arquitect\u00f3nico da \u00e9poca e son un testemu\u00f1o do poder e a influencia de Espa\u00f1a en Am\u00e9rica.<\/p>\n<p>Un exemplo concreto dos beneficios das reformas de Carlos III \u00e9 o caso da Real Compa\u00f1\u00eda de Comercio da Habana, creada en 1765. Esta compa\u00f1\u00eda ti\u00f1a como obxectivo fomentar o comercio coa colonia de Cuba e contribu\u00edr ao desenvolvemento econ\u00f3mico da illa. Grazas a esta iniciativa, impulsouse o comercio e promoveuse a modernizaci\u00f3n da econom\u00eda cubana.<\/p>\n<p><img loading=\"lazy\" decoding=\"async\" class=\"size-medium wp-image-17353 aligncenter\" src=\"https:\/\/recreacionhistoria.com\/wp-content\/uploads\/2025\/08\/Real-compania-Filipinas-1-218x300.jpg\" alt=\"\" width=\"218\" height=\"300\" title=\"\" srcset=\"https:\/\/recreacionhistoria.com\/wp-content\/uploads\/2025\/08\/Real-compania-Filipinas-1-218x300.jpg 218w, https:\/\/recreacionhistoria.com\/wp-content\/uploads\/2025\/08\/Real-compania-Filipinas-1-745x1024.jpg 745w, https:\/\/recreacionhistoria.com\/wp-content\/uploads\/2025\/08\/Real-compania-Filipinas-1-768x1055.jpg 768w, https:\/\/recreacionhistoria.com\/wp-content\/uploads\/2025\/08\/Real-compania-Filipinas-1.jpg 800w\" sizes=\"(max-width: 218px) 100vw, 218px\" \/><\/p>\n<p>&nbsp;<\/p>\n<p>Outro exemplo atop\u00e1molo coa creaci\u00f3n da a Real Compa\u00f1\u00eda de Filipinas en 1785, cuxo obxectivo era fortalecer o comercio coas colonias espa\u00f1olas en Asia.<\/p>\n<p>As reformas implementadas por Carlos III tiveron un impacto significativo na historia de Espa\u00f1a. Por unha banda, o monarca logrou consolidar o seu poder e fortalecer a autoridade do Estado. Isto debeuse, en parte, \u00e1 creaci\u00f3n de novas instituci\u00f3ns e \u00e1 implementaci\u00f3n de pol\u00edticas que buscaban centralizar o poder en mans do monarca.<\/p>\n<p>&nbsp;<\/p>\n<p>Por \u00faltimo, hai que dicir que <strong><em>Carlos III adoptou o despotismo ilustrado como modelo de goberno,<\/em><\/strong> unha forma de monarqu\u00eda absoluta que buscaba promover o benestar dos s\u00fabditos a trav\u00e9s de reformas baseadas na raz\u00f3n e o progreso. Baixo o lema <em>\u201cTodo para o pobo, pero sen o pobo\u201d<\/em>, o rei e os seus ministros implementaron unha serie de medidas destinadas a modernizar o pa\u00eds e fortalecer o poder real.<\/p>\n<p>O despotismo ilustrado de Carlos III supuxo o fortalecemento do poder do monarca, o m\u00e1is apto para impulsar o progreso nunha paradoxal uni\u00f3n de absolutismo e liberalismo.<\/p>\n<p>&nbsp;<\/p>\n<h2><strong>O impacto de Carlos III en Madrid<\/strong><\/h2>\n<p>Alcumado tam\u00e9n como <strong><em>\u201co mellor alcalde de Madrid\u201d,<\/em><\/strong> non en balde o actual Madrid debe moito \u00e1s reformas promovidas por este rei, pois se constru\u00edron numerosos edificios p\u00fablicos e monumentos decorativos. Modernizouse o trazado das r\u00faas, introduciuse o empedrado e a iluminaci\u00f3n, creouse a polic\u00eda municipal e mellorouse a rede de sumidoiros e a tra\u00edda de augas.<\/p>\n<p>A historia de Madrid debe a Carlos III as s\u00faas mellores instituci\u00f3ns, monumentos e paseos, que hoxe definen a #fisonom\u00eda da capital de Espa\u00f1a. Con el nacen o Banco de Espa\u00f1a e a Sociedade Econ\u00f3mica Matritense, as Reais Academias de Xurisprudencia, a primeira c\u00e1tedra de Historia da Literatura e a igrexa de San Francisco o Grande.<\/p>\n<p>Cr\u00e9anse pola s\u00faa iniciativa as Xuntas de Caridad para atender aos pobres, o primeiro servizo de ambulancias, en cadeiras de man, a Imprenta Real, o servizo de polic\u00eda e os alcaldes de barrio, a numeraci\u00f3n das casas e as beirarr\u00faas nas r\u00faas, cuxo alumado con m\u00e1is de catro mil velas de sebo era responsabilidade de 152 faroleros.<\/p>\n<p>Nestes anos deb\u00faxanse os mellores planos de Madrid e prot\u00e9xese o nacente turismo, que admira o Paseo do Prado, o Paseo das Delicias, a Porta de Alcal\u00e1, a Aduana nova, o edificio do Museo do Prado, e tantos outros.<\/p>\n<p><img loading=\"lazy\" decoding=\"async\" class=\"size-medium wp-image-17341 aligncenter\" src=\"https:\/\/recreacionhistoria.com\/wp-content\/uploads\/2025\/08\/Estatua-CarlosIII-Madrid-291x300.jpg\" alt=\"\" width=\"291\" height=\"300\" title=\"\" srcset=\"https:\/\/recreacionhistoria.com\/wp-content\/uploads\/2025\/08\/Estatua-CarlosIII-Madrid-291x300.jpg 291w, https:\/\/recreacionhistoria.com\/wp-content\/uploads\/2025\/08\/Estatua-CarlosIII-Madrid-995x1024.jpg 995w, https:\/\/recreacionhistoria.com\/wp-content\/uploads\/2025\/08\/Estatua-CarlosIII-Madrid-768x791.jpg 768w, https:\/\/recreacionhistoria.com\/wp-content\/uploads\/2025\/08\/Estatua-CarlosIII-Madrid.jpg 1220w\" sizes=\"(max-width: 291px) 100vw, 291px\" \/><\/p>\n<p>&nbsp;<\/p>\n<h2><strong>Conclusi\u00f3n<\/strong><\/h2>\n<p>Carlos III foi rei de Espa\u00f1a, m\u00e1ximo representante do despotismo ilustrado do s\u00e9culo XVIII, Carlos III foi o prototipo de numerosos liberais espa\u00f1ois que vivir\u00edan nos dous s\u00e9culos posteriores. Capacitado por case tres d\u00e9cadas de reinado nas D\u00faas Sicilias e intelixentemente secundado por un n\u00facleo de eficaces e cultos ministros af\u00edns ao enciclopedismo franc\u00e9s, baixo o seu goberno Espa\u00f1a puido experimentar un breve pero intenso rexurdimento, definitivo en moitos aspectos.<\/p>\n<p>O case tres d\u00e9cadas de goberno do rei Carlos III est\u00e1n consideradas pola maior\u00eda de historiadores e estudosos do s\u00e9culo XVIII espa\u00f1ol como unha par\u00e9ntese aberta no medio do proceso de decadencia da monarqu\u00eda; e boa proba diso foi o r\u00e1pido declinar de tanta prosperidade en canto a morte afastouno do trono.<\/p>\n<p>Carlos III non era un home brillante ou xenial, pero si un home de notable estabilidade emocional, dunha s\u00f3lida confianza en si mesmo, virtudes que daban firmeza \u00e1s s\u00faas decisi\u00f3ns e seguridade aos seus colaboradores.\u00a0 Resulto ser un rei excepcional, por comparaci\u00f3n.<\/p>\n<p>Carlos III deixou un legado importante na historia de Espa\u00f1a e tivo un impacto significativo en diferentes \u00e1mbitos durante o seu reinado.<\/p>\n<p>&nbsp;<\/p>\n<p>E rematamos esta publicaci\u00f3n, confiando en que, a pesar da s\u00faa longa extensi\u00f3n, resultase do voso interese, e nese caso gustar\u00edanos que nolo fix\u00e9sedes saber pulsando no bot\u00f3n <strong><em>\u201cG\u00fastame\u201d.<\/em><\/strong> Ademais, anim\u00e1mosche a achegar alg\u00fan comentario, e se tes interese, subscribirche de xeito gratuito \u00e1 Newsletter do Blog para manterche sempre informado sobre as novas publicaci\u00f3ns do Blog.<\/p>\n<p>Por \u00faltimo, se vos gustou o suficiente como para compartilo nas vosas redes sociais, estariamos realmente encantados de que as\u00ed o fix\u00e9sedes.<\/p>\n<p>&nbsp;<\/p>\n<h2><strong>Referencias<\/strong><\/h2>\n<p><strong><em>Carlos III y la Espa\u00f1a de la Ilustraci\u00f3n.<\/em><\/strong> De Dom\u00ednguez Ort\u00edz, A.<\/p>\n<p><strong><em>Carlos III, rey de los ilustrados.<\/em><\/strong> De Palacio Atard, V.<\/p>\n<p>HistoriaUniversal.org. (2023). Biograf\u00eda de Carlos III de Espa\u00f1a. HistoriaUniversal.org. Recuperado de https:\/\/historiauniversal.org\/biografia-de-carlos-iii-de-espana\/<\/p>\n<p>Jim\u00e9nez, Mar\u00eda y Mu\u00f1oz, Antonio (2016, 17 de mayo). <strong><em>Carlos III de Espa\u00f1a. Historia del Espa\u00f1a.<\/em><\/strong> https:\/\/historiaespana.es\/biografia\/carlos-iii-espana<\/p>\n<p>MCN Biograf\u00edas, 2014. &#8220;<strong><em>Carlos III. Rey de Espa\u00f1a (1716-1788)&#8221;.<\/em><\/strong> Disponible en: https:\/\/mcnbiografias.com\/app-bio\/do\/carlos-iii-rey-de-espanna [consulta: 15 de julio de 2025].<\/p>\n<p><a href=\"https:\/\/aprende-historia.com\/el-legado-del-rey-carlos-iii-modelo-politico-e-impacto-historico\/\" target=\"_blank\" rel=\"noopener\">https:\/\/aprende-historia.com\/el-legado-del-rey-carlos-iii-modelo-politico-e-impacto-historico\/<\/a><\/p>\n<p><a href=\"https:\/\/historiaybiografias.com\/despota_3\/\" target=\"_blank\" rel=\"noopener\">https:\/\/historiaybiografias.com\/despota_3\/<\/a><\/p>\n<p><a href=\"https:\/\/www.elmundo.es\/la-aventura-de-la-historia\/2016\/01\/20\/569f6fa346163f621c8b4688.html\" target=\"_blank\" rel=\"noopener\">https:\/\/www.elmundo.es\/la-aventura-de-la-historia\/2016\/01\/20\/569f6fa346163f621c8b4688.html<\/a><\/p>\n","protected":false},"excerpt":{"rendered":"<p>Carlos III foi rei de Espa\u00f1a, m\u00e1ximo representante do despotismo ilustrado do s\u00e9culo XVIII, Carlos III foi o prototipo de numerosos liberais espa\u00f1ois que vivir\u00edan nos dous s\u00e9culos posteriores.<\/p>\n","protected":false},"author":2,"featured_media":17338,"comment_status":"open","ping_status":"open","sticky":false,"template":"","format":"standard","meta":{"_monsterinsights_skip_tracking":false,"_monsterinsights_sitenote_active":false,"_monsterinsights_sitenote_note":"","_monsterinsights_sitenote_category":0,"footnotes":""},"categories":[520,223,221],"tags":[273,3628,3728,271,3729,3730,3731,392],"class_list":["post-17359","post","type-post","status-publish","format-standard","has-post-thumbnail","hentry","category-edad-moderna-gl","category-idade-moderna","category-recuncho-da-historia","tag-biografias-gl","tag-borbon-gl","tag-carlos-iii-gl","tag-curiosidades-historicas-gl","tag-expulsion-de-los-jesuitas-gl","tag-madrid-gl","tag-motin-de-esquilache-gl","tag-sociedad-gl","category-520","category-223","category-221","description-off"],"_links":{"self":[{"href":"https:\/\/recreacionhistoria.com\/gl\/wp-json\/wp\/v2\/posts\/17359","targetHints":{"allow":["GET"]}}],"collection":[{"href":"https:\/\/recreacionhistoria.com\/gl\/wp-json\/wp\/v2\/posts"}],"about":[{"href":"https:\/\/recreacionhistoria.com\/gl\/wp-json\/wp\/v2\/types\/post"}],"author":[{"embeddable":true,"href":"https:\/\/recreacionhistoria.com\/gl\/wp-json\/wp\/v2\/users\/2"}],"replies":[{"embeddable":true,"href":"https:\/\/recreacionhistoria.com\/gl\/wp-json\/wp\/v2\/comments?post=17359"}],"version-history":[{"count":2,"href":"https:\/\/recreacionhistoria.com\/gl\/wp-json\/wp\/v2\/posts\/17359\/revisions"}],"predecessor-version":[{"id":17361,"href":"https:\/\/recreacionhistoria.com\/gl\/wp-json\/wp\/v2\/posts\/17359\/revisions\/17361"}],"wp:featuredmedia":[{"embeddable":true,"href":"https:\/\/recreacionhistoria.com\/gl\/wp-json\/wp\/v2\/media\/17338"}],"wp:attachment":[{"href":"https:\/\/recreacionhistoria.com\/gl\/wp-json\/wp\/v2\/media?parent=17359"}],"wp:term":[{"taxonomy":"category","embeddable":true,"href":"https:\/\/recreacionhistoria.com\/gl\/wp-json\/wp\/v2\/categories?post=17359"},{"taxonomy":"post_tag","embeddable":true,"href":"https:\/\/recreacionhistoria.com\/gl\/wp-json\/wp\/v2\/tags?post=17359"}],"curies":[{"name":"wp","href":"https:\/\/api.w.org\/{rel}","templated":true}]}}