{"id":17117,"date":"2026-04-10T01:49:56","date_gmt":"2026-04-10T00:49:56","guid":{"rendered":"https:\/\/recreacionhistoria.com\/?p=17117"},"modified":"2026-04-10T01:49:56","modified_gmt":"2026-04-10T00:49:56","slug":"a-orixe-dos-lazaretos","status":"publish","type":"post","link":"https:\/\/recreacionhistoria.com\/gl\/a-orixe-dos-lazaretos\/","title":{"rendered":"A orixe dos Lazaretos"},"content":{"rendered":"<p>Seguindo unha das nosas li\u00f1as tem\u00e1ticas dentro deste blog, a que se dedica a indagar sobre as orixes de moitas das infraestruturas, construci\u00f3ns, e descubrimentos, producidos ao longo da historia, hoxe imos abordar \u201cA orixe dos Lazaretos\u201d.<\/p>\n<p>&nbsp;<\/p>\n<h2><strong>Que son os Lazaretos?<\/strong><\/h2>\n<p><strong><em>Os lazaretos son hospitais ou edificios onde se illaban e trataban a todos aqueles enfermos que padec\u00edan enfermidades contaxiosas, fundamentalmente a lepra ou a tuberculose.<\/em><\/strong><\/p>\n<p>A s\u00faa orixe etimol\u00f3gico dev\u00e9n do italiano lazareto e rem\u00f3ntase \u00e1 \u00e9poca en que os guerreiros loitaban en Palestina por recuperar a Terra Santa al\u00e1 polo s\u00e9culo XII. Chegados moitos destes aguerridos soldados enfermos de lepra, crearon unha orde relixiosa-militar baixo a advocaci\u00f3n de San L\u00e1zaro s\u00e9ndolles concedida unha casa nos arredores de Par\u00eds para coidado dos enfermos \u00e1 que chamaron lazareto.<\/p>\n<p>&nbsp;<\/p>\n<h2><strong>Cando aparecen os Lazaretos?<\/strong><\/h2>\n<p><strong><em>O nacemento dos lazaretos est\u00e1 directamente relacionado coas grandes epidemias xurdidas na Idade Media. <\/em><\/strong><\/p>\n<p>A peste atopa a s\u00faa orixe no rexurdimento urbano europeo e a s\u00faa expansi\u00f3n tivo lugar a trav\u00e9s dos roteiros comerciais. O desequilibrio entre o desenvolvemento demogr\u00e1fico e as medidas de sa\u00fade p\u00fablica deron lugar a unha r\u00e1pida propagaci\u00f3n das enfermidades contaxiosas. Lembremos que a peste negra que arrasou Europa durante o s\u00e9culo XIV ocasionou m\u00e1is de 25 mill\u00f3ns de mortos (1\/3 parte da poboaci\u00f3n).<\/p>\n<p>Outras enfermidades contaxiosas que arrasaron Europa foron a febre amarela, o c\u00f3lera e a tuberculose.<\/p>\n<p><img fetchpriority=\"high\" decoding=\"async\" class=\"size-medium wp-image-17111 aligncenter\" src=\"https:\/\/recreacionhistoria.com\/wp-content\/uploads\/2025\/05\/MujeresLazareto-300x169.jpg\" alt=\"\" width=\"300\" height=\"169\" title=\"\" srcset=\"https:\/\/recreacionhistoria.com\/wp-content\/uploads\/2025\/05\/MujeresLazareto-300x169.jpg 300w, https:\/\/recreacionhistoria.com\/wp-content\/uploads\/2025\/05\/MujeresLazareto.jpg 711w\" sizes=\"(max-width: 300px) 100vw, 300px\" \/><\/p>\n<p>&nbsp;<\/p>\n<p>Non esquezamos que Espa\u00f1a e Portugal dominaron os mares durante os s\u00e9culos XV e XVI. Para iso dispo\u00f1\u00edan dunha frota mar\u00edtima preparada para afrontar grandes traxectos.<\/p>\n<p>As v\u00edas abertas cara a Am\u00e9rica, cara a Oriente en busca das especias ou o fluxo dos escravos desde \u00c1frica, entre outros, trouxeron consigo non s\u00f3 os descubrimentos de novas terras sen\u00f3n tam\u00e9n a transmisi\u00f3n de novas enfermidades que se estenderon con rapidez nos pobos dos conquistadores.<\/p>\n<p>A febre amarela procedente de \u00c1frica ou o c\u00f3lera procedentes de Asia chegaron a Europa da man das novas conquistas e do comercio mar\u00edtimo.<\/p>\n<p>A febre amarela foi importada do oeste de \u00c1frica e estendida cara ao continente americano a trav\u00e9s do comercio de escravos. Desde Am\u00e9rica arribou a Europa aparecendo en C\u00e1diz en torno ao 1730. Con todo, foi no s\u00e9culo XIX cando atacou os pa\u00edses t\u00e9pedos de Europa dunha forma constante.<\/p>\n<p>Pero, sen d\u00fabida, a enfermidade m\u00e1is terrible do s\u00e9culo XIX foi o c\u00f3lera procedente da India. As poucas condici\u00f3ns hixi\u00e9nicas das cidades europeas foron un caldo de cultivo para a extensi\u00f3n desta enfermidade.<\/p>\n<p>As epidemias non s\u00f3 se transmit\u00edan \u00e1s zonas urbanas que carec\u00edan dun m\u00ednimo de salubridade, sen\u00f3n que se estendeu \u00e1s zonas rurais a trav\u00e9s das feiras e mercados.<\/p>\n<p>Coa aparici\u00f3n das pestes e como loita contra as mesmas nace o sistema de corentena e os lazaretos.\u00a0 O medo aos contagios e o feito de que este non fose inmediato, podendo ser un viaxeiro portador dalgunha enfermidade contaxiosa sen sabelo, conformou a corentena como medida preventiva previa \u00e1 aparici\u00f3n da enfermidade.<\/p>\n<p>Pero a corentena consist\u00eda no illamento durante un tempo da persoa que pod\u00eda transmitir unha enfermidade contaxiosa. Pero\u2026 o illamento deb\u00eda facerse nalg\u00fan lugar concreto, \u00e9 a\u00ed onde xorden ou rexorden os lazaretos.<\/p>\n<p>Por tanto, os lazaretos xorden como resposta \u00e1s epidemias que se propagaron e arrasaron Europa ao longo dos s\u00e9culos, po\u00f1endo \u00e1 ciencia e \u00e1 humanidade nunha situaci\u00f3n de constante desaf\u00edo \u00e1 hora de compatibilizar a supervivencia da humanidade co imparable tr\u00e1fico de persoas e mercador\u00edas.<\/p>\n<p>Derivado desta situaci\u00f3n, xorde a corentena e a necesidade de establecer espazos onde levala a cabo.<\/p>\n<p>&nbsp;<\/p>\n<h2><strong>Onde se atopaban os Lazaretos?<\/strong><\/h2>\n<p>Cabe agora preguntarse onde se atopaban os lazaretos. Se estes eran edificios preexistentes que se dedicaban a estes fins ou novas construci\u00f3ns, ou se era preciso buscar unha tipolox\u00eda da edificaci\u00f3n para este fin etc.<\/p>\n<p>Pois vaiamos por partes \u2026<\/p>\n<p>En primeiro lugar, para que o lazareto cumprise a s\u00faa funci\u00f3n, <strong><em>era preciso que a s\u00faa localizaci\u00f3n situ\u00e1sese nun lugar apartado da cidade. <\/em><\/strong><\/p>\n<p><strong><em>Inicialmente utiliz\u00e1ronse edificios xa existentes<\/em><\/strong> como conventos, como o de Sant Francesc en Alacante con motivo da febre amarela en 1804.<\/p>\n<p>F\u00edxose uso tam\u00e9n de edificaci\u00f3ns extramuros no cami\u00f1o de acceso \u00e1 cidade. Estas casas pod\u00edan ser privadas ou ermidas campestres.<\/p>\n<p>Utiliz\u00e1ronse igualmente construci\u00f3ns existentes no propio porto, como a lanterna do porto de Barcelona.<\/p>\n<p>O destino dos edificios enumerados como lazareto, foi resultado da improvisaci\u00f3n e a falta de previsi\u00f3n.<\/p>\n<p>Con todo, <strong><em>existiron tam\u00e9n edificios de nova planta destinados a este fin.<\/em><\/strong> A maior\u00eda destas construci\u00f3ns eran realizadas con materiais temporais pois se consideraba que \u00edan ser utilizados durante un breve per\u00edodo de tempo sempre que non desaparec\u00eda o obxecto da s\u00faa construci\u00f3n.\u00a0 Este sentimento de provisionalidade acompa\u00f1\u00e1base, \u00e1s veces, da falta de recursos das localidades.<\/p>\n<p>As barracas de Barcelona, as construci\u00f3ns de t\u00e1boas na praia do Puntal en C\u00e1diz ou en Baleares contribu\u00edron en mellores ou peores circunstancias a evitar a expansi\u00f3n das distintas epidemias.<\/p>\n<p>\u00c9 en Venecia onde se empezan a constru\u00edr os lazaretos de obra seguindo unhas pautas de ventilaci\u00f3n e distribuci\u00f3n cuxo modelo se vai estendendo polas illas j\u00f3nicas e Francia, Italia, Malta, Mah\u00f3n etc.<\/p>\n<p><img decoding=\"async\" class=\"size-medium wp-image-17113 aligncenter\" src=\"https:\/\/recreacionhistoria.com\/wp-content\/uploads\/2025\/05\/LazaretoVenecia-300x162.jpg\" alt=\"\" width=\"300\" height=\"162\" title=\"\" srcset=\"https:\/\/recreacionhistoria.com\/wp-content\/uploads\/2025\/05\/LazaretoVenecia-300x162.jpg 300w, https:\/\/recreacionhistoria.com\/wp-content\/uploads\/2025\/05\/LazaretoVenecia-1024x553.jpg 1024w, https:\/\/recreacionhistoria.com\/wp-content\/uploads\/2025\/05\/LazaretoVenecia-768x415.jpg 768w, https:\/\/recreacionhistoria.com\/wp-content\/uploads\/2025\/05\/LazaretoVenecia.jpg 1476w\" sizes=\"(max-width: 300px) 100vw, 300px\" \/><\/p>\n<p>&nbsp;<\/p>\n<p>O lazareto da illa de Mah\u00f3n, de clara influencia do modelo franc\u00e9s, foi instado por Floridablanca baixo o reinado de Carlos III.<\/p>\n<p><img decoding=\"async\" class=\"size-medium wp-image-17109 aligncenter\" src=\"https:\/\/recreacionhistoria.com\/wp-content\/uploads\/2025\/05\/Lazareto_Mahon-300x205.jpg\" alt=\"\" width=\"300\" height=\"205\" title=\"\" srcset=\"https:\/\/recreacionhistoria.com\/wp-content\/uploads\/2025\/05\/Lazareto_Mahon-300x205.jpg 300w, https:\/\/recreacionhistoria.com\/wp-content\/uploads\/2025\/05\/Lazareto_Mahon-1024x699.jpg 1024w, https:\/\/recreacionhistoria.com\/wp-content\/uploads\/2025\/05\/Lazareto_Mahon-768x524.jpg 768w, https:\/\/recreacionhistoria.com\/wp-content\/uploads\/2025\/05\/Lazareto_Mahon-474x324.jpg 474w, https:\/\/recreacionhistoria.com\/wp-content\/uploads\/2025\/05\/Lazareto_Mahon-1536x1048.jpg 1536w, https:\/\/recreacionhistoria.com\/wp-content\/uploads\/2025\/05\/Lazareto_Mahon.jpg 1600w\" sizes=\"(max-width: 300px) 100vw, 300px\" \/><\/p>\n<p>&nbsp;<\/p>\n<p>Entrou en funcionamento en 1817 e exp\u00faxose coa idea de servir a todo o Estado. \u00c9 o primeiro expo\u00f1ente dos lazaretos pabellonarios que se caracterizaban pola construci\u00f3n de pavill\u00f3ns separados en funci\u00f3n dos diferentes tipos de enfermos e distintos servizos de hospital, a circulaci\u00f3n do aire puro e dos fluxos internos do hospital.<\/p>\n<p><img loading=\"lazy\" decoding=\"async\" class=\"size-medium wp-image-17107 aligncenter\" src=\"https:\/\/recreacionhistoria.com\/wp-content\/uploads\/2025\/05\/LazaretoMahon-300x175.jpg\" alt=\"\" width=\"300\" height=\"175\" title=\"\" srcset=\"https:\/\/recreacionhistoria.com\/wp-content\/uploads\/2025\/05\/LazaretoMahon-300x175.jpg 300w, https:\/\/recreacionhistoria.com\/wp-content\/uploads\/2025\/05\/LazaretoMahon-768x448.jpg 768w, https:\/\/recreacionhistoria.com\/wp-content\/uploads\/2025\/05\/LazaretoMahon.jpg 1024w\" sizes=\"(max-width: 300px) 100vw, 300px\" \/><\/p>\n<p>&nbsp;<\/p>\n<p>No que respecta a Galicia, en 1838 aprobouse a construci\u00f3n dun lazareto de primeira orde nas illas de San Sim\u00f3n e San Antonio, na r\u00eda de Vigo, que foi posto en funcionamento en 1842.\u00a0 A trav\u00e9s deste porto entrara o c\u00f3lera en Espa\u00f1a en 1833. Nesta estaci\u00f3n, e na de Mah\u00f3n, deb\u00edan cumprir a corentena os barcos arribados desde as Antillas ao Golfo de M\u00e9xico.<\/p>\n<p>Podedes atopar m\u00e1is informaci\u00f3n nos nosos post: <a href=\"https:\/\/recreacionhistoria.com\/gl\/a-chegada-do-colera-a-a-coruna\/\">https:\/\/recreacionhistoria.com\/gl\/a-chegada-do-colera-a-a-coruna\/<\/a><\/p>\n<p>E <a href=\"https:\/\/recreacionhistoria.com\/gl\/san-simon-as-illas-misteriosas\/\">https:\/\/recreacionhistoria.com\/gl\/san-simon-as-illas-misteriosas\/<\/a><\/p>\n<p>&nbsp;<\/p>\n<h2><strong>Lazareto na Coru\u00f1a<\/strong><\/h2>\n<p>No occidente galego, A Coru\u00f1a contaba no s\u00e9culo XIX cun importante porto de entrada de mercador\u00edas. A s\u00faa privilexiada situaci\u00f3n convert\u00edaa en porta de entrada de produtos como cereais, carb\u00f3n, madeira veu etc., por outra banda, o comercio mar\u00edtimo con Am\u00e9rica era unha das principais fontes de riqueza na cidade, non esquezamos que o porto herculino funcionaba como base de correo mar\u00edtimo.<\/p>\n<p>A construci\u00f3n do lazareto coru\u00f1\u00e9s levou na localizaci\u00f3n do antigo castelo de Oza, situado nunha zona privilexiada de resgardo na ba\u00eda coru\u00f1esa. Estivo activo entre 1889 e 1903 dedic\u00e1ndose ao tratamento e observaci\u00f3n daquelas persoas que chegaban a porto da cidade baixo a sospeita de estar infectadas por c\u00f3lera ou febre amarela.<\/p>\n<p><img loading=\"lazy\" decoding=\"async\" class=\"size-medium wp-image-17103 aligncenter\" src=\"https:\/\/recreacionhistoria.com\/wp-content\/uploads\/2025\/05\/Lazareto_Coruna-300x195.jpg\" alt=\"\" width=\"300\" height=\"195\" title=\"\" srcset=\"https:\/\/recreacionhistoria.com\/wp-content\/uploads\/2025\/05\/Lazareto_Coruna-300x195.jpg 300w, https:\/\/recreacionhistoria.com\/wp-content\/uploads\/2025\/05\/Lazareto_Coruna-1024x664.jpg 1024w, https:\/\/recreacionhistoria.com\/wp-content\/uploads\/2025\/05\/Lazareto_Coruna-768x498.jpg 768w, https:\/\/recreacionhistoria.com\/wp-content\/uploads\/2025\/05\/Lazareto_Coruna-1536x997.jpg 1536w, https:\/\/recreacionhistoria.com\/wp-content\/uploads\/2025\/05\/Lazareto_Coruna-2048x1329.jpg 2048w\" sizes=\"(max-width: 300px) 100vw, 300px\" \/><\/p>\n<p>&nbsp;<\/p>\n<p>Con todo, anteriormente o lazareto paso por distintos lugares provisionais previos sendo obxecto de debate a s\u00faa localizaci\u00f3n final.<\/p>\n<p>A Coru\u00f1a sofre un grave episodio de c\u00f3lera no ano 1854. Nese momento as autoridades municipais, superadas pola situaci\u00f3n confinan barrios enteiros, permitiron a apertura de hospitais provisionais para atender aos enfermos e acoden \u00e1 intercesi\u00f3n divina sacando \u00e1 Virxe dos Dolores en procesi\u00f3n.<\/p>\n<p>Esta situaci\u00f3n incide na necesidade de constru\u00edr un lazareto. Non esquezamos que o c\u00f3lera que arrasou a cidade tivo a s\u00faa orixe, presumiblemente, na chegada do barco Isabel a Cat\u00f3lica procedente da Habana.<\/p>\n<p>Consid\u00e9rase ent\u00f3n a posibilidade da s\u00faa construci\u00f3n na zona da Palloza e no Castillo de San Diego chegando finalmente \u00e1 conclusi\u00f3n que a mellor localizaci\u00f3n \u00e9 o castelo de Oza.<\/p>\n<p>Tras solicitar ao Ministerio de Guerra \u00e1 concesi\u00f3n do Castillo, f\u00fandase a sociedade an\u00f3nima lazareto da Coru\u00f1a da que formaban parte, posiblemente, comerciantes e empresarios coru\u00f1eses, representantes da administraci\u00f3n p\u00fablica, m\u00e9dicos e especialistas sanitarios e navieiras e compa\u00f1\u00edas de transporte mar\u00edtimo. Esta sociedade ten como obxectivo buscar capital para a construci\u00f3n do lazareto e lidera a s\u00faa construci\u00f3n.<\/p>\n<p>Os distintos pavill\u00f3ns constru\u00eddos como albergue de corentena e tratamento de epidemias f\u00f3ronse transformando ao longo do tempo.<\/p>\n<p><img loading=\"lazy\" decoding=\"async\" class=\"size-medium wp-image-17105 aligncenter\" src=\"https:\/\/recreacionhistoria.com\/wp-content\/uploads\/2025\/05\/SanatorioOza-300x169.webp\" alt=\"\" width=\"300\" height=\"169\" title=\"\" srcset=\"https:\/\/recreacionhistoria.com\/wp-content\/uploads\/2025\/05\/SanatorioOza-300x169.webp 300w, https:\/\/recreacionhistoria.com\/wp-content\/uploads\/2025\/05\/SanatorioOza.webp 480w\" sizes=\"(max-width: 300px) 100vw, 300px\" \/><\/p>\n<p>&nbsp;<\/p>\n<p>Aquela arquitectura para epidemias cos seus distintos pavill\u00f3ns constru\u00eddos como albergue de corentena e tratamento non se conserva, xa que desde 1910 foi transform\u00e1ndose para albergar un sanatorio mar\u00edtimo ata converterse en instalaci\u00f3ns do Servizo Galego de Sa\u00fade e da Universidade da Coru\u00f1a. Pero isto, \u00e9 obxecto doutra historia.<\/p>\n<p>&nbsp;<\/p>\n<p>E rematamos esta publicaci\u00f3n, confiando en que, a pesar da s\u00faa longa extensi\u00f3n, resultase do voso interese, e nese caso gustar\u00edanos que nolo fix\u00e9sedes saber pulsando no bot\u00f3n <strong><em>\u201cG\u00fastame\u201d.<\/em><\/strong> Ademais, anim\u00e1mosche a achegar alg\u00fan comentario, e se tes interese, subscribirche de xeito gratuito \u00e1 Newsletter do Blog para manterche sempre informado sobre as novas publicaci\u00f3ns do Blog.<\/p>\n<p>Por \u00faltimo, se vos gustou o suficiente como para compartilo nas vosas redes sociais, estariamos realmente encantados de que as\u00ed o fix\u00e9sedes.<\/p>\n","protected":false},"excerpt":{"rendered":"<p>Os lazaretos son hospitais ou edificios onde se illaban e trataban a todos aqueles enfermos que padec\u00edan enfermidades contaxiosas, fundamentalmente a lepra ou a tuberculose.<\/p>\n","protected":false},"author":3,"featured_media":17102,"comment_status":"open","ping_status":"open","sticky":false,"template":"","format":"standard","meta":{"_monsterinsights_skip_tracking":false,"_monsterinsights_sitenote_active":false,"_monsterinsights_sitenote_note":"","_monsterinsights_sitenote_category":0,"footnotes":""},"categories":[221],"tags":[271,3675,1097,1100,392,237,3676],"class_list":["post-17117","post","type-post","status-publish","format-standard","has-post-thumbnail","hentry","category-recuncho-da-historia","tag-curiosidades-historicas-gl","tag-lazaretos-gl","tag-origen-gl","tag-orixe","tag-sociedad-gl","tag-sociedade","tag-tuberculosis-gl","category-221","description-off"],"_links":{"self":[{"href":"https:\/\/recreacionhistoria.com\/gl\/wp-json\/wp\/v2\/posts\/17117","targetHints":{"allow":["GET"]}}],"collection":[{"href":"https:\/\/recreacionhistoria.com\/gl\/wp-json\/wp\/v2\/posts"}],"about":[{"href":"https:\/\/recreacionhistoria.com\/gl\/wp-json\/wp\/v2\/types\/post"}],"author":[{"embeddable":true,"href":"https:\/\/recreacionhistoria.com\/gl\/wp-json\/wp\/v2\/users\/3"}],"replies":[{"embeddable":true,"href":"https:\/\/recreacionhistoria.com\/gl\/wp-json\/wp\/v2\/comments?post=17117"}],"version-history":[{"count":3,"href":"https:\/\/recreacionhistoria.com\/gl\/wp-json\/wp\/v2\/posts\/17117\/revisions"}],"predecessor-version":[{"id":17120,"href":"https:\/\/recreacionhistoria.com\/gl\/wp-json\/wp\/v2\/posts\/17117\/revisions\/17120"}],"wp:featuredmedia":[{"embeddable":true,"href":"https:\/\/recreacionhistoria.com\/gl\/wp-json\/wp\/v2\/media\/17102"}],"wp:attachment":[{"href":"https:\/\/recreacionhistoria.com\/gl\/wp-json\/wp\/v2\/media?parent=17117"}],"wp:term":[{"taxonomy":"category","embeddable":true,"href":"https:\/\/recreacionhistoria.com\/gl\/wp-json\/wp\/v2\/categories?post=17117"},{"taxonomy":"post_tag","embeddable":true,"href":"https:\/\/recreacionhistoria.com\/gl\/wp-json\/wp\/v2\/tags?post=17117"}],"curies":[{"name":"wp","href":"https:\/\/api.w.org\/{rel}","templated":true}]}}