{"id":16986,"date":"2026-04-07T15:43:13","date_gmt":"2026-04-07T14:43:13","guid":{"rendered":"https:\/\/recreacionhistoria.com\/?p=16986"},"modified":"2026-04-07T15:43:13","modified_gmt":"2026-04-07T14:43:13","slug":"mosteiro-de-yuste-ultima-morada-carlos-v","status":"publish","type":"post","link":"https:\/\/recreacionhistoria.com\/gl\/mosteiro-de-yuste-ultima-morada-carlos-v\/","title":{"rendered":"Mosteiro de Yuste. \u00daltima morada de Carlos V"},"content":{"rendered":"<p>Un espectacular mosteiro, situado nunha pequena localidade estreme\u00f1a, foi a \u00faltima morada do emperador Carlos I de Espa\u00f1a e V de Alema\u00f1a (Sacro Imperio Romano Germ\u00e1nico), o home m\u00e1is poderoso do seu tempo: rei de N\u00e1poles, Sicilia e Sarde\u00f1a, archiduque de Austria, duque de Borgo\u00f1a\u2026 as\u00ed como os territorios da coroa de Castela en Am\u00e9rica.<\/p>\n<p>Hoxe centr\u00e1monos no <strong><em>Mosteiro de Yuste. \u00daltima morada de Carlos V.<\/em><\/strong><\/p>\n<p><img fetchpriority=\"high\" decoding=\"async\" class=\"size-medium wp-image-16953 aligncenter\" src=\"https:\/\/recreacionhistoria.com\/wp-content\/uploads\/2025\/04\/20250413_120146-300x225.jpg\" alt=\"\" width=\"300\" height=\"225\" title=\"\" srcset=\"https:\/\/recreacionhistoria.com\/wp-content\/uploads\/2025\/04\/20250413_120146-300x225.jpg 300w, https:\/\/recreacionhistoria.com\/wp-content\/uploads\/2025\/04\/20250413_120146-768x576.jpg 768w, https:\/\/recreacionhistoria.com\/wp-content\/uploads\/2025\/04\/20250413_120146.jpg 816w\" sizes=\"(max-width: 300px) 100vw, 300px\" \/><\/p>\n<h2><\/h2>\n<h2><strong>Contexto hist\u00f3rico<\/strong><\/h2>\n<p>A vida mon\u00e1stica estendeuse por Europa a partir do ano mil. Inici\u00e1banse as\u00ed os s\u00e9culos da arte rom\u00e1nico, inaugurados pola Abad\u00eda de Cluny (Francia), pero o ascetismo das ordes relixiosas estendeuse durante os s\u00e9culos do g\u00f3tico (XII-XV) e o renacemento (XVI). \u00c9 neste \u00faltimo contexto cando se instaura en Castela a orde de San Jer\u00f3nimo, achando un especial soporte no esp\u00edrito da unificaci\u00f3n relixiosa que desempe\u00f1aron os Reis Cat\u00f3licos e, dun modo espec\u00edfico en Castela, a ra\u00ed\u00f1a Isabel (1451-1504).<\/p>\n<p>Falamos dun contexto social, durante a Baixa Idade Media, que, tras a crise da peste negra e nun ambiente espiritual, mov\u00eda cara ao pietismo e a oraci\u00f3n.<\/p>\n<p>En canto a Carlos V, mantivo ao longo do seu reinado un so\u00f1o que non era outro que un Imperio Universal, que agrupase a todos os reinos da cristiandade para a defensa do catolicismo. Pero tanto o rei de Francia, Francisco I, como o Papa Clemente VII estiveron sempre en contra desta visi\u00f3n unificadora. Os conflitos con Francisco I (as 4 guerras con Francia), cos turcos polo control do Mediterr\u00e1neo e a defensa do sur de Europa, os conflitos internos nos antigos reinos dentro de Espa\u00f1a e a aparici\u00f3n do protestantismo foron desgastando aos poucos ao monarca.<\/p>\n<p><img decoding=\"async\" class=\"size-medium wp-image-16935 aligncenter\" src=\"https:\/\/recreacionhistoria.com\/wp-content\/uploads\/2025\/04\/Carlos-V-300x229.jpg\" alt=\"\" width=\"300\" height=\"229\" title=\"\" srcset=\"https:\/\/recreacionhistoria.com\/wp-content\/uploads\/2025\/04\/Carlos-V-300x229.jpg 300w, https:\/\/recreacionhistoria.com\/wp-content\/uploads\/2025\/04\/Carlos-V-768x587.jpg 768w, https:\/\/recreacionhistoria.com\/wp-content\/uploads\/2025\/04\/Carlos-V.jpg 900w\" sizes=\"(max-width: 300px) 100vw, 300px\" \/><\/p>\n<p>&nbsp;<\/p>\n<h2><strong>Historia do Mosteiro de Yuste<\/strong><\/h2>\n<p>At\u00f3pase no coraz\u00f3n da comarca da Beira, unha paraxe sorprendente na provincia de C\u00e1ceres. Situado nos contrafortes da serra de Gredos, xunto \u00e1 localidade de Cuacos de Yuste.<\/p>\n<p>Para atopar as orixes da s\u00faa historia temos que viaxar ata comezos do s\u00e9culo XV, momento en que dous ermit\u00e1ns anacoretas: Pedro Bra\u00f1es e Domingo Castel\u00e1ns, quen buscando un lugar que lles achegase maior recollemento, abandonaron a ermida placentina de San Crist\u00f3bal para instalarse na de San Salvador da Sierra, sita entre as localidades de Cuacos de Yuste e Garganta da Pota. Esta ermida ter\u00eda certa fama na s\u00faa \u00e9poca pois recoller\u00eda a varios prelados que fux\u00edan cara ao norte durante a invasi\u00f3n musulm\u00e1 da pen\u00ednsula ib\u00e9rica.<\/p>\n<p>Pero a ermida tampouco era o lugar ideal, polo que merc\u00e9 a unha doaz\u00f3n de terras, que se produciu o d\u00eda 24 de agosto de 1402, por parte dun veci\u00f1o de Cuacos, Sancho Mart\u00edn, ser\u00eda o xerme do actual Mosteiro de Yuste.<\/p>\n<p><img decoding=\"async\" class=\"size-medium wp-image-16981 aligncenter\" src=\"https:\/\/recreacionhistoria.com\/wp-content\/uploads\/2025\/04\/20250413_110647-300x225.jpg\" alt=\"\" width=\"300\" height=\"225\" title=\"\" srcset=\"https:\/\/recreacionhistoria.com\/wp-content\/uploads\/2025\/04\/20250413_110647-300x225.jpg 300w, https:\/\/recreacionhistoria.com\/wp-content\/uploads\/2025\/04\/20250413_110647-768x576.jpg 768w, https:\/\/recreacionhistoria.com\/wp-content\/uploads\/2025\/04\/20250413_110647.jpg 816w\" sizes=\"(max-width: 300px) 100vw, 300px\" \/><\/p>\n<p><strong><em>O Mosteiro de Yuste foi fundado a principios do s\u00e9culo XV<\/em><\/strong> grazas ao patrocinio do Infante Don Fernando, futuro rei de Arag\u00f3n, e irm\u00e1n de Enrique III.<\/p>\n<p>A primeira construci\u00f3n foi unha pequena capela e d\u00faas celas que incorporar\u00edan elementos procedentes da ermida de San Crist\u00f3bal, antes mencionada. Este novo recinto acoller\u00eda novos membros polo que era preciso ampliar ondas instalaci\u00f3ns. O rei Enrique III, no ano 1407 obt\u00e9n a bula papal necesaria para edificar un novo mosteiro, baixo a advocaci\u00f3n jer\u00f3nima e a regra agosti\u00f1a. E coa axuda do Conde de Oropesa, ser\u00edan admitidos no seo da Orde jer\u00f3nima en 1415.<\/p>\n<p>Juan II de Castela, en 1434, concedeu algunhas grazas entre as cales est\u00e1 o privilexio de poder levar a pastoreo 200 cabezas de gando ovejuno ou cabr\u00edo polos cotos dos lugares de Cuacos, Colado, Aldeanueva, Jaraiz, Losar e demais terras de Plasencia. Tam\u00e9n dispo\u00f1er\u00eda que non se perturbase \u00e1s persoas e bens do Mosteiro.<\/p>\n<p>Enrique IV, en 1474, dispuxo que se lle outorgase o privilexio de que non pagasen alcabalas das herbas que ti\u00f1an en Trujillo.<\/p>\n<p>Os Reis Cat\u00f3licos outorg\u00e1ronlles en 1489, o privilexio de non pagar barcage nas barcas dos r\u00edos Tajo e Ti\u00e9tar. Ademais, en 1503, conc\u00e9delles 3.000 maravedis de xuro anual sobre as alcabalas de Plasencia.<\/p>\n<p>Carlos V eleva a 400 o n\u00famero de carneiros ou cabras que para o seu sustento conced\u00e9ralles Juan II nas terras de Plasencia.<\/p>\n<p>Felipe II, con ocasi\u00f3n da s\u00faa visita ao Mosteiro en 1570, libroulles por cinco anos do imposto de subsidio que hab\u00edan de pagar en Plasencia para que con iso acabasen de realizar a preto que rodea ao Convento. As\u00ed mesmo entregoulles reliquias de santos en 1588 e un c\u00e1liz de prata sobredorada.<\/p>\n<p><img loading=\"lazy\" decoding=\"async\" class=\"size-medium wp-image-16937 aligncenter\" src=\"https:\/\/recreacionhistoria.com\/wp-content\/uploads\/2025\/04\/20250413_112416-300x225.jpg\" alt=\"\" width=\"300\" height=\"225\" title=\"\" srcset=\"https:\/\/recreacionhistoria.com\/wp-content\/uploads\/2025\/04\/20250413_112416-300x225.jpg 300w, https:\/\/recreacionhistoria.com\/wp-content\/uploads\/2025\/04\/20250413_112416-768x576.jpg 768w, https:\/\/recreacionhistoria.com\/wp-content\/uploads\/2025\/04\/20250413_112416.jpg 816w\" sizes=\"(max-width: 300px) 100vw, 300px\" \/><\/p>\n<p>&nbsp;<\/p>\n<p>Co paso do tempo foi aumentando o n\u00famero de monxes, que finalmente se acolleron \u00e1 Orde de San Jer\u00f3nimo.<\/p>\n<p>A comezos do s\u00e9culo XIX, durante a invasi\u00f3n francesa, o Mosteiro de Yuste foi abandonado polos monxes Jer\u00f3nimos e sufriu numerosos danos.<\/p>\n<p>Coa desamortizaci\u00f3n de Mendiz\u00e1bal poxouse o edificio e o conxunto foi vendido e comezou a ser v\u00edtima do abandono, ata que en 1857 foi comprado polo Marqu\u00e9s de Mirabel, que o reparou e reabriu a igrexa ao culto.<\/p>\n<div id=\"attachment_16977\" style=\"width: 310px\" class=\"wp-caption aligncenter\"><img loading=\"lazy\" decoding=\"async\" aria-describedby=\"caption-attachment-16977\" class=\"wp-image-16977 size-medium\" src=\"https:\/\/recreacionhistoria.com\/wp-content\/uploads\/2025\/04\/Vista-Yuste-ultimas-decadas-XIX-300x235.jpg\" alt=\"Vista de Yuste, \u00faltimas d\u00e9cadas del siglo XIX\" width=\"300\" height=\"235\" title=\"\" srcset=\"https:\/\/recreacionhistoria.com\/wp-content\/uploads\/2025\/04\/Vista-Yuste-ultimas-decadas-XIX-300x235.jpg 300w, https:\/\/recreacionhistoria.com\/wp-content\/uploads\/2025\/04\/Vista-Yuste-ultimas-decadas-XIX.jpg 634w\" sizes=\"(max-width: 300px) 100vw, 300px\" \/><p id=\"caption-attachment-16977\" class=\"wp-caption-text\"><em>Vista de Yuste, \u00faltimas d\u00e9cadas do s\u00e9culo XIX<\/em><\/p><\/div>\n<p>En 1931 foi declarado monumento hist\u00f3rico-art\u00edstico por Decreto e tras a Guerra Civil, unha vez cedido ao Estado, deu comezo a restauraci\u00f3n dirixida por Jos\u00e9 Manuel Gonz\u00e1lez-Valc\u00e1rcel, iniciando os labores de rehabilitaci\u00f3n en 1949 e conclu\u00edndoas en 1958.\u00a0 A partir de 1959 empezouse a abrir ao p\u00fablico.<\/p>\n<p>Foi declarado Patrimonio Europeo en 2007, formando actualmente parte do Patrimonio Nacional de Espa\u00f1a.\u00a0 Ademais, recibiu o Selo do Patrimonio Europeo que concede a Comisi\u00f3n Europea.<\/p>\n<p>&nbsp;<\/p>\n<h2><strong>Descripci\u00f3n do Mosteiro de Yuste<\/strong><\/h2>\n<p style=\"padding-left: 40px;\"><em>\u201cAo mediod\u00eda dos aposentos, est\u00e1n dous cubos moi ben postos, entre os cales e ao p\u00e9 deles, sae unha fonte que cae nun estanque de azulexos, onde para a s\u00faa maxestade hab\u00eda tencas.<\/em><\/p>\n<p style=\"padding-left: 40px;\"><em>Est\u00e1 todo o edificio rodeado de xanelas, que \u00e9 unha das cousas que m\u00e1is lle adornan e hermosean e por todas elas entran lim\u00f3ns, cidras ou laranxas, con que se recrean os \u00e1nimos dos que as ven. Ao oriente deste cuarto, est\u00e1 un gran patio, cunha fonte no medio del. E todo el \u00e9 un xard\u00edn de lim\u00f3ns, cidras e naranjos e das moitas herbas e flores, que a s\u00faa maxestade mandou nel plantar.<\/em><\/p>\n<p style=\"padding-left: 40px;\"><em>Debaixo do aposento da s\u00faa maxestade, estaba a horta principal e xard\u00edns do mosteiro, sobre os cales caen todas as xanelas do aposento do emperador, se\u00f1ore\u00e1ndolo todo. Isto \u00e9 o que tomou para o seu servizo, f\u00f3ra do que mandou fabricar e fabricou de novo para si. Puxo hortelanos e xardineiros en el\u201d.<\/em><\/p>\n<p>Frei Mart\u00edn de \u00c1ngulo, 1558. Vida e fin que tivo a ces\u00e1rea, sacra e real maxestade do noso se\u00f1or D. Carlos neste mosteiro de San Jer\u00f3nimo de Yuste.<\/p>\n<p><img loading=\"lazy\" decoding=\"async\" class=\"size-medium wp-image-16959 aligncenter\" src=\"https:\/\/recreacionhistoria.com\/wp-content\/uploads\/2025\/04\/20250413_110700-300x115.jpg\" alt=\"\" width=\"300\" height=\"115\" title=\"\" srcset=\"https:\/\/recreacionhistoria.com\/wp-content\/uploads\/2025\/04\/20250413_110700-300x115.jpg 300w, https:\/\/recreacionhistoria.com\/wp-content\/uploads\/2025\/04\/20250413_110700-768x294.jpg 768w, https:\/\/recreacionhistoria.com\/wp-content\/uploads\/2025\/04\/20250413_110700.jpg 863w\" sizes=\"(max-width: 300px) 100vw, 300px\" \/><\/p>\n<p>&nbsp;<\/p>\n<p><strong><em>O mosteiro \u00e9 un edificio pensado para a residencia e a autosuficiencia<\/em><\/strong>, polo que disp\u00f3n de estancias de habitaci\u00f3n espazos com\u00fans e salas dom\u00e9sticas. Ademais, non est\u00e1 concibido de forma illada, sen\u00f3n que se integra nun conxunto arquitect\u00f3nico que cont\u00e9n tam\u00e9n a igrexa, xard\u00edns e residencias.<\/p>\n<p>&nbsp;<\/p>\n<p><strong><em>O conxunto monacal est\u00e1 formado pola igrexa, dous claustros, estancias monacales, ademais de c\u00e1saa-palacio do emperador.<\/em><\/strong><\/p>\n<p><img loading=\"lazy\" decoding=\"async\" class=\"size-medium wp-image-16961 aligncenter\" src=\"https:\/\/recreacionhistoria.com\/wp-content\/uploads\/2025\/04\/20250413_110654-300x159.jpg\" alt=\"\" width=\"300\" height=\"159\" title=\"\" srcset=\"https:\/\/recreacionhistoria.com\/wp-content\/uploads\/2025\/04\/20250413_110654-300x159.jpg 300w, https:\/\/recreacionhistoria.com\/wp-content\/uploads\/2025\/04\/20250413_110654-768x407.jpg 768w, https:\/\/recreacionhistoria.com\/wp-content\/uploads\/2025\/04\/20250413_110654.jpg 884w\" sizes=\"(max-width: 300px) 100vw, 300px\" \/><\/p>\n<p>&nbsp;<\/p>\n<p>Dous eran os principios fundamentais da arquitectura jer\u00f3nima: a do silencio no recollemento dos irm\u00e1ns nas celas e a condici\u00f3n erem\u00edticas dos edificios.<\/p>\n<p>O conxunto conta ademais cuns xard\u00edns e un estanque, dese\u00f1ados para o emperador.<\/p>\n<p>O Mosteiro \u00e9 un templo tardo-g\u00f3tico, que presenta na actualidade incorporaci\u00f3ns posteriores reformas renacentistas. A fachada occidental mostra xa unha portada de hechuras renacentistas, de metade do s\u00e9culo XVI. O van \u00e9 de medio punto e at\u00f3pase flanqueado por dous pilastras. Encima hai hornacinas e un front\u00f3n triangular. Na parte alta do muro hai un \u00f3culo circular.<\/p>\n<p>No interior apr\u00e9ciase a s\u00faa sinxela estrutura composta por unha \u00fanica nave de catro tramos, cuberta con b\u00f3veda de crucer\u00eda estrelada e rematada por unha cabeceira poligonal. O arco triunfal \u00e9 apuntado e moi decorado. Todas as dependencias son de gran austeridade.<\/p>\n<p>&nbsp;<\/p>\n<h3><strong><em>A igrexa<\/em><\/strong><\/h3>\n<p><strong><em>\u00c9 unha igrexa sinxela, de estilo g\u00f3tico tard\u00edo, do s\u00e9culo XV.<\/em><\/strong> Ten unha nave de considerable altura e b\u00f3vedas g\u00f3ticas de crucer\u00eda estrelada.<\/p>\n<p>Na entrada, nun piso superior, est\u00e1 situado o coro. Presenta un altar elevado (reforma realizada baixo Felipe II), con siller\u00edas do mestre Alem\u00e1n. Un retablo de madeira policromada, do escultor Antonio de Segura, encargo de Felipe II, terminou de instalarse en Yuste en 1584, sendo pare iso necesario modificar o presbiterio e elevar, a\u00ednda m\u00e1is, a s\u00faa altura para dar maior protagonismo \u00e1 nova obra. No \u00e1tico aparecen as armas imperiais co aguia bic\u00e9fala chaira e o Tois\u00f3n de Ouro, s\u00edmbolos de Carlos V. As imaxes dos laterais representan as personificaci\u00f3ns das virtudes: a Fe e a Esperanza, situadas \u00e1 dereita, e a Fortaleza e a Xustiza, \u00e1 esquerda. A obra pict\u00f3rica \u00e9 co\u00f1ecida con varios nomes: O Xu\u00edzo Final, A Gloria, Apoteose de Carlos V ou A Trindade. O lenzo orixinal de Tiziano foi encargado por Carlos V.<\/p>\n<p><img loading=\"lazy\" decoding=\"async\" class=\"size-medium wp-image-16939 aligncenter\" src=\"https:\/\/recreacionhistoria.com\/wp-content\/uploads\/2025\/04\/20250413_125830-300x225.jpg\" alt=\"\" width=\"300\" height=\"225\" title=\"\" srcset=\"https:\/\/recreacionhistoria.com\/wp-content\/uploads\/2025\/04\/20250413_125830-300x225.jpg 300w, https:\/\/recreacionhistoria.com\/wp-content\/uploads\/2025\/04\/20250413_125830-768x576.jpg 768w, https:\/\/recreacionhistoria.com\/wp-content\/uploads\/2025\/04\/20250413_125830.jpg 816w\" sizes=\"(max-width: 300px) 100vw, 300px\" \/><\/p>\n<p>&nbsp;<\/p>\n<p>A obra chegar\u00eda a Yuste co emperador que a apreciaba ata o punto de pedir que lla mostrasen nos \u00faltimos instantes da s\u00faa vida. O cadro conservouse en Yuste ata 1574, data na que Felipe II decide trasladalo a El Escorial, e encargar\u00e1 algo m\u00e1is tarde o retablo e a copia que hoxe podemos contemplar. A obra representa o xu\u00edzo particular a Carlos V e a s\u00faa familia en presenza dos profetas e dos personaxes do Antigo e Novo Testamento, como Mois\u00e9s (sostendo as t\u00e1boas da lei), No\u00e9 (co arca e a pomba entre as s\u00faas mans), Ezequiel, David, San Juan Evanxelista, a que se interpretou como alegor\u00eda da lglesia (a muller con roupaxe verde de costas ao espectador) etc. San Jer\u00f3nimo, figura transcendental no proceso contrarreformista, tam\u00e9n aparece como anci\u00e1n concentrado nas escrituras. Na zona superior central sit\u00faase a Trindade e \u00e1 dereita aparecen atrasados Carlos V e lsabel de Portugal en actitude orante, Felipe II, a princesa Dna. Juana e posiblemente Dna. Mar\u00eda de Hungr\u00eda. O matrimonio aparece cuberto tan s\u00f3 cunha saba en sinal de pobreza e coa coroa imperial aos p\u00e9s do Emperador en sinal de renuncia aos bens terreais. No banco do retablo aparecen representados, en pintura sobre t\u00e1boa, os catro Pais da lglesia, San Jer\u00f3nimo e San Agust\u00edn \u00e1 esquerda e, San Ambrosio e San Gregorio \u00e1 dereita.<\/p>\n<p><img loading=\"lazy\" decoding=\"async\" class=\"size-medium wp-image-16965 aligncenter\" src=\"https:\/\/recreacionhistoria.com\/wp-content\/uploads\/2025\/04\/Piedad-202x300.jpg\" alt=\"\" width=\"202\" height=\"300\" title=\"\" srcset=\"https:\/\/recreacionhistoria.com\/wp-content\/uploads\/2025\/04\/Piedad-202x300.jpg 202w, https:\/\/recreacionhistoria.com\/wp-content\/uploads\/2025\/04\/Piedad.jpg 527w\" sizes=\"(max-width: 202px) 100vw, 202px\" \/><\/p>\n<p>&nbsp;<\/p>\n<p>Ademais, Yuste ten dous claustros:<\/p>\n<p>&nbsp;<\/p>\n<p><img loading=\"lazy\" decoding=\"async\" class=\"size-medium wp-image-16963 aligncenter\" src=\"https:\/\/recreacionhistoria.com\/wp-content\/uploads\/2025\/04\/20250413_115847-300x225.jpg\" alt=\"\" width=\"300\" height=\"225\" title=\"\" srcset=\"https:\/\/recreacionhistoria.com\/wp-content\/uploads\/2025\/04\/20250413_115847-300x225.jpg 300w, https:\/\/recreacionhistoria.com\/wp-content\/uploads\/2025\/04\/20250413_115847-768x576.jpg 768w, https:\/\/recreacionhistoria.com\/wp-content\/uploads\/2025\/04\/20250413_115847.jpg 816w\" sizes=\"(max-width: 300px) 100vw, 300px\" \/><\/p>\n<h3><strong><em>O Claustro g\u00f3tico<\/em><\/strong><\/h3>\n<p><strong><em>\u00c9 o m\u00e1is antigo, \u00e9 de finais do s\u00e9culo XV<\/em><\/strong> e ten planta rectangular con dous pisos, abertos ao patio central mediante ampl\u00edsimos vans delimitados por arcos carpaneles que se funden cos piares cil\u00edndricos que fan as veces de columnas.<\/p>\n<div id=\"attachment_16931\" style=\"width: 310px\" class=\"wp-caption aligncenter\"><img loading=\"lazy\" decoding=\"async\" aria-describedby=\"caption-attachment-16931\" class=\"size-medium wp-image-16931\" src=\"https:\/\/recreacionhistoria.com\/wp-content\/uploads\/2025\/04\/Claustro-gotico-hacia-1950-300x245.jpg\" alt=\"Claustro g\u00f3tico, hacia 1950\" width=\"300\" height=\"245\" title=\"\" srcset=\"https:\/\/recreacionhistoria.com\/wp-content\/uploads\/2025\/04\/Claustro-gotico-hacia-1950-300x245.jpg 300w, https:\/\/recreacionhistoria.com\/wp-content\/uploads\/2025\/04\/Claustro-gotico-hacia-1950.jpg 671w\" sizes=\"(max-width: 300px) 100vw, 300px\" \/><p id=\"caption-attachment-16931\" class=\"wp-caption-text\"><em>Claustro g\u00f3tico, hacia 1950<\/em><\/p><\/div>\n<p>O patio interior ten na actualidade un xard\u00edn cunha fonte no centro. O conxunto deste claustro \u00e9 de gran elegancia e severidade, pola s\u00faa case completa falta de ornamentaci\u00f3n.<\/p>\n<p>O claustro serv\u00eda de punto de acceso a todas as dependencias do mosteiro, inclu\u00edndo as celas dos monxes, que se atopaban no piso superior.<\/p>\n<p>&nbsp;<\/p>\n<h3><strong><em>O Claustro novo ou Plateresco<\/em><\/strong><\/h3>\n<p>Tam\u00e9n chamado claustro monacal. \u00c9 do s\u00e9culo XVI, renacentista, constru\u00eddo en diferentes etapas construtivas, en funci\u00f3n coa dispo\u00f1ibilidade de recursos econ\u00f3micos. \u00c9 m\u00e1is amplo e luminoso que o claustro g\u00f3tico. \u00c9 rectangular, pero m\u00e1is amplo que o anterior. Ten tam\u00e9n dous pisos. O inferior leva arcos de medio punto e os superior arcos escarzanos ou rebaixados. As columnas de apoio son renacentistas decoradas con volutas e grilandas.<\/p>\n<p><img loading=\"lazy\" decoding=\"async\" class=\"size-full wp-image-16943 aligncenter\" src=\"https:\/\/recreacionhistoria.com\/wp-content\/uploads\/2025\/04\/Ruinas-claustro-renacentista-1.jpg\" alt=\"\" width=\"179\" height=\"232\" title=\"\"><\/p>\n<p>&nbsp;<\/p>\n<p>O patio ten un xard\u00edn moi ben coidado no que crecen alg\u00fans cipreses. No centro do patio hai unha fonte de planta octogonal, con cunca sobre columna con capitel j\u00f3nico.<\/p>\n<p>As enxoitas dos dous pisos parecen decoradas con bras\u00f3ns, en cuxo interior se dispo\u00f1en os s\u00edmbolos da orde Jer\u00f3nima (o le\u00f3n e o capelo cardinalicio de San Jer\u00f3nimo), as\u00ed como varios emblemas her\u00e1ldicos das familias protectoras do Mosteiro de Yuste: os Zu\u00f1iga (banda con cadeas), os Toledo (jaqueles orlados de castelos e le\u00f3ns), os Figueroa (follas de figueira) e os Guzm\u00e1n (caldeiros).<\/p>\n<p>&nbsp;<\/p>\n<h3><strong><em>A Casa-palacio de Carlos V<\/em><\/strong><\/h3>\n<p>Tr\u00e1tase dun pequeno palacio no flanco meridional do convento, de d\u00faas plantas e cun gran faiado. Tam\u00e9n mostra unha gran austeridade. O edificio \u00e9 sinxelo e de f\u00e1brica humilde, a base de ladrillo e cachoter\u00eda, con algunhas partes de siller\u00eda. Sen apenas elementos decorativos.<\/p>\n<p>Unha suave rampla, sobre arcos elevados, permit\u00eda a Carlos V chegar dacabalo \u00e1s s\u00faas habitaci\u00f3ns, pois a pinga imped\u00edalle cami\u00f1ar.<\/p>\n<p><img loading=\"lazy\" decoding=\"async\" class=\"size-medium wp-image-16933 aligncenter\" src=\"https:\/\/recreacionhistoria.com\/wp-content\/uploads\/2025\/04\/20250413_111216-300x225.jpg\" alt=\"\" width=\"300\" height=\"225\" title=\"\" srcset=\"https:\/\/recreacionhistoria.com\/wp-content\/uploads\/2025\/04\/20250413_111216-300x225.jpg 300w, https:\/\/recreacionhistoria.com\/wp-content\/uploads\/2025\/04\/20250413_111216-768x576.jpg 768w, https:\/\/recreacionhistoria.com\/wp-content\/uploads\/2025\/04\/20250413_111216.jpg 816w\" sizes=\"(max-width: 300px) 100vw, 300px\" \/><\/p>\n<p>&nbsp;<\/p>\n<p>A planta principal ten forma rectangular cun corredor central que delimita d\u00faas \u00e1reas con d\u00faas salas en cada unha. As d\u00faas habitaci\u00f3ns interiores son a alcoba do emperador e unha antec\u00e1mara, mentres que as d\u00faas habitaci\u00f3ns exteriores ti\u00f1an funci\u00f3n de comedor e sala de audiencias e estaban abertas ao xard\u00edn exterior. Todas as estancias eran moi sobrias, cunha decoraci\u00f3n moi sinxela.<\/p>\n<p><img loading=\"lazy\" decoding=\"async\" class=\"size-medium wp-image-16967 aligncenter\" src=\"https:\/\/recreacionhistoria.com\/wp-content\/uploads\/2025\/04\/20250413_120613-300x225.jpg\" alt=\"\" width=\"300\" height=\"225\" title=\"\" srcset=\"https:\/\/recreacionhistoria.com\/wp-content\/uploads\/2025\/04\/20250413_120613-300x225.jpg 300w, https:\/\/recreacionhistoria.com\/wp-content\/uploads\/2025\/04\/20250413_120613-768x576.jpg 768w, https:\/\/recreacionhistoria.com\/wp-content\/uploads\/2025\/04\/20250413_120613.jpg 816w\" sizes=\"(max-width: 300px) 100vw, 300px\" \/><\/p>\n<p>&nbsp;<\/p>\n<p>A sala de audiencias debeuse de utilizar como espazo de recibimento das escasas visitas que tivo Carlos V durante a s\u00faa estancia en Yuste. No lado sur at\u00f3pase un dos cubos cadrados sobresalientes, con vistas sobre o xard\u00edn e o estanque, en cuxo interior se atopa unha r\u00e9plica da cadeira-liteira de viaxe do s\u00e9culo XVI (orixinal no Palacio Real de Madrid), consid\u00e9rase que foi a que trasladou ao emperador ata Yuste.<\/p>\n<p><img loading=\"lazy\" decoding=\"async\" class=\"size-medium wp-image-16969 aligncenter\" src=\"https:\/\/recreacionhistoria.com\/wp-content\/uploads\/2025\/04\/20250413_121136-225x300.jpg\" alt=\"\" width=\"225\" height=\"300\" title=\"\" srcset=\"https:\/\/recreacionhistoria.com\/wp-content\/uploads\/2025\/04\/20250413_121136-225x300.jpg 225w, https:\/\/recreacionhistoria.com\/wp-content\/uploads\/2025\/04\/20250413_121136-300x400.jpg 300w, https:\/\/recreacionhistoria.com\/wp-content\/uploads\/2025\/04\/20250413_121136.jpg 612w\" sizes=\"(max-width: 225px) 100vw, 225px\" \/><\/p>\n<p>&nbsp;<\/p>\n<p>Se visitades o Palacio, nesta sala atopar\u00e1s un Retrato armado de Carlos V, copia dun orixinal de Tiziano, actualmente desaparecido, e un retrato da emperatriz Isabel de Portugal, copia tam\u00e9n doutro de Tiziano, actualmente no Museo do Prado.<\/p>\n<p><img loading=\"lazy\" decoding=\"async\" class=\"size-medium wp-image-16975 aligncenter\" src=\"https:\/\/recreacionhistoria.com\/wp-content\/uploads\/2025\/04\/20250413_120702-300x225.jpg\" alt=\"\" width=\"300\" height=\"225\" title=\"\" srcset=\"https:\/\/recreacionhistoria.com\/wp-content\/uploads\/2025\/04\/20250413_120702-300x225.jpg 300w, https:\/\/recreacionhistoria.com\/wp-content\/uploads\/2025\/04\/20250413_120702-768x576.jpg 768w, https:\/\/recreacionhistoria.com\/wp-content\/uploads\/2025\/04\/20250413_120702.jpg 816w\" sizes=\"(max-width: 300px) 100vw, 300px\" \/><\/p>\n<p>&nbsp;<\/p>\n<p>O Cuarto Real foi constru\u00eddo por Gaspar de Vega entre 1554 e 1555, segundo as instruci\u00f3ns do propio Emperador. Cunha asombrosa sinxeleza para ser a habitaci\u00f3n dun rei, destaca a s\u00faa l\u00f3xica distribuci\u00f3n para un retiro relixioso. Practicouse un van que comunicaba coa igrexa do mosteiro e que lle permit\u00eda asistir a Misa desde a s\u00faa propia cama, feito que o seu fillo Felipe II imitar\u00eda no Mosteiro del Escorial, anos m\u00e1is tarde.<\/p>\n<p><img loading=\"lazy\" decoding=\"async\" class=\"size-medium wp-image-16973 aligncenter\" src=\"https:\/\/recreacionhistoria.com\/wp-content\/uploads\/2025\/04\/20250413_120637-225x300.jpg\" alt=\"\" width=\"225\" height=\"300\" title=\"\" srcset=\"https:\/\/recreacionhistoria.com\/wp-content\/uploads\/2025\/04\/20250413_120637-225x300.jpg 225w, https:\/\/recreacionhistoria.com\/wp-content\/uploads\/2025\/04\/20250413_120637-300x400.jpg 300w, https:\/\/recreacionhistoria.com\/wp-content\/uploads\/2025\/04\/20250413_120637.jpg 612w\" sizes=\"(max-width: 225px) 100vw, 225px\" \/><\/p>\n<p>&nbsp;<\/p>\n<p>O visitante do Escorial atopa que a cama e as paredes aparecen decoradas, tal e como testemu\u00f1aba o cronista Sandoval, con colgaduras de tercoipelo negro, como mostra do seu viudez permanente pola morte da emperatriz Isabel de Portugal.<\/p>\n<p><img loading=\"lazy\" decoding=\"async\" class=\"size-medium wp-image-16951 aligncenter\" src=\"https:\/\/recreacionhistoria.com\/wp-content\/uploads\/2025\/04\/20250413_121934-300x225.jpg\" alt=\"\" width=\"300\" height=\"225\" title=\"\" srcset=\"https:\/\/recreacionhistoria.com\/wp-content\/uploads\/2025\/04\/20250413_121934-300x225.jpg 300w, https:\/\/recreacionhistoria.com\/wp-content\/uploads\/2025\/04\/20250413_121934-768x576.jpg 768w, https:\/\/recreacionhistoria.com\/wp-content\/uploads\/2025\/04\/20250413_121934.jpg 816w\" sizes=\"(max-width: 300px) 100vw, 300px\" \/><\/p>\n<p>&nbsp;<\/p>\n<p>En canto \u00e1s s\u00faas instalaci\u00f3ns, o emperador puido gozar dunha importante biblioteca, pois albergaba unha notable colecci\u00f3n de volumes que abarcaban temas tan variados como a teolox\u00eda, a filosof\u00eda e as ciencias naturais, moitos dos cales eran rarezas bibliogr\u00e1ficas para a \u00e9poca.<\/p>\n<p>Entre as curiosidades cabe citar unha fonte con orificio na copa para que o rei puidese beber cunha c\u00e1nula de prata.<\/p>\n<p><img loading=\"lazy\" decoding=\"async\" class=\"size-medium wp-image-16971 aligncenter\" src=\"https:\/\/recreacionhistoria.com\/wp-content\/uploads\/2025\/04\/20250413_121052-300x225.jpg\" alt=\"\" width=\"300\" height=\"225\" title=\"\" srcset=\"https:\/\/recreacionhistoria.com\/wp-content\/uploads\/2025\/04\/20250413_121052-300x225.jpg 300w, https:\/\/recreacionhistoria.com\/wp-content\/uploads\/2025\/04\/20250413_121052-768x576.jpg 768w, https:\/\/recreacionhistoria.com\/wp-content\/uploads\/2025\/04\/20250413_121052.jpg 816w\" sizes=\"(max-width: 300px) 100vw, 300px\" \/><\/p>\n<p>&nbsp;<\/p>\n<p>Unha inscrici\u00f3n no muro do p\u00f3rtico de acceso \u00e1 residencia do monarca refire: <em>\u201cA s\u00faa maxestade o Emperador Carlos V, O noso Se\u00f1or, neste lugar estaba sentado cando lle deu o mal, aos trinta e un de agosto, \u00e1s catro da tarde. Faleceu o 21 de setembro \u00e1s d\u00faas e media da ma\u00f1\u00e1. Ano do Se\u00f1or de 1558\u201d.<\/em><\/p>\n<p>&nbsp;<\/p>\n<h3><strong><em>Os xard\u00edns do palacio<\/em><\/strong><\/h3>\n<p>Foron dese\u00f1ados para asemellarse aos que ti\u00f1a a casa natal do monarca en Gante. A auga era un dos protagonistas, co estanque principal que se conserva na actualidade e probablemente outros pequenos estanques ao redor do palacio. Estes xard\u00edns non s\u00f3 ti\u00f1an un car\u00e1cter ornamental, sen\u00f3n que ademais serv\u00edan como hortos de verduras, plantas medicinais e \u00e1rbores froiteiras.<\/p>\n<p><img loading=\"lazy\" decoding=\"async\" class=\"size-medium wp-image-16955 aligncenter\" src=\"https:\/\/recreacionhistoria.com\/wp-content\/uploads\/2025\/04\/Jardines-300x199.jpg\" alt=\"\" width=\"300\" height=\"199\" title=\"\" srcset=\"https:\/\/recreacionhistoria.com\/wp-content\/uploads\/2025\/04\/Jardines-300x199.jpg 300w, https:\/\/recreacionhistoria.com\/wp-content\/uploads\/2025\/04\/Jardines-391x260.jpg 391w, https:\/\/recreacionhistoria.com\/wp-content\/uploads\/2025\/04\/Jardines.jpg 474w\" sizes=\"(max-width: 300px) 100vw, 300px\" \/><\/p>\n<p>&nbsp;<\/p>\n<p>A longa construci\u00f3n do Mosteiro de Yuste foi clave nos sucesos posteriores acaecidos ao que chegou a ser o home m\u00e1is poderoso da terra. E \u00e9 que, o estanque constru\u00eddo para deleite do emperador ser\u00eda causante do seu falecemento, pois as s\u00faas estancadas augas foron o lugar propicio para que prosperase o mosquito que transmite a malaria. Os s\u00edntomas narrados: febre alta combinada con fases de calafr\u00edos, delirios e v\u00f3mitos, apuntan ao que ent\u00f3n co\u00f1ec\u00edanse como unhas tercianas, pero non era m\u00e1is que unha forma de denominar ao paludismo, enfermidade contra o que as sangr\u00edas e as purgas que se utilizaban, non resultaban eficaces.<\/p>\n<p>&nbsp;<\/p>\n<h2><strong>O retiro do emperador en Yuste<\/strong><\/h2>\n<p>Lembremos que Carlos naceu o 24 de febreiro de 1500 en Gante, nos Pa\u00edses Baixos, e foi membro da Casa de Habsburgo. O seu reinado abarcou desde 1519 ata 1556 e durante ese tempo gobernou sobre un vasto imperio que inclu\u00eda territorios en Europa, Am\u00e9rica e \u00c1frica. Na s\u00faa mocidade, Carlos V viuse envolvido en conflitos pol\u00edticos e militares. Durante o seu reinado, tivo que facer fronte a numerosas guerras e enfrontamentos, como as guerras Italianas, as guerras de relixi\u00f3n en Alema\u00f1a, as guerras con Francia, pola s\u00faa rivalidade co rei Francisco I.<\/p>\n<p>Canso, enfermo, achacoso e co corpo en clara descendencia, produciuse a s\u00faa abdicaci\u00f3n. Feito leste, e o seu retiro ao Mosteiro de Yuste \u00e9 un dos episodios m\u00e1is intrigantes da historia espa\u00f1ola.<\/p>\n<p>Despois de d\u00e9cadas de gobernar vastos territorios e enfrontarse a m\u00faltiples desaf\u00edos pol\u00edticos e militares, <strong><em>Carlos I tomou a decisi\u00f3n de abdicar en favor do seu fillo, Felipe II. A abdicaci\u00f3n prod\u00facese nos Pa\u00edses Baixos<\/em><\/strong>. O 25 de outubro de 1.555, o emperador Carlos celebrou unha cerimonia inesperada no palacio de Coudenberg, en Bruxelas. Apoiado en Guillermo de Orange, entrou con paso pousado. Rode\u00e1bao a s\u00faa familia, e entre eles, o seu herdeiro, o seu fillo Felipe. Carlos V subiu ao trono, e ao pouco, comezou a falar. Na sala f\u00edxose o silencio e s\u00f3 a s\u00faa voz atron\u00f3. Aos poucos debullou o seu labor como gobernante, lembrando tam\u00e9n como chegou ao trono.<\/p>\n<p><img loading=\"lazy\" decoding=\"async\" class=\"size-medium wp-image-16945 aligncenter\" src=\"https:\/\/recreacionhistoria.com\/wp-content\/uploads\/2025\/04\/Abdicacion-Carlos-V-300x188.jpg\" alt=\"\" width=\"300\" height=\"188\" title=\"\" srcset=\"https:\/\/recreacionhistoria.com\/wp-content\/uploads\/2025\/04\/Abdicacion-Carlos-V-300x188.jpg 300w, https:\/\/recreacionhistoria.com\/wp-content\/uploads\/2025\/04\/Abdicacion-Carlos-V-768x481.jpg 768w, https:\/\/recreacionhistoria.com\/wp-content\/uploads\/2025\/04\/Abdicacion-Carlos-V.jpg 943w\" sizes=\"(max-width: 300px) 100vw, 300px\" \/><\/p>\n<p style=\"padding-left: 40px;\"><em>\u201cNove veces fun a Alema\u00f1a, seis en Espa\u00f1a, sete en Italia, dez a Flandes, catro en Francia, dous en Inglaterra e outras d\u00faas en \u00c1frica\u2026 sei que para gobernar estes Estados e os demais que me deu Deus xa non te\u00f1o forzas e que as poucas que me quedan hanse de acabar presto\u2026\u201d<\/em><\/p>\n<p>Dese modo, publicamente, Carlos V abdicou no seu fillo o seu t\u00edtulo como soberano dos Pa\u00edses Baixos, e pouco m\u00e1is tarde os seus restantes t\u00edtulos.<\/p>\n<p>O home m\u00e1is poderoso da Terra ti\u00f1a o desexo de terminar en paz nun lugar que por ent\u00f3n ningu\u00e9n imaxinase.<\/p>\n<p>&nbsp;<\/p>\n<p><strong><em>Carlos V iniciou o seu \u00faltimo longo viaxe ata Yuste, partindo desde Bruxelas<\/em><\/strong>. Faio subido \u00e1 cadeira de man, sostida a pulso por serventes e veci\u00f1os. A primeira parte da viaxe, que ao final integrar\u00edan un total de 150 persoas, discorreu pois por territorio europeo. O 8 de agosto de 1556 el e o seu fillo Felipe fixeron xuntos o traxecto entre Bruxelas e Gante, a cidade natal do Emperador, onde tivo lugar unha emocionante despedida entre ambos. En compa\u00f1\u00eda das s\u00faas irm\u00e1s Leonor e Mar\u00eda, Carlos continuou ata Flesinga, na actual Holanda. Desde al\u00ed partiron o 17 de setembro, tras esperar uns d\u00edas a chegada do momento apropiado, o Emperador, na s\u00faa galera <em>\u201cEsp\u00edrito Santo\u201d,<\/em> e unha frota de 60 embarcaci\u00f3ns. Despois dalgunhas vicisitudes de navegaci\u00f3n e recalar en Dover durante varios d\u00edas por mal tempo, arribaron ao porto de Laredo (Cantabria) o 28 de setembro. Un luns pola tarde, para m\u00e1is acenos.<\/p>\n<p>Tras uns d\u00edas de descanso, o d\u00eda 6 de outubro, empezou o seu roteiro ata o Mosteiro de Yuste. A comitiva fai noites durante o mes de outubro en diferentes localidades: Ampuero (Cantabria), Lanestosa (#Vizcaya), Ag\u00fcera, Medina de Pomar, Pesadas e Hontom\u00edn, Burgos e Celada do Campo (na provincia de Burgos), Palenzuela, Torquemada e Donas (na provincia de Palencia), Cabez\u00f3n do Pisuerga e Valladolid.<\/p>\n<p>Xa no mes de novembro parten para Medina del Campo (Valladolid), Forca das Torres (\u00c1vila), Pe\u00f1aranda de Bracamonte e Alara (en Salamanca), pasan tam\u00e9n polo Barco de \u00c1vila e a localidade cacere\u00f1a de Tornavacas. Chega a Jarandilla de la Vera, ao Palacio dos Condes de Oropesa (hoxe en d\u00eda convertido en Parador de Turismo), onde queda hospedado de maneira temporal ata que finalizasen as obras do Mosteiro. Por fin <strong><em>o d\u00eda 3 de febreiro de 1557 o emperador chega a Yuste<\/em><\/strong>, onde permanecer\u00e1 ata o seu falecemento, o 21 de setiembre de 1558.<\/p>\n<p><strong><em>O emperador chegou ao seu destino acompa\u00f1ado dun s\u00e9quito dunhas 60 persoas<\/em><\/strong>. Unha carreterita comunica Garganta la Olla co mosteiro, entre bosques e arroios que serviron ao emperador para atopar a paz que buscaba lonxe da corte.<\/p>\n<p>Durante os dous \u00faltimos anos da s\u00faa vida, o Emperador viviu no seu pequeno palacio. O seu s\u00e9quito compo\u00f1\u00edase dunha cincuentena de servidores de distinta calidade. O seu c\u00edrculo m\u00e1is \u00edntimo estaba integrado polo seu confidente #Luis M\u00e9ndez de Quijada, o seu secretario Mart\u00edn de Gaztelu e o seu escribiente particular Mart\u00edn de Soto. Tam\u00e9n lle acompa\u00f1aban un m\u00e9dico, Enrique Mathyus, catro barbeiros-sangradores, un boticario, un famoso matem\u00e1tico e relojero, Giovanni Torriano e un bo n\u00famero de criados especializados, un cervexeiro, m\u00e1is persoal de servizo, os encargados da orde e a xustiza, o confesor, etc.<\/p>\n<div id=\"attachment_16979\" style=\"width: 310px\" class=\"wp-caption aligncenter\"><img loading=\"lazy\" decoding=\"async\" aria-describedby=\"caption-attachment-16979\" class=\"size-medium wp-image-16979\" src=\"https:\/\/recreacionhistoria.com\/wp-content\/uploads\/2025\/04\/CarlosV-y-su-relojero-300x226.jpg\" alt=\"Carlos V y su relojero\" width=\"300\" height=\"226\" title=\"\" srcset=\"https:\/\/recreacionhistoria.com\/wp-content\/uploads\/2025\/04\/CarlosV-y-su-relojero-300x226.jpg 300w, https:\/\/recreacionhistoria.com\/wp-content\/uploads\/2025\/04\/CarlosV-y-su-relojero.jpg 683w\" sizes=\"(max-width: 300px) 100vw, 300px\" \/><p id=\"caption-attachment-16979\" class=\"wp-caption-text\"><em>Carlos V e o seu reloxeiro<\/em><\/p><\/div>\n<p>&nbsp;<\/p>\n<p>No mosteiro de Yuste, tullido e sen apenas mobilidade, <strong><em>abandonouse \u00e1s s\u00faas afecci\u00f3ns m\u00e1is mundanas, como a s\u00faa colecci\u00f3n de reloxos, ou as s\u00faas crenzas nas protecci\u00f3ns m\u00e1xicas <\/em><\/strong>que ben demostraba cos seus brazaletes infestados de \u00f3sos, a s\u00faa pedra filosofal ou o seu pedazo de corno de unicornio que sempre portaba encima.<\/p>\n<p><strong><em>Tras as portas do Mosteiro de Yuste gozou tam\u00e9n da s\u00faa afecci\u00f3n \u00e1 boa comida<\/em><\/strong> (sufr\u00eda adefagia, enfermidade caracterizada por un apetito insaciable) e \u00e1 bebida, das que non lle faltaba nunca, pois de todos os seus antigos reinos chegaban os m\u00e1is exquisitos manxares. Os seus m\u00e9dicos recomend\u00e1ronlle unha dieta estrita, pero o seu apetito era voraz: carnes, peixes chegados de todos os mares e as aves m\u00e1is renombradas de Europa. Un a un, foron quitando os praceres. A cervexa, foi o \u00faltimo. Sab\u00eda pr\u00f3ximo o final e quixo achegarse a Deus libre de pecado. Co coraz\u00f3n limpo e a alma serena.<\/p>\n<p><strong><em>O Mosteiro de Yuste ofreceu a Carlos I un remanso de paz e tranquilidade<\/em><\/strong>, lonxe das intrigas da corte e as responsabilidades do goberno. Durante os seus \u00faltimos anos de vida, o monarca dedicouse \u00e1 oraci\u00f3n, a reflexi\u00f3n e a lectura, lonxe dos rigores do goberno e a pol\u00edtica.<\/p>\n<p>Durante esta etapa da s\u00faa vida, dedicouse principalmente \u00e1 oraci\u00f3n e \u00e1 reflexi\u00f3n espiritual. Foron frecuentes as visitas dos nobres das proximidades, as\u00ed como dos cl\u00e9rigos e dalgunhas personalidades. Pero a pesar do seu retiro, Carlos V non ignorou os asuntos pol\u00edticos do reinado de Felipe II. A Yuste acudiron pronto correos despachados polo seu fillo, que buscaba o consello do experto emperador. Xa en 1558, Carlos V tivo co\u00f1ecemento dos brotes luteranos que se produciron en Castela e Andaluc\u00eda. Esta noticia, unida aos recentes fracasos dos ex\u00e9rcitos do seu fillo, \u00e1s complicaci\u00f3ns da pol\u00edtica internacional e \u00e1 morte da s\u00faa irm\u00e1 Leonor de Austria, danou profundamente a s\u00faa debilitada sa\u00fade.<\/p>\n<p>Quiz\u00e1 o episodio m\u00e1is intenso emocionante da s\u00faa vida en Yuste foi cando <strong><em>recibiu a visita do seu \u00faltimo fillo, o pequeno de 12 anos, Jerom\u00edn, o futuro Juan de Austria<\/em><\/strong>, ao cal Carlos I non reco\u00f1ecera. Era fillo de B\u00e1rbara de Blomberg, unha dos seus amantes e que aqu\u00ed en Yuste rev\u00e9lalle a s\u00faa paternidade. Carlos reco\u00f1eceu a Juan de Austria como fillo e asignou \u00e1 s\u00faa nai unha pensi\u00f3n.<\/p>\n<p><img loading=\"lazy\" decoding=\"async\" class=\"size-medium wp-image-16947 aligncenter\" src=\"https:\/\/recreacionhistoria.com\/wp-content\/uploads\/2025\/04\/Presentacion-de-Juan-de-Austria-a-Carlos-V-300x223.jpg\" alt=\"\" width=\"300\" height=\"223\" title=\"\" srcset=\"https:\/\/recreacionhistoria.com\/wp-content\/uploads\/2025\/04\/Presentacion-de-Juan-de-Austria-a-Carlos-V-300x223.jpg 300w, https:\/\/recreacionhistoria.com\/wp-content\/uploads\/2025\/04\/Presentacion-de-Juan-de-Austria-a-Carlos-V.jpg 605w\" sizes=\"(max-width: 300px) 100vw, 300px\" \/><\/p>\n<p>&nbsp;<\/p>\n<p><strong><em>A pesar do seu retiro, Carlos V continuou mantendo certa influencia pol\u00edtica<\/em><\/strong> e recibiu visitas de dignatarios e l\u00edderes de diferentes partes de Europa. Tam\u00e9n se mantivo informado dos acontecementos pol\u00edticos e militares en Europa a trav\u00e9s de cartas e despachos.<\/p>\n<p>A humildade para alcanzar os ceos, tal e como era entendida polo home que gobernou os maiores territorios do planeta coas s\u00faas comidas copiosas, a s\u00faa cervexa e rodeado do seu corte (a\u00ednda que reducida), foi a compa\u00f1eira final do emperador ata a s\u00faa morte. Unha morte que lle chegou en Yuste por un mosquito que lle transmitiu paludismo e provocou unhas febres contra as que non puido o seu corpo maior e enfermo de pinga, entre outros achaques.<\/p>\n<p>O 31 de agosto de 1558, despois de xantar, sentiu mal. Fortes dores, febres\u2026 o seu estado comezou a empeorar. Apenas se lle deu tempo de redactar un codicilo o d\u00eda 9 de setembro. Xa o d\u00eda 20 de setembro, o fin acheg\u00e1base.<\/p>\n<p>Ag\u00f3nico, o emperador pediu o crucifixo que tivo a s\u00faa esposa Isabel entre as s\u00faas mans xusto ao morrer, e \u00e1s 2 da madrugada do <strong><em>21 de setembro de 1558, o emperador expirou.<\/em><\/strong> Contaba 58 anos de idade.<\/p>\n<p><img loading=\"lazy\" decoding=\"async\" class=\"size-medium wp-image-16949 aligncenter\" src=\"https:\/\/recreacionhistoria.com\/wp-content\/uploads\/2025\/04\/Los-ultimos-momentos-de-Carlos-V-300x215.jpg\" alt=\"\" width=\"300\" height=\"215\" title=\"\" srcset=\"https:\/\/recreacionhistoria.com\/wp-content\/uploads\/2025\/04\/Los-ultimos-momentos-de-Carlos-V-300x215.jpg 300w, https:\/\/recreacionhistoria.com\/wp-content\/uploads\/2025\/04\/Los-ultimos-momentos-de-Carlos-V.jpg 661w\" sizes=\"(max-width: 300px) 100vw, 300px\" \/><\/p>\n<p>&nbsp;<\/p>\n<p>Faleceu na cama das s\u00faas aposentos, adornados con colgaduras negras de veludo, s\u00edmbolo do seu viudez permanente desde a morte da s\u00faa esposa Isabel de Portugal en 1539.<\/p>\n<p>O mesmo ano que pereceu, o emperador ordenou que se ensaiase o seu propio funeral. Met\u00edase dentro do cadaleito e escoitaba coas oraci\u00f3ns pola s\u00faa alma desde o interior. Este feito ins\u00f3lito, no que Carlos V quer\u00eda estar presente, en vida, no seu propio funeral, era unha actividade que se repet\u00eda con asiduidade no Mosteiro de Yuste.<\/p>\n<p>Tras a s\u00faa morte, o seu corpo foi trasladado na igrexa do mosteiro, baixo o altar maior, a\u00ednda que posteriormente os seus restos foron trasladados, por expreso desexo do seu fillo Felipe II, ao madrile\u00f1o Real Mosteiro de San Lorenzo del Escorial, onde descansa ata o d\u00eda de hoxe.<\/p>\n<p>A\u00ednda permanece na cripta un vello cadaleito de madeira, pero non existe a certeza de que fose o ocupado no seu d\u00eda polo emperador.<\/p>\n<p><img loading=\"lazy\" decoding=\"async\" class=\"size-medium wp-image-16957 aligncenter\" src=\"https:\/\/recreacionhistoria.com\/wp-content\/uploads\/2025\/04\/20250413_114748-300x225.jpg\" alt=\"\" width=\"300\" height=\"225\" title=\"\" srcset=\"https:\/\/recreacionhistoria.com\/wp-content\/uploads\/2025\/04\/20250413_114748-300x225.jpg 300w, https:\/\/recreacionhistoria.com\/wp-content\/uploads\/2025\/04\/20250413_114748-768x576.jpg 768w, https:\/\/recreacionhistoria.com\/wp-content\/uploads\/2025\/04\/20250413_114748.jpg 816w\" sizes=\"(max-width: 300px) 100vw, 300px\" \/><\/p>\n<p>&nbsp;<\/p>\n<h2><strong>Por que Carlos V elixiu o Mosteiro de Yuste como \u00faltima morada?<\/strong><\/h2>\n<p>O marqu\u00e9s de Mirabel, don Luis de \u00c1vila e Z\u00fa\u00f1iga, estreme\u00f1o de nacemento, recomendou ao monarca a comarca da Beira para o seu retiro.<\/p>\n<p>Moitos anos antes, pensando xa no seu retiro, o emperador fixera constru\u00edr al\u00ed un modesto palacio semellante aos casar\u00f3ns da nobreza italiana da \u00e9poca, pero que estaba ricamente adornado con tapices flamencos e blasonado co aguia imperial.<\/p>\n<p>O motivo da elecci\u00f3n do lugar, decisi\u00f3n persoal sen d\u00fabida do mesmo emperador, atrib\u00faese por alg\u00fans autores ao fanatismo, mentres outros falan de desalento, e mesmo hai autores que defenden que respond\u00edan o feito de non querer irritar a impaciente ambici\u00f3n de se fillo Felipe.<\/p>\n<p>Era un home moi inclinado \u00e1 melancol\u00eda e ao retraimiento, adoitaba buscar na soidade do claustro e no mudo espect\u00e1culo da natureza, o alivio dos seus quebrantos<\/p>\n<p>En xu\u00f1o de 1554, antes de que o seu fillo don Felipe visitase o lugar, puxo de manifesto finalmente ao prior xeral da Orde frei Juan de Ortega que:<\/p>\n<p style=\"padding-left: 40px;\"><em>\u00a0\u201c[\u2026] desexo retirarme entre v\u00f3s a acabar a vida; e por iso querer\u00eda que me labr\u00e1cedes uns aposentos en San Jer\u00f3nimo de Yuste, e para o que fose mester acudiredes ao secretario Juan V\u00e1zquez\u00a0 de Molina, que el procurar\u00e1 di\u00f1eiros; para o que vos env\u00edo o modelo da\u00a0 obra [\u2026]\u201d <\/em><\/p>\n<p>Nunha carta que o 19 de xaneiro de 1554 dirixe ao seu fillo Felipe xa lle manifesta que: <em>\u201cPenso, placiendo ao noso Se\u00f1or, esforzarme canto for posible para irme por agosto ou setembro [\u2026]\u201d <\/em><\/p>\n<p>Na elecci\u00f3n do lugar de Yuste, un lugar tranquilo, con abundante auga, pouco accesible, afastado dos ambientes cortes\u00e1ns, de clima t\u00e9pedo, anejo a unha comunidade de jer\u00f3nimos, deberon influ\u00edr, sobre todo, os xu\u00edzos favorables dos nobres estreme\u00f1os da s\u00faa contorna, como Don Lu\u00eds de \u00c1vila e Z\u00fa\u00f1iga, Marqu\u00e9s de Mirabel, da veci\u00f1a cidade de Plasencia, compa\u00f1eiro de armas nas guerras de Europa; Francisco \u00c1lvarez de Toledo e Pacheco, Conde de Oropesa e Se\u00f1or de Jarandilla; Garc\u00eda Manrique, e outros nobres m\u00e1is.<\/p>\n<p>Esta historia p\u00faxose en marcha tras o falecemento da s\u00faa nai, Juana a Tola, en 1555 e tras o matrimonio do seu fillo Felipe con Mar\u00eda Tudor de Inglaterra, o emperador considerou que era o momento oportuno. O 22 de outubro de 1555 renunciou ao gran maestrazgo do Tois\u00f3n de Ouro, o 25 a coroa dos Pa\u00edses Baixos, e o 16 de xaneiro de 1556 a de Espa\u00f1a e os seus dominios. Non renunciou a\u00ednda \u00e1 do imperio de Alema\u00f1a; porque a s\u00faa familia suplicoulle que conservase o t\u00edtulo de emperador, para que non faltase nin aos Pa\u00edses Baixos nin aos Estados de Italia o apoio da Alema\u00f1a.<\/p>\n<p>Chegados a este punto, o emperador xa s\u00f3 desexaba estar preto de Deus, pechar contas pendentes e dicir adeus sen ru\u00eddo nin pompa.<\/p>\n<p>&nbsp;<\/p>\n<p>E rematamos esta publicaci\u00f3n, confiando en que, a pesar da s\u00faa longa extensi\u00f3n, resultase do voso interese, e nese caso gustar\u00edanos que nolo fix\u00e9sedes saber pulsando no bot\u00f3n <strong><em>\u201cG\u00fastame\u201d.<\/em><\/strong> Ademais, anim\u00e1mosche a achegar alg\u00fan comentario, e se tes interese, subscribirche de xeito gratuito \u00e1 Newsletter do Blog para manterche sempre informado sobre as novas publicaci\u00f3ns do Blog.<\/p>\n<p>Por \u00faltimo, se vos gustou o suficiente como para compartilo nas vosas redes sociais, estariamos realmente encantados de que as\u00ed o fix\u00e9sedes.<\/p>\n<p>&nbsp;<\/p>\n<h2><strong>Referencias<\/strong><\/h2>\n<p><strong><em>HistoriaUniversal.org. (2023). Carlos V: infancia, juventud, reinado, retiro, muerte y m\u00e1s. HistoriaUniversal.org.<\/em><\/strong> Recuperado de <a href=\"https:\/\/historiauniversal.org\/carlos-v-infancia-juventud-reinado-retiro-muerte-y-mas\/\" target=\"_blank\" rel=\"noopener\">https:\/\/historiauniversal.org\/carlos-v-infancia-juventud-reinado-retiro-muerte-y-mas\/<\/a><\/p>\n<p><strong><em>Revista de Estudios Extreme\u00f1os 2009. Tomo LXV. N\u00famero III. Enfermedades y muerte de Carlos V.<\/em><\/strong> De Guerrero Cabanillas, V.<\/p>\n<p><a href=\"https:\/\/www.arteguias.com\/monasterio\/yustemonasterio.htm\" target=\"_blank\" rel=\"noopener\">https:\/\/www.arteguias.com\/monasterio\/yustemonasterio.htm<\/a><\/p>\n<p><a href=\"https:\/\/www.biografiasyvidas.com\/monografia\/carlos_v\/fotos8.htm\" target=\"_blank\" rel=\"noopener\">https:\/\/www.biografiasyvidas.com\/monografia\/carlos_v\/fotos8.htm<\/a><\/p>\n<p><a href=\"https:\/\/historiageneral.com\/2023\/04\/04\/monasterio-de-yuste-carlos-v\/\" target=\"_blank\" rel=\"noopener\">https:\/\/historiageneral.com\/2023\/04\/04\/monasterio-de-yuste-carlos-v\/<\/a><\/p>\n<p><a href=\"http:\/\/paulinosdeyuste.es\/181,Nacimiento-del-Monasterio\" target=\"_blank\" rel=\"noopener\">http:\/\/paulinosdeyuste.es\/181,Nacimiento-del-Monasterio<\/a><\/p>\n<p><a href=\"https:\/\/siempredepaso.es\/el-ultimo-viaje-del-emperador-carlos-v\" target=\"_blank\" rel=\"noopener\">https:\/\/siempredepaso.es\/el-ultimo-viaje-del-emperador-carlos-v<\/a><\/p>\n","protected":false},"excerpt":{"rendered":"<p>O Mosteiro de Yuste \u00e9 co\u00f1ecido en todo o mundo por se a \u00faltima morada do Emperador Carlos V. Conta con dous claustros, un de estilo g\u00f3tico e outro renacentista. At\u00f3pase nun entorno privilexiado.<\/p>\n","protected":false},"author":2,"featured_media":16930,"comment_status":"open","ping_status":"open","sticky":false,"template":"","format":"standard","meta":{"_monsterinsights_skip_tracking":false,"_monsterinsights_sitenote_active":false,"_monsterinsights_sitenote_note":"","_monsterinsights_sitenote_category":0,"footnotes":""},"categories":[520,223,400,221,379,337],"tags":[366,449,273,3370,247,271,3655,1236,1323,914,1716,1717,3656],"class_list":["post-16986","post","type-post","status-publish","format-standard","has-post-thumbnail","hentry","category-edad-moderna-gl","category-idade-moderna","category-que-ver-gl-2","category-recuncho-da-historia","category-sugerencias-gl","category-suxestions-gl","tag-arquitectura-gl","tag-arquitectura-gl-2","tag-biografias-gl","tag-carlos-v-gl","tag-centros-historicos-gl","tag-curiosidades-historicas-gl","tag-emperador-gl","tag-monasterio-gl","tag-mosteiro","tag-que-ver-gl","tag-sugerencias-gl","tag-suxestions","tag-yuste-gl","category-520","category-223","category-400","category-221","category-379","category-337","description-off"],"_links":{"self":[{"href":"https:\/\/recreacionhistoria.com\/gl\/wp-json\/wp\/v2\/posts\/16986","targetHints":{"allow":["GET"]}}],"collection":[{"href":"https:\/\/recreacionhistoria.com\/gl\/wp-json\/wp\/v2\/posts"}],"about":[{"href":"https:\/\/recreacionhistoria.com\/gl\/wp-json\/wp\/v2\/types\/post"}],"author":[{"embeddable":true,"href":"https:\/\/recreacionhistoria.com\/gl\/wp-json\/wp\/v2\/users\/2"}],"replies":[{"embeddable":true,"href":"https:\/\/recreacionhistoria.com\/gl\/wp-json\/wp\/v2\/comments?post=16986"}],"version-history":[{"count":4,"href":"https:\/\/recreacionhistoria.com\/gl\/wp-json\/wp\/v2\/posts\/16986\/revisions"}],"predecessor-version":[{"id":16992,"href":"https:\/\/recreacionhistoria.com\/gl\/wp-json\/wp\/v2\/posts\/16986\/revisions\/16992"}],"wp:featuredmedia":[{"embeddable":true,"href":"https:\/\/recreacionhistoria.com\/gl\/wp-json\/wp\/v2\/media\/16930"}],"wp:attachment":[{"href":"https:\/\/recreacionhistoria.com\/gl\/wp-json\/wp\/v2\/media?parent=16986"}],"wp:term":[{"taxonomy":"category","embeddable":true,"href":"https:\/\/recreacionhistoria.com\/gl\/wp-json\/wp\/v2\/categories?post=16986"},{"taxonomy":"post_tag","embeddable":true,"href":"https:\/\/recreacionhistoria.com\/gl\/wp-json\/wp\/v2\/tags?post=16986"}],"curies":[{"name":"wp","href":"https:\/\/api.w.org\/{rel}","templated":true}]}}