{"id":16234,"date":"2026-04-07T19:38:12","date_gmt":"2026-04-07T18:38:12","guid":{"rendered":"https:\/\/recreacionhistoria.com\/?p=16234"},"modified":"2026-04-07T19:38:12","modified_gmt":"2026-04-07T18:38:12","slug":"a-orixe-dos-apelidos-galegos","status":"publish","type":"post","link":"https:\/\/recreacionhistoria.com\/gl\/a-orixe-dos-apelidos-galegos\/","title":{"rendered":"A orixe dos apelidos galegos"},"content":{"rendered":"<p>Imos facer hoxe unha pequena viaxe en busca da <strong><em>orixe dos apelidos galegos<\/em><\/strong>.<\/p>\n<p>A\u00ednda que seguramente sexa co\u00f1ecido por todos os nosos atentos lectores, Galicia at\u00f3pase no noroeste da pen\u00ednsula ib\u00e9rica. Galicia, co\u00f1ecida polas s\u00faas paisaxes verdes e azoutada polo Atl\u00e1ntico, foi berce dunha diversidade ling\u00fc\u00edstica e cultural que se reflicte nos seus apelidos.<\/p>\n<p>Como tantas outras denominaci\u00f3ns, as correspondentes aos apelidos constit\u00faen en todos os territorios unha parte do legado cultural e xeneal\u00f3xico dos antepasados que habitaron na devandita zona. No caso de Galicia, buscando a orixe de vos apelidos galegos, obr\u00edganos a desprazarnos ata a \u00e9poca da romanizaci\u00f3n e a chegada dos pobos indoeuropeos.<\/p>\n<p>E como tam\u00e9n sucede en todos os territorios, os apelidos reflicten unha historia e mestura de culturas. Neste caso, fundamentalmente celtas, romanos e suevos. Tam\u00e9n germ\u00e1nicas, xud\u00edas e \u00e1rabes.<\/p>\n<p>A maior\u00eda das li\u00f1axes galegas prove\u00f1en de distintas influencias culturais e migratorias que deixaron a s\u00faa pegada na rexi\u00f3n ao longo do tempo.,<\/p>\n<p>En todo caso, os apelidos galegos presentan en moitos casos influencias germ\u00e1nicas e c\u00e9lticas, froito das culturas celta e visigoda. Se a iso engadimos influencias romanas e a mestizaxe con outros pobos e culturas, daremos cobertura \u00e1 maior\u00eda dos apelidos galegos.<\/p>\n<p>E \u00e9 importante ter presente que os apelidos galegos poden variar na s\u00faa ortograf\u00eda, e alg\u00fans ser com\u00fans con outras zonas do territorio espa\u00f1ol. E \u00e9 que, a\u00ednda que os apelidos galegos non sexan todos aut\u00f3ctonos da zona, un bo n\u00famero deles foron utilizados polo pobo galego ao longo dos anos, caso de Garc\u00eda, Gonz\u00e1lez ou Fern\u00e1ndez.<\/p>\n<p>En Galicia o total de apelidos rexistrados, segundo o Instituto Nacional de Estat\u00edstica (INE) e o Instituto d\u00e1 Lingua Galega (IGL), son 3.029 apelidos.<\/p>\n<p>&nbsp;<\/p>\n<h2><strong>A orixe dos apelidos en xeral<\/strong><\/h2>\n<p>Esta cuesti\u00f3n xa a abordamos nun post anterior: <a href=\"https:\/\/recreacionhistoria.com\/gl\/a-orixe-dos-apelidos\/\">a orixe dos apelidos<\/a>, onde poderedes ampliar informaci\u00f3n sobre esta cuesti\u00f3n, pero por facer un breve resumo, diriamos que a orixe do uso dos apelidos \u00e9 incerto, co uso de apelativos por parte dos antigos gregos, topon\u00edmicos polos xudeus ou os tres apelidos que utilizaban os romanos. Chegariamos \u00e1 Idade Media, momento no que se acelerar\u00eda a difusi\u00f3n do uso dos apelidos.<\/p>\n<p>En canto \u00e1 orixe sem\u00e1ntico e da denominaci\u00f3n dos propios apelidos, hai multitude de circunstancias que as promoveron, pero de maneira xen\u00e9rica, na maior\u00eda dos casos, pertencen ou ben ao grupo de apelidos topon\u00edmicos (vinculados a lugar de nacemento ou residencia), apelidos patron\u00edmicos (vinculados ao nome do pai da persoa); os procedentes de oficios ou cargos, os descritivos, os alcumes, vinculados a obxectos, animais, vexetais, circunstancias do nacemento, onom\u00e1stica, bendici\u00f3ns, agoiros, e moitos de orixe incerta.<\/p>\n<p>&nbsp;<\/p>\n<p>&nbsp;<\/p>\n<h2><strong>Os apelidos galegos<\/strong><\/h2>\n<p>A influencia da lingua galega nos apelidos tam\u00e9n \u00e9 notable, xa que moitos deles presentan elementos ling\u00fc\u00edsticos propios do idioma galego. Isto demostra a conexi\u00f3n profunda entre a lingua e a identidade deste territorio.<\/p>\n<p>Ademais, hai casos concretos. Vexamos alg\u00fans deles:<\/p>\n<p>&nbsp;<\/p>\n<p><strong><em>Apelidos de orixe xud\u00eda:<\/em><\/strong><\/p>\n<p>Estes apelidos se enra\u00edzan en s\u00e9culos pasados e por tanto son portadores de tradici\u00f3ns e legados familiares \u00fanicos, marcando a identidade de moitos galegos.<\/p>\n<p>Te\u00f1en unha conexi\u00f3n coa di\u00e1spora sefard\u00ed, e relaci\u00f3nanse con orixes topon\u00edmicos, oficios, caracter\u00edsticas f\u00edsicas etc. Adoitan, ademais, presentar caracter\u00edsticas ling\u00fc\u00edsticas particulares, que reflicten a influencia do idioma hebreo.<\/p>\n<p>De orixe xud\u00eda atopariamos apelidos como Acevedo, Acosta, Aguilar, Almedia, Alonso, Barral, Cohen G\u00e1lvez, L\u00e1zaro, Le\u00f3n, Ortiz, Queimada, Rivas ou Ribas, Ruiz, Salom\u00f3n, Valero, Vargas, \u2026<\/p>\n<p>&nbsp;<\/p>\n<p><strong><em>Apelidos con orixe na nobreza:<\/em><\/strong><\/p>\n<p>As li\u00f1axes dos apelidos nobres galegos adoitan estar estreitamente vinculados coa historia de Galicia e con importantes acontecementos pol\u00edticos, sociais e culturais acaecidos nesta terra. Falamos de eventos con relevancia hist\u00f3rica, como son as guerras, os tratados de paz, alianzas matrimoniais etc.<\/p>\n<p>Os apelidos nobres de Galicia adoitan estar asociados con t\u00edtulos nobiliarios, terras e privilexios que lles outorgaban un status social elevado.<\/p>\n<p>&nbsp;<\/p>\n<p><strong><em>Apelidos xitanos galegos:<\/em><\/strong><\/p>\n<p>Obviamente, proceder\u00edan da comunidade xitana asentada en Galicia.<\/p>\n<p>De maneira xeral, os apelidos xitanos est\u00e1n relacionados coa historia e ra\u00edces familiares. Moitos destes apelidos reflicten elementos culturais propios da comunidade xitana, como a tradici\u00f3n oral, os costumes ancestrais e os lazos familiares estreitos. Ademais, \u00e9 com\u00fan atopar nestes apelidos influencias ling\u00fc\u00edsticas de idiomas como o roman\u00ed ou o calou, que achegan un toque \u00fanico e especial \u00e1 identidade destas familias.<\/p>\n<p>&nbsp;<\/p>\n<p>&nbsp;<\/p>\n<h2><strong>Alg\u00fans dos apelidos m\u00e1is frecuentes en Galicia<\/strong><\/h2>\n<p>Segundo datos extra\u00eddos do INE (Instituto Nacional de Estat\u00edstica), os apelidos que con maior frecuencia pres\u00e9ntanse en Galicia son os seguintes:<\/p>\n<p><strong><em>Alonso.<\/em><\/strong> Deriva do nome propio Alfonso. Ten unha orixe germ\u00e1nico <em>\u201cAthalfuns\u201d,<\/em> que significar\u00eda <em>\u201camado<\/em>\u201d ou tam\u00e9n <em>&#8220;sempre preparado para o combate&#8221;.<\/em><\/p>\n<p><strong><em>\u00c1lvarez.<\/em><\/strong> Significa fillo de Alvar ou \u00c1lvaro. A s\u00faa rama m\u00e1is antiga podr\u00eda vir de Asturias.<\/p>\n<p><strong><em>Andrade.<\/em><\/strong> De posible orixe celta.<\/p>\n<p><strong><em>Arz\u00faa.<\/em><\/strong> Apelido de posible orixe topon\u00edmico.<\/p>\n<p><strong><em>Bahamonde<\/em><\/strong>. Tam\u00e9n de posible orixe celta.<\/p>\n<p><strong><em>Berm\u00fadez<\/em><\/strong>. Apelido de orixe germ\u00e1nico, e ser\u00eda un patron\u00edmico do nome Bermudo. Significa <em>\u201cmonta\u00f1oso\u201d.<\/em><\/p>\n<p><strong><em>Blanco.<\/em><\/strong> Adoita afirmarse que a orixe deste apelido at\u00f3pase na palabra en lat\u00edn <em>\u201cblancus\u201d,<\/em> referido \u00e1 devandito cor.<\/p>\n<p><strong><em>Calvo.<\/em><\/strong> Non est\u00e1 tampouco moi claro a s\u00faa orixe, puidesen ser de orixe romana.<\/p>\n<p><strong><em>Castillo.<\/em><\/strong> De orixe no termo <em>\u201ccastellum\u201d,<\/em> isto \u00e9, unha fortaleza ou castelo. Ter\u00edan pois unha orixe topon\u00edmico para referirse \u00e1s persoas que viv\u00edan en ou preto dun castelo.<\/p>\n<p><strong><em>Castro.<\/em><\/strong> outro apelido patron\u00edmico, proceder\u00eda de lugares chamados Castro, voz romance derivada do lat\u00edn \u2013castrum-, que significa <em>\u201ccampamento fortificado\u201d.<\/em><\/p>\n<p><strong><em>Cort\u00e9s.<\/em><\/strong> A este apelido atrib\u00faenselle diversas orixes: xudeus, xitano, castel\u00e1n, \u2026<\/p>\n<p><strong><em>Cruz.<\/em><\/strong> Parece claro a s\u00faa orixe relixiosa, ao relacionarse co principal s\u00edmbolo do cristianismo. Neste caso, supostamente, relacionar\u00edase con persoas que vivisen nun lugar onde houbese unha cruz.<\/p>\n<p><strong><em>Delgado.<\/em><\/strong> Este apelido vir\u00eda do lat\u00edn <em>\u201cdelicatus\u201d, <\/em>isto \u00e9,<em> \u201cfino\u201d,<\/em> posiblemente para referirse a persoas de constituci\u00f3n f\u00edsica delgada ou fraca.<\/p>\n<p><strong><em>Dom\u00ednguez<\/em><\/strong>. Fillo de Domingo.<\/p>\n<p><strong><em>Fern\u00e1ndez.<\/em><\/strong> Fillo de Fernando. Prov\u00e9n do nome xermano <em>&#8220;Fredenand&#8221; ou &#8220;Fridnand&#8221;,<\/em> que significa valent\u00eda ao protector.<\/p>\n<p><strong><em>Ferreiro. <\/em><\/strong>Apelido que se relaciona facilmente co oficio daqueles que traballaban o ferro ou outros metais.<\/p>\n<p><strong><em>Fraga.<\/em><\/strong> Apelido topon\u00edmico, fai menci\u00f3n a unha extensi\u00f3n de monte, con acceso dif\u00edcil e pouco poboada. Relacionar\u00edanse, por tanto, con persoas que habitaban nestas zonas.<\/p>\n<p><strong><em>Freire<\/em><\/strong>. Apelido topon\u00edmico, nome dunha localidade do municipio da Peroxa, en Ourense, e doutra en Touro, na Coru\u00f1a, cuxo orixe etimol\u00f3gico est\u00e1 na voz galega Freire, que significa <em>&#8220;irm\u00e1n&#8221;<\/em> ou <em>&#8220;frade&#8221;.<\/em> Parece que xurdiron ao redor dos s\u00e9culos X e XI. Algunhas teor\u00edas sinalan que ten orixe francesa, ao ser o nome que se lle daba aos sacerdotes e guerreiros pertencentes \u00e1 Orde dos Templarios.<\/p>\n<p><strong><em>Gallego<\/em><\/strong>. Tam\u00e9n aparece como Galegos. Para alg\u00fans autores, haber\u00eda que remontarse \u00e1 estirpe do Conde Ram\u00f3n Romaes, fillo do rei Don Fruela I para atopar a orixe deste apelido, quen o estender\u00eda non s\u00f3 por terras galegas, sen\u00f3n tam\u00e9n por Castela, Andaluc\u00eda e mesmo Canarias.<\/p>\n<p><strong><em>Garc\u00eda<\/em><\/strong>. \u00c9 un apelido patron\u00edmico moi antigo que deriva do mesmo nome, Garc\u00eda, ca\u00eddo en desuso. \u00c9 o apelido m\u00e1is com\u00fan en Espa\u00f1a e tam\u00e9n est\u00e1 moi difundido en Am\u00e9rica. A s\u00faa orixe \u00e9 posiblemente vasco (v\u00e9n da palabra (h)artz, que significa <em>&#8220;oso&#8221;) <\/em>e foi nome de varios monarcas e nobres da pen\u00ednsula ib\u00e9rica. Do apelido Garc\u00eda, derivaron moitas menos co\u00f1ecidas como Garcea, Garc\u00e9s, Garz\u00f3n, Garsea ou Gaztea.<\/p>\n<p><strong><em>Garrido<\/em><\/strong>. Este apelido at\u00f3pase xa en escritos de principios do s\u00e9culo XVI, en documentos atopados no Arquivo do Reino de Galicia.<\/p>\n<p><strong><em>Gil<\/em><\/strong>. Apelido de orixe patron\u00edmico. Hai referencias a persoas con este apelido en documentos desde polo menos o s\u00e9culo XIV.<\/p>\n<p><strong><em>G\u00f3mez<\/em><\/strong>. Fillo de Gome, nome que prov\u00e9n do g\u00f3tico <em>&#8220;gume&#8221;<\/em> que significa <em>&#8220;home&#8221;.<\/em> A orixe do nome parece situarse nos tempos da Reconquista, concretamente en Asturias.<\/p>\n<p><strong><em>Gonz\u00e1lez<\/em><\/strong>. Fillo de Gonzalo, nome moi com\u00fan durante toda a Idade Media, que prov\u00e9n do godo e significa <em>&#8220;esp\u00edrito de loita&#8221;. <\/em>Hai diferentes teor\u00edas sobre as s\u00faas orixes. Atrib\u00faeselle \u00e1 Monta\u00f1a de Le\u00f3n, pero tam\u00e9n a Austrias ou Jaca, na provincia Huesca.<\/p>\n<p><strong><em>Guerrero<\/em><\/strong> <strong><em>ou Guerreiro.<\/em><\/strong> A orixe parece claro, vinculado a persoas que ti\u00f1an un papel activo nalgunha guerra ou estaban habituados a guerrear.<\/p>\n<p><strong><em>Guti\u00e9rrez<\/em><\/strong>. Tam\u00e9n de orixe germ\u00e1nico. O seu significado ser\u00eda fillo de Guter, Gutier ou Gutierre.<\/p>\n<p><strong><em>Herrera.<\/em><\/strong> En clara relaci\u00f3n con apelidos como Ferreira, Ferreiro, Ferreiros, Herrero etc.<\/p>\n<p><strong><em>Iglesias.<\/em><\/strong> Prov\u00e9n de alcumes relacionados co substantivo -igrexa-, aplicados a persoas\u00a0 que viv\u00edan pr\u00f3ximas a unha igrexa, que eran coidadores dunha delas ou que se achaban vinculadas a unha determinada igrexa.<\/p>\n<p><strong><em>Lago.<\/em><\/strong> De orixe topon\u00edmico, estar\u00eda relacionado co accidente xeogr\u00e1fico que recibe tal denominaci\u00f3n.<\/p>\n<p><strong><em>L\u00f3pez.<\/em><\/strong> Do nome propio &#8220;<em>Lope<\/em>&#8220;, que \u00e1 s\u00faa vez procede do lat\u00edn <em>&#8220;lupus&#8221;,<\/em> de orixe patricio, e tam\u00e9n da ra\u00edz indoeuropea <em>&#8220;ulknos&#8221;,<\/em> que significa &#8220;malvado&#8221;.<\/p>\n<p><strong><em>Mart\u00ednez.<\/em><\/strong> Fillo de Mart\u00edn, nome derivado do lat\u00edn <em>\u201cMartinus\u201d,<\/em> que do mesmo xeito que Marcial, Marco, Marcos e Marciano, fai alusi\u00f3n ao deus romano da guerra, Marte, polo que o seu significado vir\u00eda ser <em>&#8220;home guerreiro ou belicoso&#8221;.<\/em> \u00c9 un apelido castelanizado, xa que a forma propia \u00e9 Mart\u00eds, e que a\u00ednda vemos na pen\u00ednsula do Barbanza.<\/p>\n<p><strong><em>Mallo.<\/em><\/strong> O Mallo \u00e9 un instrumento agr\u00edcola, utilizado para mallar. Tam\u00e9n se utiliza esta palabra para referirse a un martelo de madeira.<\/p>\n<p><strong><em>Mar\u00edn ou Mari\u00f1o.<\/em><\/strong> Procedente de <em>&#8220;Marinus&#8221;,<\/em> que se refire a <em>&#8220;mari\u00f1o&#8221;,<\/em> home do mar ou navegante.<\/p>\n<p><strong><em>M\u00e9ndez.<\/em><\/strong> Tam\u00e9n patron\u00edmico, derivar\u00eda do nome Mendo, que \u00e1 s\u00faa vez poder\u00eda proceder do vasco Mendi (Monte). Ser\u00eda por tanto o fillo de Mendo. As orixes parecen atoparse no municipio ourens\u00e1n de Celanova.<\/p>\n<p><strong><em>Mosquera.<\/em><\/strong> Tr\u00e1tase dun apelido topon\u00edmico, con orixe na palabra celta <em>\u201cmoscon\u201d<\/em>, cuxo significado \u00e9 <em>\u201carce\u201d.<\/em> Por tanto, referir\u00edase \u00e1s persoas que habitaban zonas pr\u00f3ximas a un bosque de arces.<\/p>\n<p><strong><em>N\u00fa\u00f1ez<\/em><\/strong>. Fillo de Nu\u00f1o.<\/p>\n<p><strong><em>Ortega.<\/em><\/strong> Ter\u00eda relaci\u00f3n cunha planta herb\u00e1cea, a ortiga.<\/p>\n<p><strong><em>Otero. <\/em><\/strong>O termo ref\u00edrese a un pequeno outeiro.<\/p>\n<p><strong><em>Paez.<\/em><\/strong> Apelido patron\u00edmico do nome &#8220;<em>Paio&#8221;, <\/em>forma abreviada de <em>&#8220;Pelaio&#8221; ou &#8220;Pelayo&#8221;.<\/em><\/p>\n<p><strong><em>Pazos.<\/em><\/strong> A palabra pazo fai referencia a unha casa grande ou castelo antigo. En forma de apelido utilizouse tanto como nome de pila como apelido durante varias xeraci\u00f3ns.<\/p>\n<p><strong><em>Pena, Pe\u00f1a, Pe\u00f1as.<\/em><\/strong> Este apelido estar\u00eda en relaci\u00f3n con persoas que vivir\u00edan en zona onde haber\u00eda unha pedra de gran tama\u00f1o que sobresair\u00eda da terra ou o mar.<\/p>\n<p><strong><em>P\u00e9rez.<\/em><\/strong> Fillo de Pero ou Pedro, nome derivado do lat\u00edn <em>&#8220;Petrus&#8221;,<\/em> que significa <em>&#8220;pedra&#8221;.<\/em> Tivo a s\u00faa orixe no norte da pen\u00ednsula ib\u00e9rica nos reinos de Castela, Navarra, Galicia, Asturias, Arag\u00f3n, Cantabria e Le\u00f3n, desde onde se estendeu ao resto do territorio.<\/p>\n<p><strong><em>Pi\u00f1eiro.<\/em><\/strong> O seu significado \u00e9 <em>\u201cpi\u00f1eiro\u201d,<\/em> por tanto, haber\u00eda que o apelido aparecer\u00eda para referirse a persoas que viv\u00edan preto dun bosque de pi\u00f1eiros.<\/p>\n<p><strong><em>Quiroga.<\/em><\/strong> Apelido topon\u00edmico do val de Quiroga, na provincia de Lugo, onde se localizan as s\u00faas orixes ao redor do s\u00e9culo V. Tr\u00e1tase dun dos apelidos m\u00e1is antigos e nobres de Galicia.<\/p>\n<p><strong><em>Ram\u00edrez.<\/em><\/strong> Outro apelido de orixe germ\u00e1nico. Prov\u00e9n do nome de pila <em>\u201cRadamir\u201d,<\/em> ou fillo de Ramiro.<\/p>\n<p><strong><em>Ribeiro ou Rivera<\/em><\/strong>. Orixe topon\u00edmico. Nome com\u00fan ribeira que designa a beira do mar ou dun r\u00edo.<\/p>\n<p><strong><em>Rodr\u00edguez.<\/em><\/strong> Significa <em>&#8220;fillo de Ruy ou Rodrigo&#8221;,<\/em> nome de orixe germ\u00e1nico que significa <em>&#8220;guerreiro famoso<\/em>&#8220;. \u00c9 un apelido orixinario do Norte da pen\u00ednsula ib\u00e9rica e estendido por toda Espa\u00f1a, actualmente o segundo apelido m\u00e1is frecuente en todo o territorio.<\/p>\n<p><strong><em>Romero.<\/em><\/strong> Procede da voz castel\u00e1 <em>\u201cromeu\u201d, <\/em>que significa peregrino ou persoa que peregrinou ata Roma.<\/p>\n<p><strong><em>S\u00e1nchez.<\/em><\/strong> Fillo de Sancho, nomee propio moi popular na pen\u00ednsula ib\u00e9rica na Idade Media. Este nome de pila foi introducido en Espa\u00f1a polos romanos como Sauco que, posteriormente, converteuse en Sancho. Son moitos as li\u00f1axes que deron orixe a este apelido. Sancho o Sabio foi o primeiro rei de Navarra no s\u00e9culo XII. Tam\u00e9n houbo varios reis de Castela de nome Sancho, as\u00ed como en Asturias e Le\u00f3n, e Galicia.<\/p>\n<p><strong><em>Santos.<\/em><\/strong> De posible orixe topon\u00edmico.<\/p>\n<p><strong><em>Su\u00e1rez<\/em><\/strong>. Apelido de orixe visigodo, ser\u00eda o fillo ou descendente de Soro.<\/p>\n<p><strong><em>Ulloa.<\/em><\/strong> Apelido galego de orixe topon\u00edmico.<\/p>\n<p><strong><em>V\u00e1zquez<\/em><\/strong>. Apelido patron\u00edmico da pen\u00ednsula ib\u00e9rica de orixe galega, a\u00ednda que moi comunmente confundido a s\u00faa orixe coa rama asturiana do mesmo. Est\u00e1 relacionado con <em>&#8220;Vasco&#8221;<\/em> e significa <em>&#8220;fillo de Vasco&#8221;.<\/em> Os primeiros V\u00e1squez apareceron en Pontevedra e outras zonas de Galicia antes da \u00e9poca de Pelayo en Asturias, que \u00e9 cando aparece al\u00ed.<\/p>\n<p><strong><em>Villar.<\/em><\/strong> Este apelido ter\u00eda a s\u00faa orixe nunha palabra latina <em>\u201cvillaris\u201d<\/em> que significa <em>\u201cpoboaci\u00f3n\u201d.<\/em> Este feito explicar\u00eda tam\u00e9n porque aparece por toda Espa\u00f1a.<\/p>\n<p>&nbsp;<\/p>\n<h2><strong>Conclusi\u00f3n<\/strong><\/h2>\n<p>Sen ser leste un traballo exhaustivo, pola envergadura que ter\u00eda que ter, dada a cantidade de informaci\u00f3n a manexar, no noso \u00e1nimo est\u00e1 o tentar facer unha aproximaci\u00f3n \u00e1 orixe dos apelidos en Galicia, e a\u00ednda que na maior\u00eda dos casos, esa orixe non est\u00e1 univocamente relacionado cun momento, acontecemento ou causa clara, polo menos podemos identificar alg\u00fans deles e ter a oportunidade de falar da mixtura de culturas, pobos, civilizaci\u00f3ns froito das migraci\u00f3ns e convivencia dos mesmos. Algo, que como podemos comprobar continuamente, est\u00e1 na base da pr\u00e1ctica totalidade das nosas costumes, tradici\u00f3ns, crenzas etc.<\/p>\n<p>&nbsp;<\/p>\n<p>E rematamos esta publicaci\u00f3n, confiando en que, a pesar da s\u00faa longa extensi\u00f3n, resultase do voso interese, e nese caso gustar\u00edanos que nolo fix\u00e9sedes saber pulsando no bot\u00f3n <strong><em>\u201cG\u00fastame\u201d.<\/em><\/strong> Ademais, anim\u00e1mosche a achegar alg\u00fan comentario, e se tes interese, subscribirche de xeito gratuito \u00e1 Newsletter do Blog para manterche sempre informado sobre as novas publicaci\u00f3ns do Blog.<\/p>\n<p>Por \u00faltimo, se vos gustou o suficiente como para compartilo nas vosas redes sociais, estariamos realmente encantados de que as\u00ed o fix\u00e9sedes.<\/p>\n<p>&nbsp;<\/p>\n<h2><strong>Referencias<\/strong><\/h2>\n<p><a href=\"https:\/\/apelidosgalicia.org\/?cl=\" target=\"_blank\" rel=\"noopener\">https:\/\/apelidosgalicia.org\/?cl=<\/a>0<\/p>\n<p><a href=\"https:\/\/ilg.usc.gal\/es\/proxectos\/diccionario-de-los-apellidos-gallegos\" target=\"_blank\" rel=\"noopener\">https:\/\/ilg.usc.gal\/es\/proxectos\/diccionario-de-los-apellidos-gallegos<\/a><\/p>\n<p><a href=\"https:\/\/nombreyapellido.com\/apellidos-gallegos-antiguos\/\" target=\"_blank\" rel=\"noopener\">https:\/\/nombreyapellido.com\/apellidos-gallegos-antiguos\/<\/a><\/p>\n<p><a href=\"https:\/\/significadodenombres.com.es\/apellidos-gallegos\/\" target=\"_blank\" rel=\"noopener\">https:\/\/significadodenombres.com.es\/apellidos-gallegos\/<\/a><\/p>\n<p><a href=\"https:\/\/www.todoapellidos.com\/apellidos-nobles-gallegos\/\" target=\"_blank\" rel=\"noopener\">https:\/\/www.todoapellidos.com\/apellidos-nobles-gallegos\/<\/a><\/p>\n","protected":false},"excerpt":{"rendered":"<p>Os apelidos galegos presentan en moitos casos influencias germ\u00e1nicas e c\u00e9lticas, froito das culturas celta e visigoda. Se a iso engadimos influencias romanas e a mestizaxe con outros pobos e culturas, daremos cobertura \u00e1 maior\u00eda dos apelidos galegos.<\/p>\n","protected":false},"author":2,"featured_media":16230,"comment_status":"open","ping_status":"open","sticky":false,"template":"","format":"standard","meta":{"_monsterinsights_skip_tracking":false,"_monsterinsights_sitenote_active":false,"_monsterinsights_sitenote_note":"","_monsterinsights_sitenote_category":0,"footnotes":""},"categories":[221],"tags":[2868,2866,407,229,271,3515,126,3514,1097,1100,392,237],"class_list":["post-16234","post","type-post","status-publish","format-standard","has-post-thumbnail","hentry","category-recuncho-da-historia","tag-apelidos","tag-apellidos-gl","tag-costumbres-gl","tag-costumes","tag-curiosidades-historicas-gl","tag-galegos","tag-galicia-gl","tag-gallegos-gl","tag-origen-gl","tag-orixe","tag-sociedad-gl","tag-sociedade","category-221","description-off"],"_links":{"self":[{"href":"https:\/\/recreacionhistoria.com\/gl\/wp-json\/wp\/v2\/posts\/16234","targetHints":{"allow":["GET"]}}],"collection":[{"href":"https:\/\/recreacionhistoria.com\/gl\/wp-json\/wp\/v2\/posts"}],"about":[{"href":"https:\/\/recreacionhistoria.com\/gl\/wp-json\/wp\/v2\/types\/post"}],"author":[{"embeddable":true,"href":"https:\/\/recreacionhistoria.com\/gl\/wp-json\/wp\/v2\/users\/2"}],"replies":[{"embeddable":true,"href":"https:\/\/recreacionhistoria.com\/gl\/wp-json\/wp\/v2\/comments?post=16234"}],"version-history":[{"count":3,"href":"https:\/\/recreacionhistoria.com\/gl\/wp-json\/wp\/v2\/posts\/16234\/revisions"}],"predecessor-version":[{"id":16237,"href":"https:\/\/recreacionhistoria.com\/gl\/wp-json\/wp\/v2\/posts\/16234\/revisions\/16237"}],"wp:featuredmedia":[{"embeddable":true,"href":"https:\/\/recreacionhistoria.com\/gl\/wp-json\/wp\/v2\/media\/16230"}],"wp:attachment":[{"href":"https:\/\/recreacionhistoria.com\/gl\/wp-json\/wp\/v2\/media?parent=16234"}],"wp:term":[{"taxonomy":"category","embeddable":true,"href":"https:\/\/recreacionhistoria.com\/gl\/wp-json\/wp\/v2\/categories?post=16234"},{"taxonomy":"post_tag","embeddable":true,"href":"https:\/\/recreacionhistoria.com\/gl\/wp-json\/wp\/v2\/tags?post=16234"}],"curies":[{"name":"wp","href":"https:\/\/api.w.org\/{rel}","templated":true}]}}