{"id":15841,"date":"2026-04-25T17:50:19","date_gmt":"2026-04-25T16:50:19","guid":{"rendered":"https:\/\/recreacionhistoria.com\/?p=15841"},"modified":"2026-04-25T17:50:19","modified_gmt":"2026-04-25T16:50:19","slug":"a-orixe-da-sifilis","status":"publish","type":"post","link":"https:\/\/recreacionhistoria.com\/gl\/a-orixe-da-sifilis\/","title":{"rendered":"A orixe da s\u00edfilis"},"content":{"rendered":"<p>Nesa procura da orixe dos costumes, inventos, descubrimentos, enfermidades\u2026 nesta ocasi\u00f3n decidimos centrarnos en buscar a orixe da <strong><em>s\u00edfilis unha das enfermidades m\u00e1is estigmatizadas e hist\u00f3rica e socialmente controvertidas.<\/em><\/strong><\/p>\n<p>O estigma social ao redor da s\u00edfilis est\u00e1 marcado por unha herdanza hist\u00f3rica dram\u00e1tica. Na Europa do s\u00e9culo XV, a infecci\u00f3n ocasionou un shock m\u00e1is que equiparable ao vivido co VIH nos 90, chegando a matar ata 5 mill\u00f3ns de persoas en Europa.<\/p>\n<p>Na actualidade, segundo a Organizaci\u00f3n Mundial da Sa\u00fade, danse 12 mill\u00f3ns de infecci\u00f3ns novas de s\u00edfilis cada ano, 3 deles en Am\u00e9rica Latina e o Caribe, polo que \u00e9 a zona con maior taxa de infecci\u00f3n do mundo.<\/p>\n<p>No caso de Espa\u00f1a atop\u00e1monos con que \u00e9 un dos pa\u00edses da Uni\u00f3n Europea coa taxa m\u00e1is alta de s\u00edfilis (11.1 por cada 100.000 habitantes). Tr\u00e1tase da segunda ITS rexistrada con m\u00e1is casos notificados, que en 2022 chegou a aumentar un 27,2%, con 8.141 casos, sobre todo entre homes novos (89% dos diagn\u00f3sticos con informaci\u00f3n de transmisi\u00f3n).<\/p>\n<p>&nbsp;<\/p>\n<h2><\/h2>\n<h2><strong>Que \u00e9 a s\u00edfilis?<\/strong><\/h2>\n<p>A s\u00edfilis \u00e9 unha enfermidade de transmisi\u00f3n sexual devastadora. Provoca graves malformaci\u00f3ns, chegando a producir a morte en quen a padece.<\/p>\n<p><strong><em>Determinar a orixe da s\u00edfilis \u00e9 complicado<\/em><\/strong>, e faise a\u00ednda m\u00e1is dif\u00edcil se temos en conta que hai catro enfermidades similares causadas polo mesmo x\u00e9nero de bacteria, treponema.<\/p>\n<p>Da gravidade desta enfermidade, baste con dicir que no s\u00e9culo XV provocou a morte de m\u00e1is de 5 mill\u00f3ns de persoas en Europa.<\/p>\n<p>\u00c1 s\u00edfilis, ademais de haberlla co\u00f1ecido con denominaci\u00f3ns neutras como como b\u00faa, buba, mal de bubas, l\u00faes ven\u00e9rea ou avariosis, en distintos lugares e momentos da historia, sobre todo entre os s\u00e9culos XV e XVII, chamoulla <em>\u201cmal napolitano\u201d<\/em> por parte dos franceses<em>, \u201cenfermidade polaca\u201d<\/em> polos rusos, <em>\u201cbrit\u00e1nica\u201d<\/em> polos haitianos e <em>\u201ccristi\u00e1\u201d<\/em> polos turcos; os neerlandeses, os portugueses e os italianos atribu\u00edronlla aos espa\u00f1ois como <em>\u201cenfermidade espa\u00f1ola\u201d, \u201cmal espa\u00f1ol\u201d e \u201csarna espa\u00f1ola\u201d<\/em>, e os espa\u00f1ois, \u00e1 s\u00faa vez, refer\u00edronse a ela como \u201c<em>mal franc\u00e9s\u201d ou \u201cmorbo g\u00e1lico\u201d.<\/em> Como se pode apreciar a xenofobia chega mesmo a estes \u00e1mbitos.<\/p>\n<p>Cunha incubaci\u00f3n de tres semanas de media, esta enfermidade manif\u00e9stase coa aparici\u00f3n dunha p\u00e1pula que se ulcera e conv\u00e9rtese nun chancro, unha chaga ovalada e avermellada, no lugar do contaxio, que desaparece ao mes e medio porque, nuns meses, a segunda etapa da s\u00edfilis vai comezar. Esta consiste na aparici\u00f3n de multitude de ronchas ros\u00e1ceas por diversas partes do corpo, os cravos sifil\u00edticos, aos que acompa\u00f1a as cefaleas, a febre, a dor de garganta e de articulaci\u00f3ns, a alopecia e a perda de apetito e de peso. E a terceira fase pode chegar ao ano de desaparecer os s\u00edntomas da segunda, pero tam\u00e9n aos vinte, e pode acabar na morte, tras sufrir cardiopat\u00edas, aneurismas, trastornos oculares como a mesma cegueira, tumores, lesi\u00f3ns espinales e, como mencionei m\u00e1is arriba, lesi\u00f3ns cerebrais e demencia.<\/p>\n<p>&nbsp;<\/p>\n<p><strong><em>Cal era a causa da enfermidade?<\/em><\/strong><\/p>\n<p><strong><em>\u00a0<\/em><\/strong>Pensouse que un castigo de Dios polos pecados cometidos pola sociedade.<\/p>\n<p>As\u00ed que o primeiro paso para lidar coa mesma era arrepentirse e rezar pola protecci\u00f3n divina.<\/p>\n<p>Deus, con todo, enviaba sinais a trav\u00e9s doutros medios. Os astr\u00f3logos da \u00e9poca afirmaban que o ocorrido ti\u00f1a relaci\u00f3n con d\u00faas eclipses de sol e a confluencia de Saturno e Marte.<\/p>\n<p><em>&#8220;As choivas que caeron no ano en todos os pa\u00edses foron tan copiosas, que a terra se contaminou coa auga estancada. Non era de estra\u00f1ar que a enfermidade se houbese presentado&#8221;<\/em>, afirmaba un profesor de medicina da \u00e9poca.<\/p>\n<p>A conxunci\u00f3n das estrelas contaminou o clima, o que \u00e1 s\u00faa vez causou unha podremia velenosa do aire. A consecuencia foi a putrefacci\u00f3n do corpo humano.<\/p>\n<p>Cr\u00edase que o mercurio era o remedio para a s\u00edfilis. Era com\u00fan utilizalo para tratar problemas da pel nesa \u00e9poca. E ese foi o tratamento que se lle recomendou ao soldado alem\u00e1n. Respirar o gas do mercurio quente.<\/p>\n<p>Pero a cura era peor que a enfermidade. Os pacientes salivaban incontrolablemente, os dentes #caer e perd\u00edan a raz\u00f3n. Con todo, seguiuse utilizando por moitos anos, interna e externamente.<\/p>\n<p>Ata que apareceu un novo remedio en 1517: o guayaco, un arbusto que se atopa en Hait\u00ed. Supostamente, era o que usaban os ori\u00fandos da illa. Labras do tronco coci\u00f1\u00e1banse a lume lento en auga e o l\u00edquido beb\u00edase d\u00faas veces ao d\u00eda. O tratamento completo inclu\u00eda pasar 30 d\u00edas nun cuarto extremadamente quente para suar e botar a enfermidade.<\/p>\n<p>Nesa mesma \u00e9poca estableceuse unha relaci\u00f3n entre a s\u00edfilis e o castigo divino por un pecado persoal e non colectivo. A persoa contaxiouse por involucrarse nunha relaci\u00f3n sexual il\u00edcita.<\/p>\n<p>Nese contexto, as mulleres eran quen transmit\u00eda a enfermidade e tentaban aos pobres homes, no estilo de Ad\u00e1n e Eva.<\/p>\n<p>O estigma tam\u00e9n afectaba os nenos cuxos pais sufr\u00edan de s\u00edfilis porque era unha condici\u00f3n hereditaria. Xeraci\u00f3ns enteiras consider\u00e1banse malditas.<\/p>\n<p>&nbsp;<\/p>\n<p>&nbsp;<\/p>\n<h2><strong>A orixe da s\u00edfilis<\/strong><\/h2>\n<p>\u00c1 vista das numerosas fontes consultadas e a falta de unanimidade, resulta farto dif\u00edcil determinar un lugar e momento exacto de aparici\u00f3n da s\u00edfilis.<\/p>\n<p>&nbsp;<\/p>\n<ul>\n<li><strong><em>A teor\u00eda colombina<\/em><\/strong><\/li>\n<\/ul>\n<p style=\"padding-left: 40px;\">Una das hip\u00f3teses, bastante difundida, fixa nas viaxes de Crist\u00f3bal Col\u00f3n a Am\u00e9rica, a orixe da chegada deste mal desde terras americanas. Esta hip\u00f3tese ter\u00eda parte da s\u00faa xustificaci\u00f3n na aparici\u00f3n, apenas tres anos despois da expedici\u00f3n colombina, do primeiro brote masivo no ano 1495 en N\u00e1poles.<\/p>\n<p style=\"padding-left: 40px;\">Hai varios documentos hist\u00f3ricos que apoian que a s\u00edfilis chegou a Europa desde Am\u00e9rica. Gonzalo Fern\u00e1ndez de Oviedo, cronista de Indias, afirmou en Historia xeral e natural das Indias que a <em>\u201cenfermidade francesa\u201d<\/em> \u2014como era chamada comunmente\u2014 era habitual entre os nativos da Espa\u00f1ola1719 e que ser\u00eda introducida en Italia en 1495 polo ex\u00e9rcito de Gonzalo Fern\u00e1ndez de C\u00f3rdoba.<\/p>\n<p><img fetchpriority=\"high\" decoding=\"async\" class=\"size-medium wp-image-15834 aligncenter\" src=\"https:\/\/recreacionhistoria.com\/wp-content\/uploads\/2024\/08\/Teoria-colombina-300x212.jpg\" alt=\"\" width=\"300\" height=\"212\" title=\"\" srcset=\"https:\/\/recreacionhistoria.com\/wp-content\/uploads\/2024\/08\/Teoria-colombina-300x212.jpg 300w, https:\/\/recreacionhistoria.com\/wp-content\/uploads\/2024\/08\/Teoria-colombina-768x541.jpg 768w, https:\/\/recreacionhistoria.com\/wp-content\/uploads\/2024\/08\/Teoria-colombina.jpg 800w\" sizes=\"(max-width: 300px) 100vw, 300px\" \/><\/p>\n<p style=\"padding-left: 40px;\">Algo parecido escribiu Bartolomeu das Casas en Historia das Indias, quen dixo que os espa\u00f1ois ti\u00f1an infecci\u00f3ns m\u00e1is graves que os indios e que estes aseguraban que a enfermidade xa exist\u00eda antes da chegada dos descubridores.<\/p>\n<p style=\"padding-left: 40px;\">Hoxe en d\u00eda, as an\u00e1lises de ADN po\u00f1en en d\u00fabida a teor\u00eda da chegada na expedici\u00f3n colombina. Un equipo de cient\u00edficos do Instituto Max Planck de Ciencia da Historia Humana (MPI-SHH) analizou diversos esqueletos en varios lugares de Europa que presentaban signos de s\u00edfilis, en cuxos \u00f3sos se atoparon rastros de ADN de Treponema, un x\u00e9nero de bacterias causantes desta e outras enfermidades. A dataci\u00f3n dos \u00f3sos oscila entre principios do s\u00e9culo XV e principios do XVII: por iso sospeitan que a enfermidade probablemente estaba presente en Europa desde antes da primeira viaxe de Col\u00f3n a Am\u00e9rica. De todos os xeitos, como hai unha marxe de erro na dataci\u00f3n, non pode tomarse como definitiva esta teor\u00eda.<\/p>\n<p style=\"padding-left: 40px;\">Os paleopat\u00f3logos modernos que apoian a orixe americana soste\u00f1en que os restos \u00f3seos atopados en Europa con posibles signos de s\u00edfilis non son unha proba conclu\u00ednte.<\/p>\n<p>&nbsp;<\/p>\n<ul>\n<li><strong><em> A teor\u00eda precolombina<\/em><\/strong><\/li>\n<\/ul>\n<p style=\"padding-left: 40px;\">Outras hip\u00f3teses dan por seguro que este mal xa exist\u00eda en Europa s\u00f3 que non se chegou a identificar e, por tanto, rexistrar documentalmente e darlle un nome concreto. Esta teor\u00eda bas\u00e9ase en que Hip\u00f3crates en tempos da antiga Grecia xa describir\u00eda unha enfermidade cos mesmos s\u00edntomas que a s\u00edfilis. Ademais, tam\u00e9n se atoparon esqueletos con danos similares aos que produce esta enfermidade en escavaci\u00f3ns realizadas en terras de Pompeya.<\/p>\n<p><img decoding=\"async\" class=\"size-medium wp-image-15836 aligncenter\" src=\"https:\/\/recreacionhistoria.com\/wp-content\/uploads\/2024\/08\/Teoria-precolombina-300x300.jpg\" alt=\"\" width=\"300\" height=\"300\" title=\"\" srcset=\"https:\/\/recreacionhistoria.com\/wp-content\/uploads\/2024\/08\/Teoria-precolombina-300x300.jpg 300w, https:\/\/recreacionhistoria.com\/wp-content\/uploads\/2024\/08\/Teoria-precolombina-150x150.jpg 150w, https:\/\/recreacionhistoria.com\/wp-content\/uploads\/2024\/08\/Teoria-precolombina-768x768.jpg 768w, https:\/\/recreacionhistoria.com\/wp-content\/uploads\/2024\/08\/Teoria-precolombina.jpg 800w\" sizes=\"(max-width: 300px) 100vw, 300px\" \/><\/p>\n<p>&nbsp;<\/p>\n<p style=\"padding-left: 40px;\">Incluso hay autores que muchos de los casos y epidemias registrados como lepra, ser\u00eda realmente casos de s\u00edfilis.<\/p>\n<p>&nbsp;<\/p>\n<ul>\n<li><strong><em> A teor\u00eda da combinaci\u00f3n<\/em><\/strong><\/li>\n<\/ul>\n<p style=\"padding-left: 40px;\">Formulada no ano 2003 polo historiador Alfred Crosby, que v\u00e9n dicir que as colombina e precolombina son certas, pois a bacteria chegar\u00eda, en tempos dos nosos devanceiros, a trav\u00e9s do estreito de Bering fai miles de anos.<\/p>\n<p>&nbsp;<\/p>\n<ul>\n<li><strong><em> A teor\u00eda unitaria<\/em><\/strong><\/li>\n<\/ul>\n<p style=\"padding-left: 40px;\">Esta teor\u00eda prop\u00f3n que a s\u00edfilis orixinouse en \u00c1frica desde os albores da humanidade e que a bacteria causante evolucionou para adaptarse a distintas condici\u00f3ns ambientais, por tanto, distribu\u00eduse en todo o mundo a par da migraci\u00f3n humana.<\/p>\n<p>&nbsp;<\/p>\n<p>Neste sentido, indicar que nos \u00faltimos anos identific\u00e1ronse diferentes lugares nos que se atoparon a bacteria <em>\u201ctreponema\u201d,<\/em> bacteria pr\u00f3xima \u00e1 li\u00f1axe da que provoca a s\u00edfilis, como \u00e9 o caso de Brasil, cunha dataci\u00f3n de fai uns 2.000 anos.<\/p>\n<p>&nbsp;<\/p>\n<p>En resumo, as orixes da s\u00edfilis a\u00ednda te\u00f1en moitos misterios sen resolver.<\/p>\n<p>&nbsp;<\/p>\n<p>&nbsp;<\/p>\n<h2><strong>A s\u00edfilis en Europa<\/strong><\/h2>\n<p><strong><em>O primeiro rexistro de presenza de s\u00edfilis en terras europeas rem\u00f3ntase a finais do s\u00e9culo XV<\/em><\/strong>, e local\u00edzase en terras italianas, concretamente <strong><em>na zona de N\u00e1poles<\/em><\/strong>, durante unha invasi\u00f3n francesa formada por uns 30.000 homes, a maior\u00eda mercenarios. Soldados deste ex\u00e9rcito contaxi\u00e1ronse e por iso \u00e9 polo que o primeiro nome que recibiu esta enfermidade fose o de <em>\u201cenfermidade francesa\u201d (morbus gallicus)<\/em>. De terras francesas este brote estender\u00edase por toda Europa. A infecci\u00f3n atravesou as fronteiras dunha paisaxe politicamente fracturada, desde Francia ata Italia, Su\u00edza e Alema\u00f1a, e cara ao norte ata as Illas Brit\u00e1nicas, Escandinavia e Rusia.<\/p>\n<p><img decoding=\"async\" class=\"size-medium wp-image-15832 aligncenter\" src=\"https:\/\/recreacionhistoria.com\/wp-content\/uploads\/2024\/08\/Sifilis-Napoles-300x168.jpg\" alt=\"\" width=\"300\" height=\"168\" title=\"\" srcset=\"https:\/\/recreacionhistoria.com\/wp-content\/uploads\/2024\/08\/Sifilis-Napoles-300x168.jpg 300w, https:\/\/recreacionhistoria.com\/wp-content\/uploads\/2024\/08\/Sifilis-Napoles.jpg 474w\" sizes=\"(max-width: 300px) 100vw, 300px\" \/><\/p>\n<p>&nbsp;<\/p>\n<p>No medio do caos, varias cousas quedaron claras. A infecci\u00f3n parec\u00eda comezar nos xenitais. O pat\u00f3geno parec\u00eda viaxar ao longo dos cami\u00f1os dos soldados mercenarios contratados polos gobernantes en guerra para atacar aos seus rivais, e cos fogares informais e as traballadoras sexuais que segu\u00edan as s\u00faas campa\u00f1as.<\/p>\n<p>&nbsp;<\/p>\n<p><strong><em>En 1497<\/em><\/strong> Alejandro Benedetto de Venecia, m\u00e9dico do papa Alejandro VI, observou v\u00edtimas que perderan os ollos, o nariz, as mans e os p\u00e9s. Segundo Benedetto <em>\u201ctodo o corpo \u00e9 tan repulsivo de mirar e o sufrimento \u00e9 tan grande, sobre todo de noite, que esta enfermidade \u00e9 a\u00ednda m\u00e1is horrorosa que a incurable lepra\u201d.<\/em><\/p>\n<p>&nbsp;<\/p>\n<p><strong><em>En 1527<\/em><\/strong> atopamos ao primeiro autor, franc\u00e9s neste caso, Jacques de Behencourt que escibr sobre a s\u00edfilis, introducindo, ademais, o termo \u201c<em>morbus veneris\u201d ou \u201cenfermidade ven\u00e9rea\u201d<\/em> ao referirse a ela.<\/p>\n<p>&nbsp;<\/p>\n<p><strong><em>No ano 1530<\/em><\/strong> atopamos o momento en que se utilizada a palabra s\u00edfilis para referirse a este mal. Ser\u00eda un m\u00e9dico italiano, Giarolamo Fracastoro. Ata ent\u00f3n adoit\u00e1baselle denominar <em>\u201cgran vexigas\u201d. <\/em><\/p>\n<div id=\"attachment_15826\" style=\"width: 310px\" class=\"wp-caption aligncenter\"><img loading=\"lazy\" decoding=\"async\" aria-describedby=\"caption-attachment-15826\" class=\"size-medium wp-image-15826\" src=\"https:\/\/recreacionhistoria.com\/wp-content\/uploads\/2024\/08\/Fracastoro-300x215.jpg\" alt=\"Fracastoro\" width=\"300\" height=\"215\" title=\"\" srcset=\"https:\/\/recreacionhistoria.com\/wp-content\/uploads\/2024\/08\/Fracastoro-300x215.jpg 300w, https:\/\/recreacionhistoria.com\/wp-content\/uploads\/2024\/08\/Fracastoro.jpg 474w\" sizes=\"(max-width: 300px) 100vw, 300px\" \/><p id=\"caption-attachment-15826\" class=\"wp-caption-text\"><em>Fracastoro<\/em><\/p><\/div>\n<p>&nbsp;<\/p>\n<p>Fracastoro, quen ademais de m\u00e9dico era poeta, escribiu o seu inmortal <em>\u201cSyphilis sive morbus gallicus libri tres\u201d<\/em> (A s\u00edfilis ou o mal franc\u00e9s en tres libros). Esta obra \u00e9 un fermoso poema en lat\u00edn de 1300 versos. No primeiro libro descr\u00edbense as causas da enfermidade e o cadro cl\u00ednico caracter\u00edstico. No segundo libro menci\u00f3nanse os principais tratamentos, destacando especialmente o mercurio. Finalmente, no terceiro libro rel\u00e1tase como os mari\u00f1os espa\u00f1ois atoparon nativos da illa de Santo Domingo en Am\u00e9rica infectados con s\u00edfilis e como estes explicaban a orixe desta devastadora enfermidade. Os nativos relataban como o seu devanceiro pastor chamado S\u00edfilus, desafiara en tempos inmemoriais ao deus Apolo ou Febo, desatando as\u00ed a s\u00faa ira e sendo por iso o primeiro infectado. Do mito do pastor S\u00edfilus deriva a actual denominaci\u00f3n da enfermidade que en tempos de Fracastoro foi chamada o <em>\u201cmal franc\u00e9s\u201d, \u201cmorbo g\u00e1lico\u201d ou \u201cl\u00faes ven\u00e9rea\u201d.<\/em><\/p>\n<p>Tratar\u00edase, en definitiva dunha nova hip\u00f3tese sobre a orixe desta enfermidade, neste caso falariamos dunha orixe m\u00edtica.<\/p>\n<p>&nbsp;<\/p>\n<p><strong><em>En 1539<\/em><\/strong> o espa\u00f1ol Ruy D\u00edaz de Isla, cirurxi\u00e1n no Hospital de todos os Santos de Lisboa, afirmaba que a nova enfermidade causara tanto dano que non hab\u00eda unha aldea europea de cen veci\u00f1os onde dez deles non morresen por este mal. A\u00ednda que fose unha observaci\u00f3n esaxerada, si reflicte a impotencia deste m\u00e9dico #ante unha enfermidade que superaba con moito todos os seus co\u00f1ecementos.<\/p>\n<p><img loading=\"lazy\" decoding=\"async\" class=\"size-medium wp-image-15830 aligncenter\" src=\"https:\/\/recreacionhistoria.com\/wp-content\/uploads\/2024\/08\/Ruy-Diaz-de-Isla-184x300.jpg\" alt=\"\" width=\"184\" height=\"300\" title=\"\" srcset=\"https:\/\/recreacionhistoria.com\/wp-content\/uploads\/2024\/08\/Ruy-Diaz-de-Isla-184x300.jpg 184w, https:\/\/recreacionhistoria.com\/wp-content\/uploads\/2024\/08\/Ruy-Diaz-de-Isla.jpg 474w\" sizes=\"(max-width: 184px) 100vw, 184px\" \/><\/p>\n<p>&nbsp;<\/p>\n<p><strong><em>En 1736 <\/em><\/strong>Jean Astruc escribiu <em>\u201cDe morbis veneris, libri sex\u201d<\/em>, unha obra na que o autor recompila todo o co\u00f1ecemento existente na s\u00faa \u00e9poca sobre as enfermidades ven\u00e9reas.<\/p>\n<p><img loading=\"lazy\" decoding=\"async\" class=\"size-medium wp-image-15828 aligncenter\" src=\"https:\/\/recreacionhistoria.com\/wp-content\/uploads\/2024\/08\/Jean-Astruc-197x300.jpg\" alt=\"\" width=\"197\" height=\"300\" title=\"\" srcset=\"https:\/\/recreacionhistoria.com\/wp-content\/uploads\/2024\/08\/Jean-Astruc-197x300.jpg 197w, https:\/\/recreacionhistoria.com\/wp-content\/uploads\/2024\/08\/Jean-Astruc.jpg 337w\" sizes=\"(max-width: 197px) 100vw, 197px\" \/><\/p>\n<p>&nbsp;<\/p>\n<p>E <strong><em>non ser\u00eda ata os primeiros anos do s\u00e9culo XX<\/em><\/strong> que se identificase o organismo que causa a s\u00edfilis e o primeiro tratamento con resultados apreciables.<\/p>\n<p>&nbsp;<\/p>\n<p>&nbsp;<\/p>\n<h2><strong>Evoluci\u00f3n do tratamento da s\u00edfilis<\/strong><\/h2>\n<p>Durante os catro s\u00e9culos e medio transcorridos ata o descubrimento da penicilina, o tratamento virou ao redor do mercurio. Ata o ano 1943, en que o descubrimento da penicilina, cambiou a terap\u00e9utica da enfermidade levada a cabo ata ent\u00f3n.<\/p>\n<p>&nbsp;<\/p>\n<p><strong><em>Nos inicios, houbo d\u00faas formas de tratala<\/em><\/strong>: con novos produtos americanos, como o guayaco, e co mercurio. Esta \u00faltima forma foi a que permaneceu practicamente ata principios do s\u00e9culo XX, a\u00ednda que de forma m\u00e1is ensaiada e pautada. Tam\u00e9n se utilizaron tardiamente os yoduros e o bismuto.<\/p>\n<p>&nbsp;<\/p>\n<p><strong><em>En torno ao ano 1836 empezouse a utilizar o ioduro pot\u00e1sico para o tratamento da s\u00edfilis.<\/em><\/strong><\/p>\n<p>&nbsp;<\/p>\n<p><strong><em>O descubrimento a comezos do s\u00e9culo XX da arsfenamina<\/em><\/strong> (salvars\u00e1n), ao principio utilizada soa, e posteriormente asociada ao mercurio ou ao bismuto, supuxo unha achega terap\u00e9utica destacable.<\/p>\n<p>&nbsp;<\/p>\n<p><strong><em>O bismuto foi outro dos recursos terap\u00e9uticos de gran utilidade<\/em><\/strong>, que chegou a desprazar de forma importante ao tratamento con mercurio, e foi utilizado ata 1943, ano en que tivo lugar a introduci\u00f3n da penicilina, a cal pasou a ser pouco despois o tratamento de elecci\u00f3n.<\/p>\n<p>&nbsp;<\/p>\n<p><strong><em>En 1909, Paul Ehrlich, comunica as virtudes da Arsfenamina<\/em><\/strong>, para o tratamento da enfermidade. En 1921 Robert Sazerac e Constantin Levaditi, introducen os preparados de bismuto no tratamento da s\u00edfilis. E 3n 1928 Alexander Felmingo descobre o poder bactericida do Penicilium notatum.<\/p>\n<p>&nbsp;<\/p>\n<p><strong><em>Xa en 1943 util\u00edzase por primeira vez a penicilina<\/em><\/strong>, cunha eficacia antes desco\u00f1ecida.<\/p>\n<p>&nbsp;<\/p>\n<p>Outras incorporaci\u00f3ns decisivas \u00e1 antibioterapia fronte \u00e1 s\u00edfilis foron <strong><em>a aparici\u00f3n en 1963 de doxiciclina<\/em><\/strong>, d\u00e9cadas despois do descubrimento en 1945 da primeira clortetraciclina ou aureomicina.<\/p>\n<p>&nbsp;<\/p>\n<p>Desde ent\u00f3n s\u00e9guese avanzando na formulaci\u00f3n de novos tratamentos para combater esta terrible enfermidade.<\/p>\n<p>&nbsp;<\/p>\n<p>&nbsp;<\/p>\n<h2><strong>Conclusi\u00f3ns<\/strong><\/h2>\n<p>Tras este longo, e esperemos que non aburrido, percorrido, conclu\u00edmos o que xa indicabamos ao principio, e \u00e9 que a investigaci\u00f3n moderna non puido dar resposta a\u00ednda \u00e1 orixe da s\u00edfilis ven\u00e9rea. As hip\u00f3teses explicativas sobre a s\u00faa orixe seguen sendo as mesmas que hai 500 anos: ou vi\u00f1o do Novo Mundo ou derivou dunha enfermidade xa preexistente en Europa por culpa dunha mutaci\u00f3n.<\/p>\n<p>&nbsp;<\/p>\n<p>E finalizamos coa esperanza de que esta publicaci\u00f3n resultouvos e se as\u00ed foi ped\u00edmosvos que pulsedes o bot\u00f3n <strong><em>\u201cG\u00fastame\u201d.<\/em><\/strong> Ademais, anim\u00e1mosche a achegar alg\u00fan comentario, e se tes interese, subscribirche, de xeito gratuito, \u00e1 Newsletter do Blog para manterche sempre informado sobre as novas publicaci\u00f3ns do Blog.<\/p>\n<p>Por \u00faltimo, se vos gustou o suficiente como para compartilo nas vosas redes sociais, estariamos realmente encantados de que as\u00ed o fix\u00e9sedes.<\/p>\n<p>&nbsp;<\/p>\n<p>&nbsp;<\/p>\n<h2><strong>Referencias<\/strong><\/h2>\n<p><a href=\"https:\/\/academia-lab.com\/enciclopedia\/historia-de-la-sifilis\/\" target=\"_blank\" rel=\"noopener\">https:\/\/academia-lab.com\/enciclopedia\/historia-de-la-sifilis\/<\/a><\/p>\n<p><a href=\"https:\/\/bebloomers.com\/tu-cuerpo\/its-y-ets\/origen-sifilis\/\" target=\"_blank\" rel=\"noopener\">https:\/\/bebloomers.com\/tu-cuerpo\/its-y-ets\/origen-sifilis\/<\/a><\/p>\n<p><a href=\"https:\/\/hipertextual.com\/2015\/10\/sifilis-historia\" target=\"_blank\" rel=\"noopener\">https:\/\/hipertextual.com\/2015\/10\/sifilis-historia<\/a><\/p>\n<p><a href=\"https:\/\/historia.nationalgeographic.com.es\/a\/sifilis-ya-existia-europa-antes-viajes-colon_15623\" target=\"_blank\" rel=\"noopener\">https:\/\/historia.nationalgeographic.com.es\/a\/sifilis-ya-existia-europa-antes-viajes-colon_15623<\/a><\/p>\n<p><a href=\"https:\/\/www.muyinteresante.com\/ciencia\/24102.html\" target=\"_blank\" rel=\"noopener\">https:\/\/www.muyinteresante.com\/ciencia\/24102.html<\/a><\/p>\n<p><a href=\"https:\/\/www.ncbi.nlm.nih.gov\/pmc\/articles\/PMC6254479\/\" target=\"_blank\" rel=\"noopener\">https:\/\/www.ncbi.nlm.nih.gov\/pmc\/articles\/PMC6254479\/<\/a><\/p>\n<p><a href=\"https:\/\/www.scielo.cl\/scielo.php?script=sci_arttext&amp;pid=S0716-10182022000400501\" target=\"_blank\" rel=\"noopener\">https:\/\/www.scielo.cl\/scielo.php?script=sci_arttext&amp;pid=S0716-10182022000400501<\/a><\/p>\n","protected":false},"excerpt":{"rendered":"<p>Sobre a orixe da s\u00edfilis, as hip\u00f3tesis explicativas seguen sendo as mesmas quie hai 500 anos:  ou chegou do Novo Mundo ou derivou dunha enfermidade xa preexistente en Europa por culpa dunha mutaci\u00f3n.<\/p>\n","protected":false},"author":2,"featured_media":15825,"comment_status":"open","ping_status":"open","sticky":false,"template":"","format":"standard","meta":{"_monsterinsights_skip_tracking":false,"_monsterinsights_sitenote_active":false,"_monsterinsights_sitenote_note":"","_monsterinsights_sitenote_category":0,"footnotes":""},"categories":[221],"tags":[271,1097,1100,3451,237,3452],"class_list":["post-15841","post","type-post","status-publish","format-standard","has-post-thumbnail","hentry","category-recuncho-da-historia","tag-curiosidades-historicas-gl","tag-origen-gl","tag-orixe","tag-sifilis-gl","tag-sociedade","tag-soiciedad-gl","category-221","description-off"],"_links":{"self":[{"href":"https:\/\/recreacionhistoria.com\/gl\/wp-json\/wp\/v2\/posts\/15841","targetHints":{"allow":["GET"]}}],"collection":[{"href":"https:\/\/recreacionhistoria.com\/gl\/wp-json\/wp\/v2\/posts"}],"about":[{"href":"https:\/\/recreacionhistoria.com\/gl\/wp-json\/wp\/v2\/types\/post"}],"author":[{"embeddable":true,"href":"https:\/\/recreacionhistoria.com\/gl\/wp-json\/wp\/v2\/users\/2"}],"replies":[{"embeddable":true,"href":"https:\/\/recreacionhistoria.com\/gl\/wp-json\/wp\/v2\/comments?post=15841"}],"version-history":[{"count":3,"href":"https:\/\/recreacionhistoria.com\/gl\/wp-json\/wp\/v2\/posts\/15841\/revisions"}],"predecessor-version":[{"id":15844,"href":"https:\/\/recreacionhistoria.com\/gl\/wp-json\/wp\/v2\/posts\/15841\/revisions\/15844"}],"wp:featuredmedia":[{"embeddable":true,"href":"https:\/\/recreacionhistoria.com\/gl\/wp-json\/wp\/v2\/media\/15825"}],"wp:attachment":[{"href":"https:\/\/recreacionhistoria.com\/gl\/wp-json\/wp\/v2\/media?parent=15841"}],"wp:term":[{"taxonomy":"category","embeddable":true,"href":"https:\/\/recreacionhistoria.com\/gl\/wp-json\/wp\/v2\/categories?post=15841"},{"taxonomy":"post_tag","embeddable":true,"href":"https:\/\/recreacionhistoria.com\/gl\/wp-json\/wp\/v2\/tags?post=15841"}],"curies":[{"name":"wp","href":"https:\/\/api.w.org\/{rel}","templated":true}]}}