{"id":13897,"date":"2026-04-09T20:35:49","date_gmt":"2026-04-09T19:35:49","guid":{"rendered":"https:\/\/recreacionhistoria.com\/?p=13897"},"modified":"2026-04-09T20:35:49","modified_gmt":"2026-04-09T19:35:49","slug":"ser-orfo-na-idade-media","status":"publish","type":"post","link":"https:\/\/recreacionhistoria.com\/gl\/ser-orfo-na-idade-media\/","title":{"rendered":"Ser orfo na Idade Media"},"content":{"rendered":"<p>Todos os queridos lectores coincidir\u00e1n connosco en que o principal reto durante a Idade Media era a supervivencia. E se era unha tarefa ardua para toda a poboaci\u00f3n manter a vida, imaxinemos como ser\u00eda para os m\u00e1is pequenos. E mais, no caso de <strong><em>ser orfo na Idade Media.<\/em><\/strong><\/p>\n<p>A consideraci\u00f3n de determinados aspectos, persoas ou situaci\u00f3ns foi variando e evolucionando ao longo da historia. A infancia e a adolescencia son un per\u00edodo vital na formaci\u00f3n da personalidade do individuo. Se ese per\u00edodo xa pode ser duro e traum\u00e1tico segundo certos momentos, a\u00ednda m\u00e1is se os actores do proceso son orfos.<\/p>\n<p>&nbsp;<\/p>\n<h2><strong>Contexto hist\u00f3rico-temporal<\/strong><\/h2>\n<p>C\u00f3mpre lembrar que a Idade Media corresponde a un per\u00edodo definido en base a datas convencionais coas que delimitar un per\u00edodo que se chegou e se deixou, non por feitos puntuais de gran relevancia, sen\u00f3n por unha serie de transformaci\u00f3ns que levaron a cabo. lugar.producido ao longo de varios s\u00e9culos.<\/p>\n<p>O ano 476, data da ca\u00edda do Imperio Romano de Occidente, adoita sinalarse como o inicio da Idade Media. Como punto final, ind\u00edcase o ano 1492, pola relevancia do descubrimento, ou chegada de Col\u00f3n, a Am\u00e9rica.<\/p>\n<p>Polo tanto, imos enmarcar o contido desta publicaci\u00f3n neste per\u00edodo.En primeiro lugar, hai que dicir que na Idade Media era habitual convivir con per\u00edodos de pestes e fames, que xunto \u00e1s carencias en materia m\u00e9dica, disputas, guerras, crimes, etc., representaban un conxunto de ameazas. \u00e1 supervivencia da poboaci\u00f3n. A esperanza de vida era moi baixa, xa que os cidad\u00e1ns padec\u00edan enfermidades derivadas da desnutrici\u00f3n e feridas mal cicatrizadas, ademais de enfermidades, etc.<\/p>\n<p>Situandonos no contexto de Espa\u00f1a e Europa occidental, \u00e9 fundamental afondar no papel dominante da relixi\u00f3n e concretamente, xa neste momento, do cristianismo. A relixi\u00f3n cristi\u00e1 pasou de ser minoritaria e perseguida a hexem\u00f3nica; pasou dos ambientes marxinais aos aristocr\u00e1ticos. As\u00ed, impo\u00f1eranse toda unha serie de novos valores, formas de vida, representaci\u00f3ns do futuro e actitudes sociais baseadas fundamentalmente nas Sagradas Escrituras.<\/p>\n<p>Por outra banda, e para os efectos da orientaci\u00f3n desta publicaci\u00f3n, c\u00f3mpre dicir que a estrutura familiar durante a Idade Media caracterizouse por estar baixo o dominio masculino, que deb\u00eda velar pola protecci\u00f3n dos membros da familia. De feito, un individuo non ten dereito a protecci\u00f3n se non forma parte dunha familia.<\/p>\n<p><img fetchpriority=\"high\" decoding=\"async\" class=\"size-full wp-image-13885 aligncenter\" src=\"https:\/\/recreacionhistoria.com\/wp-content\/uploads\/2023\/06\/Madre_Edad_Media.jpg\" alt=\"\" width=\"300\" height=\"241\" title=\"\"><\/p>\n<p>&nbsp;<\/p>\n<h2><strong>Ser un neno na Idade Media<\/strong><\/h2>\n<p>Desde o seu nacemento, os nenos foron mellor acollidos que as nenas, de feito o n\u00famero de abandonos foi moito menor, e ademais ti\u00f1an mellores oportunidades de sa\u00edr adiante, xa que o seu coidado estaba destinado, no caso das clases adi\u00f1eiradas, \u00e1s nodrizas que Eran os encargados de coidalos e alimentalos durante as \u00e9pocas de lactaci\u00f3n.<\/p>\n<p>Cando os nenos chegaron a certa idade e apareceron os seus primeiros dentes, comezaron a recibir unha dieta mixta a base de leite materno e alimentos s\u00f3lidos. Antes do momento de inxerir alimentos s\u00f3lidos fixeron a s\u00faa aparici\u00f3n as papillas elaboradas a base de fari\u00f1a.<\/p>\n<p>Pero, en calquera caso, as posibilidades de supervivencia dun rec\u00e9n nacido estaban directamente relacionadas co feito de que se puidese amamantar con leite de boa calidade.<\/p>\n<p>Por outra banda, hab\u00eda unha taxa de mortalidade infantil moi elevada, superior ao 50%, e coa crenza de que aqueles beb\u00e9s que mor\u00edan antes de ser bautizados, un dos primeiros ritos era facilitar o devandito sacramento, o bautismo, xa que con el lavaban. pecado orixinal e formalizouse a benvida a unha nova alma cristi\u00e1. Dalg\u00fan xeito, unha vez que o neno naceu, incorporouse oficialmente \u00e1 sociedade a trav\u00e9s desta cerimonia. Por costume \u00eda acompa\u00f1ado dunha festa que, segundo as posibilidades dos pais, era m\u00e1is ou menos austera.<\/p>\n<p>Se atendemos \u00e1 educaci\u00f3n, atop\u00e1monos cun marco que se configura como un conxunto de co\u00f1ecementos que inclu\u00edan as bases dunha formaci\u00f3n relixiosa e noutras materias caracteriz\u00e1base por un forte pragmatismo, evitando cuesti\u00f3ns que non ti\u00f1an aplicaci\u00f3n pr\u00e1ctica.<\/p>\n<p>Hab\u00eda unhas escolas, unhas de promoci\u00f3n relixiosa, outras co apoio de fundaci\u00f3ns se\u00f1oriais, e mesmo as promovidas polos veci\u00f1os dunha vila.Tam\u00e9n era pr\u00e1ctica habitual impartir clases na s\u00faa propia casa, coa axuda dos seus pais, irm\u00e1ns,&#8230;<\/p>\n<p>As escolas municipais naceron con gran forza no s\u00e9culo XIII cando as cidades xa estaban en pleno funcionamento e se asentaron economicamente. A oligarqu\u00eda cidad\u00e1 que domina os concellos buscar\u00e1 tam\u00e9n controlar a educaci\u00f3n e, a trav\u00e9s dela, a pr\u00e1ctica profesional.<\/p>\n<p>Cando chegaban a certa idade, xeralmente entre os oito e os doce anos, era bastante habitual que os nenos fosen entregados a outras familias para a s\u00faa educaci\u00f3n e inserci\u00f3n no mundo laboral. Coa entrega do pequeno pretend\u00edase situalo nun chanzo social e profesional superior ao que ocupaban os seus pais e garantir as\u00ed o seu futuro. Co\u00f1ecemos esta pr\u00e1ctica chamada <em>&#8220;apadri\u00f1amento&#8221; <\/em>a partir dos acordos de crianza, as\u00ed chamada porque a nova familia era a encargada de proporcionar albergue, alimentaci\u00f3n e educaci\u00f3n ao neno. Estes convenios eran, ao mesmo tempo, contratos de traballo porque a cambio da crianza os rapaces axudaban nas tarefas dom\u00e9sticas ou industriais, como nun taller de zapater\u00eda ou nunha f\u00e1brica de tecidos, e as nenas nos talleres de costura, remendando roupa ou sabas, e as nenas nos talleres de costura. reparando capas, cortinas ou como aprendices de calceter\u00eda.<\/p>\n<p>Outra forma de garantir o futuro dun neno era envialo para que fose criado nun convento ou mosteiro. Tanto as ordes regulares como as ramas femininas das ordes militares encarg\u00e1ronse da educaci\u00f3n. E tam\u00e9n xurdir\u00e1n beaterios coa finalidade expresa de educar \u00e1s nenas.Os nenos e nenas divert\u00edanse con alg\u00fans xogos, e tam\u00e9n cantando e bailando canci\u00f3ns, algunhas das cales perduraron ata hoxe, como a que di: <em>\u201cCucuruc\u00fa cantaba a ra, \/ cucuruc\u00fa debaixo da auga; \/ cucuruc\u00fa, pero oh! Que cantaba, \/ cucuruc\u00fa, debaixo da auga<\/em>\u201d (Belmonte, intermedio de Unha ra hai cen anos).<\/p>\n<p><img decoding=\"async\" class=\"size-medium wp-image-13883 aligncenter\" src=\"https:\/\/recreacionhistoria.com\/wp-content\/uploads\/2023\/06\/Infancia-clases-altas-Edad-Media-236x300.jpg\" alt=\"\" width=\"236\" height=\"300\" title=\"\" srcset=\"https:\/\/recreacionhistoria.com\/wp-content\/uploads\/2023\/06\/Infancia-clases-altas-Edad-Media-236x300.jpg 236w, https:\/\/recreacionhistoria.com\/wp-content\/uploads\/2023\/06\/Infancia-clases-altas-Edad-Media.jpg 557w\" sizes=\"(max-width: 236px) 100vw, 236px\" \/><\/p>\n<p>&nbsp;<\/p>\n<p>Pero moitos pequenos \u2013nenos pobres, orfos\u2013 non tiveron a oportunidade de aprender nin de gozar dos xogos: o seu horizonte limit\u00e1base a longas xornadas de traballo. Para eles, a infancia simplemente non exist\u00eda.<\/p>\n<p>Dentro dos grupos baixos podemos situar os nenos do rural, os pobres e os marxinados. A trav\u00e9s da lexislaci\u00f3n municipal e xudicial sabemos que se estableceu un m\u00ednimo de entre doce e quince anos para contratar persoas como forza de traballo, para protexer os nenos da explotaci\u00f3n laboral e do traballo rudo, pero isto non sempre se cumpriu.<\/p>\n<p>Nas hortas e currais realiz\u00e1banse outras tarefas coti\u00e1s, dende a cr\u00eda de paxaros e porcos ata o cultivo de hortalizas, mentres que as rapazas colaboraban en tarefas dom\u00e9sticas como peneirar, amasar, coci\u00f1ar, etc.<\/p>\n<p><img decoding=\"async\" class=\"size-medium wp-image-13893 aligncenter\" src=\"https:\/\/recreacionhistoria.com\/wp-content\/uploads\/2023\/06\/Nino-trabajo-Edad-Media-300x225.png\" alt=\"\" width=\"300\" height=\"225\" title=\"\" srcset=\"https:\/\/recreacionhistoria.com\/wp-content\/uploads\/2023\/06\/Nino-trabajo-Edad-Media-300x225.png 300w, https:\/\/recreacionhistoria.com\/wp-content\/uploads\/2023\/06\/Nino-trabajo-Edad-Media.png 640w\" sizes=\"(max-width: 300px) 100vw, 300px\" \/><\/p>\n<p>&nbsp;<\/p>\n<p>Peor destino correron as mozas que, procedentes do rural, foron \u00e1 cidade a traballar como criadas e acabaron prostitu\u00edndose. Ofrecer\u00e1n os seus servizos como criadas en albergues e tabernas e, explotadas polos seus xefes, adquirir\u00e1n con el d\u00e9bedas que s\u00f3 poder\u00e1n pagar entrando no mundo da prostituci\u00f3n.<\/p>\n<p>Se agora nos centramos nos nenos pertencentes a colectivos considerados marxinados, polo seu abandono, principalmente nenos abandonados, orfos, escravos,&#8230; atop\u00e1monos con que levaban, como \u00e9 f\u00e1cil imaxinar, unha vida miserable.<\/p>\n<p>Outra situaci\u00f3n anormal foi a que viven os nenos nacidos en conventos e mosteiros, froito das relaci\u00f3ns entre unha monxa e o seu capel\u00e1n ou un monxe cunha muller vinculada ao mosteiro. A finais da Idade Media estes casos repet\u00edanse con frecuencia.<\/p>\n<p>&nbsp;<\/p>\n<h2><strong>Os orfos na Idade Media<\/strong><\/h2>\n<p>Os nenos orfos quedaron sen pais por circunstancias da vida, pero os abandonados foron v\u00edtimas dunha decisi\u00f3n tomada voluntariamente polos seus pais que intencionadamente se libraron deles. Como chegaron os pais a esta determinaci\u00f3n? As causas foron varias. Os fillos eran, en moitos casos, fillos de nais solteiras que, ao non contar con axuda masculina e falta de recursos, preferiron deixalos ao coidado dalgunha instituci\u00f3n ou piadosa que os atopase.Nestas ocasi\u00f3ns era habitual que a nai deixase o neno \u00e1s portas dunha igrexa ou dun hospital. A pobreza tam\u00e9n presionaba \u00e1s parellas legalmente constitu\u00eddas que, ante circunstancias desfavorables, v\u00edronse obrigadas a tomar esta decisi\u00f3n.<\/p>\n<p><img loading=\"lazy\" decoding=\"async\" class=\"size-full wp-image-13891 aligncenter\" src=\"https:\/\/recreacionhistoria.com\/wp-content\/uploads\/2023\/06\/Parto-Edad-Media.jpg\" alt=\"\" width=\"272\" height=\"272\" title=\"\" srcset=\"https:\/\/recreacionhistoria.com\/wp-content\/uploads\/2023\/06\/Parto-Edad-Media.jpg 272w, https:\/\/recreacionhistoria.com\/wp-content\/uploads\/2023\/06\/Parto-Edad-Media-150x150.jpg 150w\" sizes=\"(max-width: 272px) 100vw, 272px\" \/><\/p>\n<p>&nbsp;<\/p>\n<p>Por\u00e9n, moitos destes nenos orfos ou abandonados foran depositados ao seu nacemento na instituci\u00f3n Padre de Hu\u00e9rfanos, unha oficina municipal encargada de buscar acollida a menores sen pais, pero que tam\u00e9n tivo un papel moi importante no acceso ao traballo de numerosos adolescentes. que chegaban \u00e1 cidade dende o campo ou doutros lugares moito m\u00e1is afastados, alg\u00fans dos cales non eran orfos. Est\u00e1 documentada a s\u00faa actuaci\u00f3n en grandes cidades como Zaragoza, Valencia ou Barcelona.<\/p>\n<p>Por outra banda, a coroa, os concellos e os tribunais lexislaron en varias ocasi\u00f3ns sobre os orfos e concederonlles privilexios. Distintas instituci\u00f3ns xurdiron para protexelos e guiar as s\u00faas vidas.<\/p>\n<p>No Londres medieval, as leis ti\u00f1an coidado de colocar a un neno orfo con algu\u00e9n que non pod\u00eda beneficiarse da s\u00faa morte. Ademais, a medicina medieval abordaba o tratamento dos nenos por separado do dos adultos. Os nenos eran xeralmente reco\u00f1ecidos como vulnerables e necesitaban unha protecci\u00f3n especial.<\/p>\n<p>O rei era considerado como un defensor dos d\u00e9biles en xeral e como un protector dos orfos e vi\u00favas contra os abusos dos poderosos, e as\u00ed o demostran non s\u00f3 os tratados pol\u00edticos sen\u00f3n tam\u00e9n as cr\u00f3nicas e a literatura en xeral.Sabemos que os Reis Cat\u00f3licos proporcionaban unha renda \u00e1s vi\u00favas e orfos e conced\u00edalles prerrogativas especiais como acudir aos tribunais para a xustiza nos casos de recurso.<\/p>\n<p>En ordenanzas como as de Cartaya, vix\u00edase especialmente a s\u00faa herdanza e a xesti\u00f3n dos seus bens. Non era raro que alg\u00fans familiares sen escr\u00fapulos tratasen de aproveitar a situaci\u00f3n xestionando fraudulentamente o seu escaso patrimonio. Polo tanto, ao falecemento dos pais, a xustiza e un notario do concello acudir\u00edan \u00e1 casa do orfo para inventariar os bens mobles e inmobles que os pais lles deixaran, as\u00ed como as d\u00e9bedas e obrigas dos falecidos. Despois dotar\u00edanse dun titor, que se comprometer\u00eda ante a lei a xestionar honestamente o patrimonio do menor baixo a pena de pagar os danos causados \u200b\u200bpola mala xesti\u00f3n.<\/p>\n<p>A Igrexa tam\u00e9n participou de diversas formas na axuda destes nenos. Por unha banda, apoiou os hospitais para acollelos e, por outra, a trav\u00e9s dos serm\u00f3ns dominicals animou aos fieis a doar os seus bens para axudar aos orfos.<\/p>\n<p>E \u00e9 que dentro dos distintos tipos de atenci\u00f3n que prestaban os hospitais na Idade Media, haber\u00eda que distinguir:<\/p>\n<ul>\n<li><strong><em>Os hospicios<\/em><\/strong>. Dedic\u00e1base principalmente ao coidado de pobres e orfos. Moitos deles tam\u00e9n atend\u00edan aos enfermos da comarca.<\/li>\n<li><strong><em>Os refuxios o albergues<\/em><\/strong>. Orientado \u00e1 atenci\u00f3n de peregrinos e cami\u00f1antes. Situado en cami\u00f1os importantes ou en rutas de peregrinaci\u00f3n. \u00c1s veces reun\u00edanse nos mosteiros.<\/li>\n<li><strong><em>As colonias de leprosos<\/em><\/strong>. Onde ingresaban enfermos de lepra, unha das enfermidades m\u00e1is temidas durante a Idade Media. Abundaron nos s\u00e9culos XI e XIII.<\/li>\n<li><strong><em>Os propios hospit<\/em><\/strong>ais ti\u00f1an mellores instalaci\u00f3ns que os hospicios pero mellor atenci\u00f3n, m\u00e1is grandes e illados.<\/li>\n<\/ul>\n<p>Non hai fidalgo que se prece que non doa parte da s\u00faa riqueza para estes fins. E toda persoa cun m\u00ednimo de capacidade econ\u00f3mica e sentido social imitaba este xesto.<\/p>\n<p>Os hospitais tam\u00e9n contemplaron a situaci\u00f3n de desamparo destes pequenos. Alg\u00fans deles chegaron cando ti\u00f1an dous, tres ou cinco anos, pero outros eran beb\u00e9s de meses que perderan a s\u00faa nai no parto ou na \u00e9poca de lactancia e se atopaban nunha situaci\u00f3n de extrema necesidade. Para iso contaban con nodrizas mercenarias que levaban os nenos \u00e1 casa e amaitaban ata que os destetaban, momento no que o neno regresaba ao hospital para continuar a s\u00faa crianza al\u00ed mesmo ou ser entregado a familias de acollida. Alg\u00fans hospitais encarg\u00e1ronse tam\u00e9n de educar a estes menores, evitando as\u00ed que caesen na mendicidade e na delincuencia. Deste xeito proporcion\u00e1ronlle ao neno unha instruci\u00f3n b\u00e1sica que lle permitise integrarse eficazmente na sociedade. Para iso, o hospital contou con profesorado ou buscou unha persoa para cumprir esa funci\u00f3n, traspas\u00e1ndolles, mediante contrato de aprendizaxe ou de traballo, a responsabilidade do menor ata a idade adulta. Estas funci\u00f3ns que cumpr\u00edan alg\u00fans hospitais xerais como actividade secundaria foron, en cambio, o principal motivo de fundaci\u00f3n doutros.<\/p>\n<p>Ademais, as confrar\u00edas relixioso-caritativas tam\u00e9n cumpr\u00edan unha funci\u00f3n asistencial con respecto aos nenos marxinados. Son colectivos de car\u00e1cter xeral que agrupan a membros sen distinguir clases nin profesi\u00f3ns. Entre os seus irm\u00e1ns prevalec\u00eda a axuda mutua, pero tam\u00e9n ti\u00f1an a obriga de coidar dos pobres alleos. Os irm\u00e1ns pagaban cotas e ti\u00f1an dereito a axuda en caso de pobreza, enfermidade ou morte.<\/p>\n<p>O colectivo orfo era moi vulnerable e os seus membros adoitaban ser v\u00edtimas das manobras da propia familia de sangue. Por iso, tanto nas familias da nobreza como no patriciado urbano, o m\u00e1is habitual era evitar que a tutela e curatela destes recaese nunha soa persoa para evitar o menoscabo ou perda do patrimonio dos herdeiros por raz\u00f3ns individuais. mala xesti\u00f3n. As\u00ed, na maior\u00eda dos casos, son os xulgados locais os que designan a un familiar directo ou outras persoas de reco\u00f1ecido prestixio para que velen polos menores e o seu patrimonio, sempre en consonancia coas leis da \u00e9poca que tentan salvagardar os intereses dos m\u00e1is vulnerables.<\/p>\n<p>Por outra banda, hai que falar do proceso tutelar. Neste sentido, os libros conmemorativos e as cartas p\u00fablicas de tutela e tutela constit\u00faen actos notariais de gran singularidade e riqueza para valorar a cuesti\u00f3n da orfandade e os seus efectos colaterais.<\/p>\n<p>A tutela \u00e9 a instituci\u00f3n cuxo obxectivo se centra na custodia dun menor e dos seus bens por ser incapaces de gobernarse por si mesmos. Tr\u00e1tase dunha figura xur\u00eddica que ten o seu fundamento no Dereito romano e que, no reino de Valencia, por exemplo, durou ata 15 anos para ambos os sexos, momento no que, en principio, a tutela decaeu.<\/p>\n<p>A tutela era, polo tanto, a facultade que a xurisdici\u00f3n outorgaba a determinadas persoas para coidar da persoa e dos bens do menor, mentres que o curador \u00e9 nomeado para ocuparse dos bens e dos negocios da persoa que, por ausencia ou discapacidade, non pode xestionarse nin coidar de si mesmo.<\/p>\n<p>A principal obriga do titor respecto dos orfos \u00e9 proporcionarlles alimentos e representaci\u00f3n legal, debendo conservar e administrar adecuadamente o patrimonio dos menores e os froitos que estes ben produzan. Retribu\u00eduse o cargo de titor, e ao final da tutela entreg\u00e1ronse os bens segundo o inventario. Unha vez realizada esta actuaci\u00f3n, deb\u00eda rendir conta dos beneficios obtidos, dos que naturalmente era necesario deducir os gastos. Finalizada a tutela, o titor enfr\u00f3ntase aos danos causados \u200b\u200bno patrimonio dos orfos, sempre que se acreditase a neglixencia.<\/p>\n<p><img loading=\"lazy\" decoding=\"async\" class=\"size-medium wp-image-13887 aligncenter\" src=\"https:\/\/recreacionhistoria.com\/wp-content\/uploads\/2023\/06\/Nino-jugando-Edad-Media-300x209.jpg\" alt=\"\" width=\"300\" height=\"209\" title=\"\" srcset=\"https:\/\/recreacionhistoria.com\/wp-content\/uploads\/2023\/06\/Nino-jugando-Edad-Media-300x209.jpg 300w, https:\/\/recreacionhistoria.com\/wp-content\/uploads\/2023\/06\/Nino-jugando-Edad-Media.jpg 474w\" sizes=\"(max-width: 300px) 100vw, 300px\" \/><\/p>\n<p>&nbsp;<\/p>\n<h2><strong>Conclusi\u00f3ns<\/strong><\/h2>\n<p>Existe a percepci\u00f3n moi estendida de que, na Idade Media, os nenos non eran valorados polas s\u00faas familias nin polo conxunto da sociedade. Quizais en ning\u00fan momento da historia os beb\u00e9s, os nenos pequenos e os nenos abandonados foron sentimentalizados como a cultura moderna, pero iso non significa necesariamente que os nenos fosen infravalorados en tempos anteriores.<\/p>\n<p>Poucos aspectos da vida na Idade Media poden ser m\u00e1is dif\u00edciles de determinar que a natureza e a profundidade dos lazos afectivos entre os membros da familia. Quizais sexa natural que asumimos que nunha sociedade que valora moito os seus membros m\u00e1is novos, a maior\u00eda dos pais amaban aos seus fillos. S\u00f3 a biolox\u00eda suxerir\u00eda un v\u00ednculo entre un neno e a nai que o aleitou.<\/p>\n<p><img loading=\"lazy\" decoding=\"async\" class=\"size-medium wp-image-13889 aligncenter\" src=\"https:\/\/recreacionhistoria.com\/wp-content\/uploads\/2023\/06\/Ninos_Edad_Media-289x300.jpg\" alt=\"\" width=\"289\" height=\"300\" title=\"\" srcset=\"https:\/\/recreacionhistoria.com\/wp-content\/uploads\/2023\/06\/Ninos_Edad_Media-289x300.jpg 289w, https:\/\/recreacionhistoria.com\/wp-content\/uploads\/2023\/06\/Ninos_Edad_Media.jpg 462w\" sizes=\"(max-width: 289px) 100vw, 289px\" \/><\/p>\n<p>&nbsp;<\/p>\n<p>E a\u00ednda as\u00ed, teorizouse que o afecto faltaba en gran medida na casa medieval. Algunhas das raz\u00f3ns que se expuxeron para apoiar esta noci\u00f3n incl\u00faen o infanticidio desenfrenado, a alta mortalidade infantil, o uso do traballo infantil e a disciplina extrema.<\/p>\n<p>Como dixemos en apartados anteriores, durante a Idade Media o coidado dos orfos adoitaba ser asignado aos mosteiros. De todos os xeitos, moitos dos orfanatos practicaban alg\u00fan tipo de forma para rematar coa sua vinculaci\u00f3n, isto significaba que cando os nenos eran o suficientemente maduros convert\u00edanse en aprendices dos fogares. Isto garantir\u00eda o seu apoio e a s\u00faa aprendizaxe dunha profesi\u00f3n. Na Europa medieval, o coidado dos orfos adoitaba residir coa Igrexa.As Leis de Pobres Isabelinos foron promulgadas na \u00e9poca da Reforma, po\u00f1endo a responsabilidade p\u00fablica sobre as parroquias individuais para coidalas. Na segunda metade do s\u00e9culo XVI aparecen os primeiros orfanatos no norte de Europa.<\/p>\n<p>&nbsp;<\/p>\n<p>E rematamos esta publicaci\u00f3n confiando en que, a pesar da s\u00faa longa extensi\u00f3n, resultou do voso interese, e nese caso gustar\u00edanos que nolo avisades premendo no bot\u00f3n <strong>&#8220;G\u00fastame&#8221;.<\/strong> Ademais, recomend\u00e1mosche que fagas calquera comentario e, se est\u00e1s interesado, subscr\u00edbete gratuitamente ao Bolet\u00edn do Blog para estar sempre informado sobre as novas publicaci\u00f3ns do Blog.<\/p>\n<p>Por \u00faltimo, se che gustou o suficiente para compartilo nas t\u00faas redes sociais, estar\u00edamos moi encantados de que o fixeras.<\/p>\n<p>&nbsp;<\/p>\n<h2><strong>A nosa recomendaci\u00f3n de hoxe<\/strong><\/h2>\n<p><iframe style=\"width: 120px; height: 240px;\" src=\"\/\/rcm-eu.amazon-adsystem.com\/e\/cm?lt1=_blank&amp;bc1=000000&amp;IS2=1&amp;bg1=FFFFFF&amp;fc1=000000&amp;lc1=0000FF&amp;t=historia0bc-21&amp;language=es_ES&amp;o=30&amp;p=8&amp;l=as4&amp;m=amazon&amp;f=ifr&amp;ref=as_ss_li_til&amp;asins=8434417332&amp;linkId=a6ae828d47f05e47b85554a23285b6e8\" frameborder=\"0\" marginwidth=\"0\" marginheight=\"0\" scrolling=\"no\" sandbox=\"allow-popups allow-scripts allow-modals allow-forms allow-same-origin\"><\/iframe><\/p>\n<p>&nbsp;<\/p>\n<p><iframe style=\"width: 120px; height: 240px;\" src=\"\/\/rcm-eu.amazon-adsystem.com\/e\/cm?lt1=_blank&amp;bc1=000000&amp;IS2=1&amp;bg1=FFFFFF&amp;fc1=000000&amp;lc1=0000FF&amp;t=historia0bc-21&amp;language=es_ES&amp;o=30&amp;p=8&amp;l=as4&amp;m=amazon&amp;f=ifr&amp;ref=as_ss_li_til&amp;asins=8496940004&amp;linkId=f71db056d68140883645e3a2de9e0dc7\" frameborder=\"0\" marginwidth=\"0\" marginheight=\"0\" scrolling=\"no\" sandbox=\"allow-popups allow-scripts allow-modals allow-forms allow-same-origin\"><\/iframe><\/p>\n<p>&nbsp;<\/p>\n<h2><strong>Referencias<\/strong><\/h2>\n<p>La vida infantil en la Edad Media. RevistaAnahgramas. De S\u00e1nchez Rold\u00e1n, M.<\/p>\n<p>La infancia en la Espa\u00f1a Medieval. Univ.Cat\u00f3lica Argentina. De Nora Arro\u00f1ada, S.<\/p>\n<p>J\u00f3venes hu\u00e9rfanos en el Maestrazgo medieval\u2026 De Aparici Mart\u00ed, J. y Villanueva Morte, C.<\/p>\n<p><a href=\"https:\/\/historia.nationalgeographic.com.es\" target=\"_blank\" rel=\"noopener\">https:\/\/historia.nationalgeographic.com.es<\/a><\/p>\n<p><a href=\"https:\/\/www.historylatam.com\" target=\"_blank\" rel=\"noopener\">https:\/\/www.historylatam.com<\/a><\/p>\n","protected":false},"excerpt":{"rendered":"<p>Teorizouse que o afecto faltaba en gran medida na casa medieval. Algunhas das raz\u00f3ns que se expuxeron para apoiar esta noci\u00f3n incl\u00faen o infanticidio desenfrenado, a alta mortalidade infantil, o uso do traballo infantil e a disciplina extrema.<\/p>\n","protected":false},"author":2,"featured_media":13882,"comment_status":"open","ping_status":"open","sticky":false,"template":"","format":"standard","meta":{"_monsterinsights_skip_tracking":false,"_monsterinsights_sitenote_active":false,"_monsterinsights_sitenote_note":"","_monsterinsights_sitenote_category":0,"footnotes":""},"categories":[391,222,221],"tags":[407,229,271,531,2995,537,1030,210,862,2996,392,237],"class_list":["post-13897","post","type-post","status-publish","format-standard","has-post-thumbnail","hentry","category-edad-media-gl","category-idade-media","category-recuncho-da-historia","tag-costumbres-gl","tag-costumes","tag-curiosidades-historicas-gl","tag-edad-media-gl","tag-huerfano-gl","tag-idade-media","tag-infancia-gl","tag-medieval-gl","tag-medievo-gl","tag-orfo","tag-sociedad-gl","tag-sociedade","category-391","category-222","category-221","description-off"],"_links":{"self":[{"href":"https:\/\/recreacionhistoria.com\/gl\/wp-json\/wp\/v2\/posts\/13897","targetHints":{"allow":["GET"]}}],"collection":[{"href":"https:\/\/recreacionhistoria.com\/gl\/wp-json\/wp\/v2\/posts"}],"about":[{"href":"https:\/\/recreacionhistoria.com\/gl\/wp-json\/wp\/v2\/types\/post"}],"author":[{"embeddable":true,"href":"https:\/\/recreacionhistoria.com\/gl\/wp-json\/wp\/v2\/users\/2"}],"replies":[{"embeddable":true,"href":"https:\/\/recreacionhistoria.com\/gl\/wp-json\/wp\/v2\/comments?post=13897"}],"version-history":[{"count":3,"href":"https:\/\/recreacionhistoria.com\/gl\/wp-json\/wp\/v2\/posts\/13897\/revisions"}],"predecessor-version":[{"id":13900,"href":"https:\/\/recreacionhistoria.com\/gl\/wp-json\/wp\/v2\/posts\/13897\/revisions\/13900"}],"wp:featuredmedia":[{"embeddable":true,"href":"https:\/\/recreacionhistoria.com\/gl\/wp-json\/wp\/v2\/media\/13882"}],"wp:attachment":[{"href":"https:\/\/recreacionhistoria.com\/gl\/wp-json\/wp\/v2\/media?parent=13897"}],"wp:term":[{"taxonomy":"category","embeddable":true,"href":"https:\/\/recreacionhistoria.com\/gl\/wp-json\/wp\/v2\/categories?post=13897"},{"taxonomy":"post_tag","embeddable":true,"href":"https:\/\/recreacionhistoria.com\/gl\/wp-json\/wp\/v2\/tags?post=13897"}],"curies":[{"name":"wp","href":"https:\/\/api.w.org\/{rel}","templated":true}]}}