{"id":13051,"date":"2026-04-09T15:39:05","date_gmt":"2026-04-09T14:39:05","guid":{"rendered":"https:\/\/recreacionhistoria.com\/?p=13051"},"modified":"2026-04-09T15:39:05","modified_gmt":"2026-04-09T14:39:05","slug":"julio-cesar","status":"publish","type":"post","link":"https:\/\/recreacionhistoria.com\/gl\/julio-cesar\/","title":{"rendered":"Julio C\u00e9sar, o l\u00edder que transformou Roma"},"content":{"rendered":"<p>Na longa historia do Imperio Romano, sen d\u00fabida unha das partes que atrae moito interese son os cambios na s\u00faa forma de goberno, pasando de ser Rep\u00fablica a converterse en Imperio. E nesta parte da s\u00faa historia atopamos un gran n\u00famero de personaxes de gran relevancia. Hoxe imos centrarnos nun deles,<strong><em> Julio C\u00e9sar.<\/em><\/strong><\/p>\n<p>Julio C\u00e9sar foi un reco\u00f1ecido soldado, pol\u00edtico, prosista, orador e estratega que conseguiu impo\u00f1erse ante as instituci\u00f3ns republicanas, adquirindo as\u00ed o control total do poder para exercer unha serie de reformas que aumentaron a influencia de Roma no Mediterr\u00e1neo.<\/p>\n<p>Imos saber m\u00e1is sobre el.<\/p>\n<p><img decoding=\"async\" class=\"size-medium wp-image-13035 aligncenter\" src=\"https:\/\/recreacionhistoria.com\/wp-content\/uploads\/2023\/03\/Julio-Cesar-165x300.jpg\" alt=\"\" width=\"165\" height=\"300\" title=\"\" srcset=\"https:\/\/recreacionhistoria.com\/wp-content\/uploads\/2023\/03\/Julio-Cesar-165x300.jpg 165w, https:\/\/recreacionhistoria.com\/wp-content\/uploads\/2023\/03\/Julio-Cesar.jpg 220w\" sizes=\"(max-width: 165px) 100vw, 165px\" \/><\/p>\n<p>&nbsp;<\/p>\n<h2><strong>Biograf\u00eda de Julio C\u00e9sar<\/strong><\/h2>\n<p>O noso protagonista, cuxo nome completo era Gaivs Ivlivs Caesar, en castel\u00e1n Gayo Julio C\u00e9sar, naceu o 12 ou 13 (segundo outras fontes ser\u00eda o 3) de xullo do ano 100 a.C. Era fillo do senador Gayo Julio C\u00e9sar, e de Aurelia. Naceu no seo dunha familia patricia, da gens <em>Iulia ou Xulia<\/em>, un dos clans m\u00e1is antigos de Roma, e que se presum\u00eda descendente de Iulus, que segundo a mitolox\u00eda romana, era neto da deusa Venus. Os clans romanos, que afund\u00edan as s\u00faas ra\u00edces nos fundadores da cidade, formaban a clase patricia ou aristocr\u00e1tica, que compart\u00eda, como \u00e9 l\u00f3xico, o poder da Rep\u00fablica. As\u00ed, formar alianzas entre estas xens, especialmente a trav\u00e9s do matrimonio, foi fundamental para sobrevivir politicamente no complexo n\u00f3 de conspiraci\u00f3ns que conformaron a realidade romana.<\/p>\n<p>Os antepasados \u200b\u200bde Julio C\u00e9sar non alcanzaran o cumio do <em>cursus honorum<\/em>.Foi a trav\u00e9s do matrimonio da s\u00faa t\u00eda Xulia co l\u00edder do partido popular, Caio Mario, que C\u00e9sar e a s\u00faa familia comezaron a codearse cos pol\u00edticos de Roma.<\/p>\n<p>A pesar da s\u00faa nobre orixe, a familia Julia viv\u00eda nun dos barrios m\u00e1is pobres da cidade.<\/p>\n<p>Non hai constancia fidedigna dos seus primeiros anos de vida, a\u00ednda que parece ser que viviu nunha familia patricia. Cando ti\u00f1a dez anos pasou ao coidado dun mestre, Marco Antonio Gnif\u00f3n, que o formou na literatura romana e grega. Tam\u00e9n aprender\u00eda a falar en p\u00fablico.<\/p>\n<p>C\u00e9sar era un rapaz inquedo que pronto seguiu os pasos pol\u00edticos do seu t\u00edo, Cayo Mario.<\/p>\n<div id=\"attachment_13031\" style=\"width: 231px\" class=\"wp-caption aligncenter\"><img fetchpriority=\"high\" decoding=\"async\" aria-describedby=\"caption-attachment-13031\" class=\"size-medium wp-image-13031\" src=\"https:\/\/recreacionhistoria.com\/wp-content\/uploads\/2023\/03\/Cayo_Mario-221x300.jpg\" alt=\"Cayo Mario\" width=\"221\" height=\"300\" title=\"\" srcset=\"https:\/\/recreacionhistoria.com\/wp-content\/uploads\/2023\/03\/Cayo_Mario-221x300.jpg 221w, https:\/\/recreacionhistoria.com\/wp-content\/uploads\/2023\/03\/Cayo_Mario.jpg 300w\" sizes=\"(max-width: 221px) 100vw, 221px\" \/><p id=\"caption-attachment-13031\" class=\"wp-caption-text\"><em>Cayo Mario<\/em><\/p><\/div>\n<p>&nbsp;<\/p>\n<p>Con 15 anos, Julio C\u00e9sar casou con Cornelia, filla de Cinna, unha das dirixentes do partido popular. C\u00e9sar tivo con ela unha filla, Julia, \u00e1 que estivo ligado toda a vida e pola que sempre sentiu un profundo cari\u00f1o, a pesar de que a s\u00faa relaci\u00f3n matrimonial con Cornelia foi case circunstancial.<\/p>\n<p>Nese ano, o romano foi nomeado <em>flamen dialis<\/em>, ou o que \u00e9 o mesmo, sacerdote do deus X\u00fapiter, o m\u00e1is importante dos deuses romanos. Pouco tempo despois, o seu pai morreu.<\/p>\n<p>Ao redor do ano 84 a.C., o xeneral Sila, l\u00edder dos conservadores, volveu a Roma. Rematou con parte dos pol\u00edticos populares e perseguiu aos partidarios do exiliado Mario, polo que ameazou a Julio C\u00e9sar, quen esixiu que repudiara a Cornelia. C\u00e9sar respondeu ao mensaxeiro de Sila coa famosa frase <em>&#8220;dille ao teu amo que s\u00f3 C\u00e9sar goberna en C\u00e9sar&#8221;.<\/em> Ante a situaci\u00f3n creada, C\u00e9sar optou por exiliarse en Asia, onde comezar\u00eda a s\u00faa carreira militar participando na guerra contra Mitr\u00edades VI do reino p\u00f3ntico.<\/p>\n<div id=\"attachment_13045\" style=\"width: 205px\" class=\"wp-caption aligncenter\"><img decoding=\"async\" aria-describedby=\"caption-attachment-13045\" class=\"size-medium wp-image-13045\" src=\"https:\/\/recreacionhistoria.com\/wp-content\/uploads\/2023\/03\/Sila-195x300.jpg\" alt=\"Sila\" width=\"195\" height=\"300\" title=\"\" srcset=\"https:\/\/recreacionhistoria.com\/wp-content\/uploads\/2023\/03\/Sila-195x300.jpg 195w, https:\/\/recreacionhistoria.com\/wp-content\/uploads\/2023\/03\/Sila.jpg 208w\" sizes=\"(max-width: 195px) 100vw, 195px\" \/><p id=\"caption-attachment-13045\" class=\"wp-caption-text\"><em>Sila<\/em><\/p><\/div>\n<p>&nbsp;<\/p>\n<p>C\u00e9sar foi perseguido e p\u00faxoselle un prezo \u00e1 cabeza. Anos m\u00e1is tarde, Sila perdoou <em>&#8220;o mozo da toga solta&#8221;,<\/em> ep\u00edteto que alud\u00eda ao h\u00e1bito de C\u00e9sar de non axustar o cinto da s\u00faa toga, que as\u00ed ca\u00eda libremente, segundo un costume que ent\u00f3n se consideraba pouco viril. C\u00e9sar volveu a Roma no 78 a.C., cando morreu Sila. C\u00e9sar, na s\u00faa curta vida, xa ti\u00f1a adquirido bastante experiencia nos asuntos p\u00fablicos e exercera a s\u00faa capacidade de mando.<\/p>\n<p>Comezou sendo cuestor, no ano 68, \u00e9 dicir, supervisaba impostos; Despois chegou a alcalde, e encargouse da administraci\u00f3n da cidade e da seguridade cidad\u00e1. Hai que dicir que a pol\u00edtica da \u00e9poca estaba plagada de enganos, asasinatos e loitas de poder nas que Julio C\u00e9sar estivo <em>plenamente implicado. Nos anos seguintes acadar\u00eda diferentes cargos ata acadar o m\u00e1ximo Pontifex maximus<\/em>, e logo C\u00f3nsul.<\/p>\n<p>Entre os anos 49 e 45 a.C. prod\u00facese a guerra civil. C\u00e9sar derrotou a Pompeio, que morrer\u00eda a mans dos soldados de Ptolomeo, irm\u00e1 de Cleopoatra, en Alexandr\u00eda.C\u00e9sar chegou a Exipto e viviu unha relaci\u00f3n con Cleopatra, froito do dobre Cesari\u00f3n nacer\u00eda.<\/p>\n<p>Despois de anos con diferentes encontros b\u00e9licos, C\u00e9sar en marzo do ano 45 C\u00e9sar enviou ao Senado romano un famoso e lac\u00f3nico relato dos feitos: <em>&#8220;veni, vidi, vinci&#8221;<\/em> (cheguei, vin, conquistei). E \u00e9 que C\u00e9ar nunca foi derrotado persoalmente en ning\u00fan combate no que tivese, a\u00ednda que o fosen alg\u00fans dos seus xenerais.<\/p>\n<p>C\u00e9sar conv\u00e9rtese no propietario absoluto da Rep\u00fablica Romana e do mundo mediterr\u00e1neo. C\u00e9sar foi imperador e ditador.<\/p>\n<p>Morreu no ano 44 a.C., nos <em>idus de marzo<\/em>, acoitelado no Senado, v\u00edtima dunha conspiraci\u00f3n.<\/p>\n<p>&nbsp;<\/p>\n<h2><strong>Traxectoria pol\u00edtica e militar de Julio C\u00e9sar<\/strong><\/h2>\n<p>Julio C\u00e9sar comezou a s\u00faa andaina pol\u00edtica desde o momento en que unha das s\u00faas t\u00edas casou con Cayo Mario. M\u00e1is tarde quedar\u00eda baixo a protecci\u00f3n do propretor de Asia, e despois de regresar a Roma e da morte de Sila, comezou a levar unha importante carreira nas cortes grazas \u00e1 s\u00faa gran capacidade oratoria.<\/p>\n<p>Xa desde moi novo, con tan s\u00f3 27 anos, ingresou no colexio pont\u00edfice, unha das instituci\u00f3ns m\u00e1is importantes de Roma, e progresar\u00eda na s\u00faa carreira ata ser nomeado pretor. Desenvolver\u00eda como avogado ata aproximadamente o 71 a.C. A partir de ent\u00f3n \u00e9 cando comezou o seu <em>cursuso honorum<\/em> ao ser nomeado tribuno militar, e pouco despois <em>pontifex.<\/em><\/p>\n<p>Julio C\u00e9sar foi elixido Cuestor e enviado a Hispania Ulterior no 69 a. C., cando ti\u00f1a 30 anos. As funci\u00f3ns dos cuestores eran similares \u00e1s dos xu\u00edces modernos e trataban de asuntos como o asasinato ou a traiz\u00f3n.<\/p>\n<p>No 63 a.C. f\u00edxose edil. E dous anos m\u00e1is tarde acadar\u00eda o rango de Pont\u00edfice M\u00e1ximo, o cargo relixioso m\u00e1is importante de Roma, conseguindo as\u00ed un impulso na s\u00faa carreira pol\u00edtica. Desde ese momento a s\u00faa casa foi a <em>Domus Publica<\/em> e tam\u00e9n asumiu a responsabilidade como pai da familia Vestal.<\/p>\n<p>No 60 a.C. \u00fanese con Pompeio e Craso e nace o triunvirato, sobre o que ampliaremos un pouco m\u00e1is no seguinte apartado desta publicaci\u00f3n.<\/p>\n<p>Julio C\u00e9sar pertenc\u00eda \u00e1 facci\u00f3n pol\u00edtica popular, que o apoiou nas elecci\u00f3ns ao Consulado do ano 59 a.C. C., na que a vitoria de C\u00e9sar foi indubidable.<\/p>\n<p>No 58 a.C. C., Julio C\u00e9sar foi enviado como proc\u00f3nsul \u00e1 Galia Transalpina e Iliria, e despois \u00e1 Galia Cisalpina durante 5 anos. Nese momento comezaron as acci\u00f3ns militares contra os helvecios e as\u00ed comezou a Guerra das Galias. E, despois de case unha d\u00e9cada de campa\u00f1a, Julio C\u00e9sar conseguiu conquistar o que hoxe se co\u00f1ece como Holanda, Francia e Su\u00edza, as\u00ed como partes de Alema\u00f1a e B\u00e9lxica. Tam\u00e9n entrou en terras bretonas en dous breves instantes.<\/p>\n<p>A Rep\u00fablica Romana volveu estar indignada pola guerra civil. Pompeio e Julio C\u00e9sar mediron forzas entre os anos 49 a. C. e 45 a. C. No 47 a.C. someteu a Asia Menor e volveu a Roma como ditador. O poder de C\u00e9sar era a s\u00faa posici\u00f3n como ditador <em>\u201cvitalicio\u201d.<\/em><\/p>\n<p>&nbsp;<\/p>\n<h2><strong>O triunvirato<\/strong><\/h2>\n<p>Nun momento no que a Rep\u00fablica se atopaba nunha situaci\u00f3n desesperada, formouse o triunvirato, \u00e9 dicir, a alianza que entre o 60 e o 53 a.C.Mantiveron Julio Caesar, Geo Pompeyo Magno e Marco Licinio Crassus, dominando a pol\u00edtica da Rep\u00fablica Romana.<\/p>\n<div id=\"attachment_13039\" style=\"width: 243px\" class=\"wp-caption aligncenter\"><img loading=\"lazy\" decoding=\"async\" aria-describedby=\"caption-attachment-13039\" class=\"wp-image-13039 size-medium\" src=\"https:\/\/recreacionhistoria.com\/wp-content\/uploads\/2023\/03\/Marco-Licinio-Craso-233x300.jpg\" alt=\"Marco Licinio Craso\" width=\"233\" height=\"300\" title=\"\" srcset=\"https:\/\/recreacionhistoria.com\/wp-content\/uploads\/2023\/03\/Marco-Licinio-Craso-233x300.jpg 233w, https:\/\/recreacionhistoria.com\/wp-content\/uploads\/2023\/03\/Marco-Licinio-Craso-794x1024.jpg 794w, https:\/\/recreacionhistoria.com\/wp-content\/uploads\/2023\/03\/Marco-Licinio-Craso-768x991.jpg 768w, https:\/\/recreacionhistoria.com\/wp-content\/uploads\/2023\/03\/Marco-Licinio-Craso-1191x1536.jpg 1191w, https:\/\/recreacionhistoria.com\/wp-content\/uploads\/2023\/03\/Marco-Licinio-Craso.jpg 1200w\" sizes=\"(max-width: 233px) 100vw, 233px\" \/><p id=\"caption-attachment-13039\" class=\"wp-caption-text\"><em>Marco Licinio Craso<\/em><\/p><\/div>\n<p>&nbsp;<\/p>\n<p>Os primeiros anos do triunvirato foron a\u00ednda m\u00e1is fortes polo matrimonio de C\u00e9sar con Pompeia, a filla de Pompeio. Por\u00e9n, pouco despois renegou dela por crer que lle fora infiel, algo que nunca se demostrou. Malia non condenar a s\u00faa muller por adulterio, deixouna coa famosa frase <em>&#8220;A muller de C\u00e9sar non s\u00f3 ten que ser fiel, sen\u00f3n que tam\u00e9n parece ser&#8221;.<\/em><\/p>\n<p>Pompeyo necesitaba terras para os seus veteranos, Craso quer\u00eda un proconsulado para obter beneficios econ\u00f3micos e gloria. Mentres tanto, C\u00e9sar pod\u00eda aproveitar a influencia do primeiro e a riqueza do segundo para manterse no poder.<\/p>\n<p>Co tempo, as diferenzas entre os membros da alianza e a s\u00faa cobiza persoal significar\u00edan a perdici\u00f3n do triunvirato.<\/p>\n<p>No ano 52 a.C., cando Craso morreu, Pompeu foi nomeado c\u00f3nsul \u00fanico. Decidiu acabar co poder de C\u00e9sar, incitado por Pompeio, o Senado pediu a C\u00e9sar que renunciase ao seu mando e disolvese o seu ex\u00e9rcito ou ser\u00eda considerado un inimigo p\u00fablico. Os tribunos, que eran axentes de C\u00e9sar, vetaron esta moci\u00f3n, pero foron expulsados \u200b\u200bdo Senado. As forzas de Pompeio, moi superiores \u00e1s de C\u00e9sar, estaban espalladas polas provincias e as s\u00faas tropas na pen\u00ednsula italiana non estaban preparadas para a guerra.<\/p>\n<p>Comezou a guerra civil.<\/p>\n<p>&nbsp;<\/p>\n<h2><strong>A guerra civil<\/strong><\/h2>\n<p>O inmenso poder acumulado por C\u00e9sar provocou o p\u00e1nico do partido senatorial, os seus inimigos habituais. Por outra banda, moitos republicanos viron neste poder o perigo m\u00e1is grave para a Rep\u00fablica. O Senado nomeou a Pompeio como c\u00f3nsul \u00fanico no 52 a. C., e cando o bando senatorial volveu sentirse forte, entre o 51 e o 50 a. C., Pompeio (agora inimigo de C\u00e9sar) pediulle que despedise as s\u00faas lexi\u00f3ns e regresase a Roma. E \u00e9 que Pompeyo non estaba nada satisfeito coas reformas propostas por C\u00e9sar, en consonancia co seu ideario popular. Pompeu al\u00edase, pois, cos optimates, a facci\u00f3n contraria que apoia as vellas tradici\u00f3ns da Rep\u00fablica e o control dos nobres. C\u00e9sar \u00e9 un individuo demasiado ruidoso e as s\u00faas ideas van en contra dos costumes romanos. Ademais, \u00e9 incriblemente popular. Nunha palabra: C\u00e9sar \u00e9 perigoso.<\/p>\n<p>A guerra durou 4 anos e cubriu o territorio de toda a Rep\u00fablica, inclu\u00eddos os territorios m\u00e1is al\u00f3 das fronteiras romanas. C\u00e9sar sempre contou co apoio da xente, e iso foi salientable neste per\u00edodo tan particular da historia. As cidades abr\u00edronlle as s\u00faas portas e recib\u00edrono como un heroe: &#8220;as aldeas saud\u00e1rono como un deus&#8221;, segundo Cicer\u00f3n, mentres C\u00e9sar avanzaba pola pen\u00ednsula italiana cara a Roma.<\/p>\n<p>Ent\u00f3n C\u00e9sar at\u00f3pase diante do pequeno r\u00edo Rubic\u00f3n que separa a Galia Cisalpina de Italia, e pronuncia a citada frase: alea jacta est. As\u00ed comezar\u00eda a guerra civil, xa que C\u00e9sar ocupou varios territorios e dirixiuse a Br\u00edndisi para interceptar o paso de Pompeio.Ante este impetuoso avance, e a\u00ednda que contaba con tal n\u00famero de tropas que duplicaron as de C\u00e9sar, Pompeio fuxiu de Roma xunto cos senadores e maxistrados cara a Grecia. A estratexia de Pompeio e os seus \u00f3ptimos era reagruparse en Grecia e a partir de a\u00ed derrotar a C\u00e9sar cando \u00eda en busca deles. Mentres, C\u00e9sar, \u00e1 s\u00faa chegada a Roma, \u00e9 nomeado ditador, pero ao cabo de 11 d\u00edas deixa este cargo e \u00e9 declarado c\u00f3nsul, non porque non quixese este poder sen\u00f3n porque ti\u00f1a que xogar o seu xogo de forma aplacada para non para espertar o resentimento mon\u00e1rquico na sociedade.<\/p>\n<p><img loading=\"lazy\" decoding=\"async\" class=\"size-medium wp-image-13037 aligncenter\" src=\"https:\/\/recreacionhistoria.com\/wp-content\/uploads\/2023\/03\/Julio_Cesar_Rubicon-300x236.jpg\" alt=\"\" width=\"300\" height=\"236\" title=\"\" srcset=\"https:\/\/recreacionhistoria.com\/wp-content\/uploads\/2023\/03\/Julio_Cesar_Rubicon-300x236.jpg 300w, https:\/\/recreacionhistoria.com\/wp-content\/uploads\/2023\/03\/Julio_Cesar_Rubicon.jpg 420w\" sizes=\"(max-width: 300px) 100vw, 300px\" \/><\/p>\n<p>&nbsp;<\/p>\n<p>A batalla final ter\u00eda lugar en Farsalia en agosto do 48 a.C. C\u00e9sar ga\u00f1ou e Pompeio fuxiu a Alexandr\u00eda, onde morreu o 28 de setembro a mans dos soldados de Ptolomeo, que mantiveron unha disputa coa s\u00faa irm\u00e1 e muller, Cleopatra, polo trono de Exipto. Ao co\u00f1ecer o tr\u00e1xico final de Pompeio, C\u00e9sar chorou a s\u00faa morte.<\/p>\n<div id=\"attachment_13041\" style=\"width: 205px\" class=\"wp-caption aligncenter\"><img loading=\"lazy\" decoding=\"async\" aria-describedby=\"caption-attachment-13041\" class=\"size-medium wp-image-13041\" src=\"https:\/\/recreacionhistoria.com\/wp-content\/uploads\/2023\/03\/Pompeyo-195x300.jpg\" alt=\"Pompeyo\" width=\"195\" height=\"300\" title=\"\" srcset=\"https:\/\/recreacionhistoria.com\/wp-content\/uploads\/2023\/03\/Pompeyo-195x300.jpg 195w, https:\/\/recreacionhistoria.com\/wp-content\/uploads\/2023\/03\/Pompeyo.jpg 474w\" sizes=\"(max-width: 195px) 100vw, 195px\" \/><p id=\"caption-attachment-13041\" class=\"wp-caption-text\"><em>Pompeyo<\/em><\/p><\/div>\n<p>&nbsp;<\/p>\n<p>C\u00e9sar deulle o trono a Cleopatra (47 a.C.), que, xunto coa presenza de tropas romanas no pazo dos fara\u00f3ns e a deposici\u00f3n de Ptolomeo XIII, provocou que o pobo, dirixido polos fieis conselleiros do rei, se amotinara. colle o pazo. Durante catro meses, C\u00e9sar resistiu atrincheirado no palacio contra os sesenta mil homes do Aquiles exipcio.Finalmente, cando chegaron os reforzos dirixidos por Mitr\u00eddates desde P\u00e9rgamo, C\u00e9sar realizou unha das s\u00faas brillantes acci\u00f3ns militares e logrou romper o cerco exipcio para atoparse con Mitr\u00eddates, despois de que as s\u00faas forzas combinadas esnaquizaron \u00e1s tropas exipcias nunha sanguenta batalla naquel Ptolomeo. XIII morreu. Cleopatra trasladouse m\u00e1is tarde a Roma, onde viviu ata a morte do ditador.<\/p>\n<div id=\"attachment_13033\" style=\"width: 235px\" class=\"wp-caption aligncenter\"><img loading=\"lazy\" decoding=\"async\" aria-describedby=\"caption-attachment-13033\" class=\"size-medium wp-image-13033\" src=\"https:\/\/recreacionhistoria.com\/wp-content\/uploads\/2023\/03\/Cleopatra-225x300.jpg\" alt=\"Cleopatra\" width=\"225\" height=\"300\" title=\"\" srcset=\"https:\/\/recreacionhistoria.com\/wp-content\/uploads\/2023\/03\/Cleopatra-225x300.jpg 225w, https:\/\/recreacionhistoria.com\/wp-content\/uploads\/2023\/03\/Cleopatra-769x1024.jpg 769w, https:\/\/recreacionhistoria.com\/wp-content\/uploads\/2023\/03\/Cleopatra-768x1023.jpg 768w, https:\/\/recreacionhistoria.com\/wp-content\/uploads\/2023\/03\/Cleopatra.jpg 1153w\" sizes=\"(max-width: 225px) 100vw, 225px\" \/><p id=\"caption-attachment-13033\" class=\"wp-caption-text\"><em>Cleopatra<\/em><\/p><\/div>\n<p>&nbsp;<\/p>\n<p>En marzo de 1945 en Manda, e en abril de 1946 en Tapso, produc\u00edronse novos enfrontamentos coas forzas senatoriais.<\/p>\n<p>Ao seu regreso de Exipto, no 45 a.C., C\u00e9sar \u00e9 o propietario absoluto de Roma. Comeza a comportarse como un verdadeiro rei.<\/p>\n<p>&nbsp;<\/p>\n<h2><strong>O goberno de Roma con Julio C\u00e9sar<\/strong><\/h2>\n<p>Despois da guerra civil, Julio C\u00e9sar ofreceu indultos a case todos aqueles que foran os seus opositores. As\u00ed garantiu que, polo menos abertamente, ningu\u00e9n se opor\u00eda ao seu goberno. Pola contra, o Senado ofreceulle todo tipo de homenaxes e honras. Cando C\u00e9sar volveu, tiveron lugar grandes celebraci\u00f3ns pola s\u00faa vitoria. Por\u00e9n, moitos consideraron incorrecto celebrar o seu triunfo, xa que a disputa fora entre romanos e non con b\u00e1rbaros. Por iso s\u00f3 se lle concederon honras polo que loitara en cidades estranxeiras. Batallas de gladiadores, centos de feras feroces, batallas navais, desfiles nos que se mostraban prisioneiros estranxeiros encadeados e ata sacrificios humanos, foron alg\u00fans dos entretementos que C\u00e9sar ofrec\u00eda ao pobo romano nas s\u00faas festas.<\/p>\n<p>O proxecto que ti\u00f1a Julio C\u00e9sar era pacificar as provincias romanas para que a anarqu\u00eda que reinaba tivese freo. Ademais, quer\u00eda que Roma se convertese nunha unidade forte que inclu\u00eda todas as s\u00faas dependencias.<\/p>\n<p>Moitas leis foron aprobadas rapidamente tras o seu regreso \u00e1 capital, entre elas as que m\u00e1is conmoci\u00f3n provocaron foron as que tentaban intervir na vida privada das familias, como o n\u00famero de fillos que deb\u00edan procrear.<\/p>\n<p>Constru\u00eduse un foro na s\u00faa honra. Tam\u00e9n se reduciu a compra de alimentos subvencionados e promulg\u00e1ronse reformas agrarias que favoreceron coa terra os membros do ex\u00e9rcito de C\u00e9sar.<\/p>\n<p>Julio C\u00e9sar reorganizou o estado romano.Algunhas das reformas que impulsou foron unha maior vixilancia para evitar o abuso de poder nas provincias e o aumento da construci\u00f3n de obras p\u00fablicas.<\/p>\n<p>Na provincia da Galia, Julio C\u00e9sar parec\u00eda decidido a non intervir nos problemas b\u00e9licos, pero f\u00edxoo cando os seus habitantes o solicitaron. Os heduos comezaron a sentir a ameaza dos helvecios, que \u00e1 s\u00faa vez buscaban novos territorios, impulsados \u200b\u200bpola invasi\u00f3n dos alem\u00e1ns. As lexi\u00f3ns de C\u00e9sar acudiron en auxilio dos heduos, e derrotaron aos helvecios e suevos. Isto marcou o inicio da ocupaci\u00f3n sistem\u00e1tica da Galia polas forzas de C\u00e9sar. Sucesivamente todas as vilas galas foron sometidas. No medio desta loita, entre os anos 55 e 54 a.C., C\u00e9sar desembarcou en Inglaterra e loitou ata o T\u00e1mesis, pero finalmente tivo que retirarse. Ao ano seguinte, a Galia volveuse revolver. Sublev\u00e1ronse Eburones e Trevi\u00f1os, e finalmente todas as vilas galas, baixo o liderado de Vercinget\u00f3rix. As forzas de Vercing\u00e9torix foron asediadas durante moito tempo e finalmente derrotadas en Alesi, a\u00ednda que a total subxugaci\u00f3n s\u00f3 se logrou no inverno de decembro do 51 a febreiro do 50 a. C., despois de reducir os teimosos focos de resistencia.<\/p>\n<p><img loading=\"lazy\" decoding=\"async\" class=\"size-medium wp-image-13043 aligncenter\" src=\"https:\/\/recreacionhistoria.com\/wp-content\/uploads\/2023\/03\/Rendicion-Vercingetorix-300x259.jpg\" alt=\"\" width=\"300\" height=\"259\" title=\"\" srcset=\"https:\/\/recreacionhistoria.com\/wp-content\/uploads\/2023\/03\/Rendicion-Vercingetorix-300x259.jpg 300w, https:\/\/recreacionhistoria.com\/wp-content\/uploads\/2023\/03\/Rendicion-Vercingetorix-1024x883.jpg 1024w, https:\/\/recreacionhistoria.com\/wp-content\/uploads\/2023\/03\/Rendicion-Vercingetorix-768x662.jpg 768w, https:\/\/recreacionhistoria.com\/wp-content\/uploads\/2023\/03\/Rendicion-Vercingetorix.jpg 1236w\" sizes=\"(max-width: 300px) 100vw, 300px\" \/><\/p>\n<p>&nbsp;<\/p>\n<p>Os soldados romanos xurdiron enriquecidos destas campa\u00f1as; os oficiais, naturalmente, a\u00ednda m\u00e1is. C\u00e9sar limpou as s\u00faas finanzas, enriqueceu as arcas do Estado. Inundou a cidade de Roma con tanto ouro que o metal nobre se depreciou polo menos nun trinta por cento.Nas provincias eliminou o corrupto sistema fiscal, patrocinou o establecemento de colonias de veteranos e ampliou a cidadan\u00eda romana. Na metr\u00f3pole reorganizou as asembleas e aumentou o n\u00famero de senadores. Moitas das familias senatoriais sentiron que C\u00e9sar ameazaba as s\u00faas posici\u00f3ns; A honra e os poderes de C\u00e9sar fix\u00e9ronlles temer que quer\u00eda ser rex (rei), t\u00edtulo que odiaban como republicanos.<\/p>\n<p>Tam\u00e9n levou ao Senado \u00e1 s\u00faa m\u00e1xima expresi\u00f3n, con 900 escanos, a\u00ednda que a maior\u00eda eran os seus partidarios, transformando este \u00f3rgano lexislativo nun administrativo. Permitiu que o pobo elixise os seus maxistrados, ademais de reformas nas lexi\u00f3ns, permitindo a contrataci\u00f3n de estranxeiros, e puxo en marcha un censo de poboaci\u00f3n intenso e rigoroso.<\/p>\n<p>En materia agraria Julio C\u00e9sar mantivo unha lexislaci\u00f3n progresista. Votou por leis para o reparto de terras aos veteranos e para o asentamento de colonos en terras conquistadas, unha pr\u00e1ctica que m\u00e1is tarde se estendeu por toda Italia, outorg\u00e1ndolles tam\u00e9n aos colonos a plena nacionalidade romana.<\/p>\n<p>Noutra orde de cousas, perfeccionou o calendario etrusco, e tam\u00e9n engadiu un ano bisiesto cada catro anos, creando o que se co\u00f1ece como calendario xuliano.<\/p>\n<p>&nbsp;<\/p>\n<h2><strong>O idus de marzo<\/strong><\/h2>\n<p>A pesar das reformas realizadas por Julio C\u00e9sar, a s\u00faa carreira e posici\u00f3n non foron vistas favorablemente. Moitos estaban convencidos de que se converter\u00eda nun tirano, e mesmo de que, influenciado por Cleopatra, establecer\u00eda Alexandr\u00eda como nova capital.<\/p>\n<p>Cada vez acadaba m\u00e1is riqueza e os seus inimigos aseguraban que con iso decidir\u00eda levar a coroa, polo que ti\u00f1an que eliminalo antes do 18 de marzo, data na que se reunir\u00eda co seu ex\u00e9rcito e ser\u00eda inalcanzable.<\/p>\n<p>Como anticipamos no par\u00e1grafo dedicado \u00e1 s\u00faa biograf\u00eda, Julio C\u00e9sar foi asasinado o 15 de marzo do 44 a.C. no Senado. Foi v\u00edtima dunha conspiraci\u00f3n que fora ideada por varios senadores que se opo\u00f1en a el e \u00e1s s\u00faas ambici\u00f3ns autocr\u00e1ticas.Marco Licinio Bruto, Lucio Tulio Cimbrio, D\u00e9cimo Junio, Cayo Casio, Servicio Sulpicio Galba e varios homes m\u00e1is foron os encargados de idear o plan e finalmente morreu a pu\u00f1aladas.<\/p>\n<p>C\u00e9sar sentou e os conspiradores, simulando que se preparaban para a sesi\u00f3n do Senado, rode\u00e1rono. Un deles, como para pedirlle algo, achegouse a C\u00e9sar. O ditador non lle fixo caso e, ent\u00f3n, o conspirador agarrouno pola toga. Nese momento, C\u00e9sar gritou: &#8220;<em>\u00a1Que violencia \u00e9 esta!?&#8221;<\/em><\/p>\n<p>Entre os asasinos estaba Bruto, fillo de Servilia Cepiones que tam\u00e9n se cr\u00eda que era fillo do propio Julio C\u00e9sar. As \u00faltimas palabras do emperador foron: <em>&#8220;Ti tam\u00e9n, meu fillo?&#8221;.<\/em> O seu corpo caeu aos p\u00e9s da estatua de Pompeio, o seu antigo inimigo.<\/p>\n<p>A\u00ednda que non foi posible recuperar todos os nomes, calc\u00falase que no interior da conspiraci\u00f3n estiveron unhas sesenta persoas, cuxo grupo se chamou <em>Liberatores <\/em>(Liberadores), porque estaban convencidos de librar a Roma dun tirano.<\/p>\n<p>Segundo Plutarco nas s\u00faas <em>&#8220;Vidas&#8221;,<\/em> un augur advertira a C\u00e9sar do perigo que o ameazaba, pero non fixo caso da advertencia (segundo outras versi\u00f3ns ser\u00eda a s\u00faa muller Calpurnia quen o alertara). Despois de ser apu\u00f1alado, C\u00e9sar caeu no medio dun charco de sangue, aos p\u00e9s da estatua de Pompeio, que era considerada un s\u00edmbolo. Parec\u00eda que o inimigo derrotado regresara do inframundo para vingarse.<\/p>\n<p>Case ning\u00fan dos asasinos sobreviviu m\u00e1is de tres anos.Todos morreron pouco despois de diversas formas: en naufraxios, en batalla ou mesmo suicid\u00e1ndose co mesmo pu\u00f1al que utilizaran para matar C\u00e9sar.<\/p>\n<p>A morte de Julio C\u00e9sar non fixo m\u00e1is que desencadear outra etapa de loitas e conflitos. Os asasinos cometeron o erro de deixar de planear o que far\u00edan despois da morte de C\u00e9sar, e ao facelo accidentalmente permitiron vivir ao primo e man dereita de C\u00e9sar, Marco Antonio. Marco Antonio volveu o rumbo da opini\u00f3n popular romana contra os conspiradores e, aliados con Octavio, derrotaron \u00e1s forzas de Bruto e Casio na batalla de Filipos no 42 a.C. Despois da morte de Marco Antonio e Cleopatra. Victorioso, e como fillo adoptivo de C\u00e9sar, Octavio Augusto tomou o poder, convert\u00e9ndose no primeiro emperador de Roma.<\/p>\n<p>Os idus de marzo foron sin\u00f3nimo de traiz\u00f3n e motivo recorrente na cultura popular. Dante Alighieri, na s\u00faa Divina Comedia, localizou a Bruto e a Casio nas profundidades do inferno. Como Xudas Iscariote, xa que os consideraba como os maiores traidores que foron torturados polo propio satan\u00e1s.<\/p>\n<p>&nbsp;<\/p>\n<h2><strong>Algunhas curiosidades sobre Julio C\u00e9sar<\/strong><\/h2>\n<p>O seu nome orixinal era, pero co culto ao emperador solidificado na cultura romana a partir do ano 42 d. C., pasou a co\u00f1ecerse p\u00f3stumamente como <strong><em>&#8220;IMP C IVLIVS C\u00c6SAR DIVVS&#8221; -emperador Caio Julio C\u00e9sar o Divino-.<\/em><\/strong><\/p>\n<p>Cando C\u00e9sar decide ir a Rodas, no 75 a.C., despois da morte de Sila, <strong><em>foi capturado por uns piratas<\/em><\/strong>, que o retiveron durante uns 40 d\u00edas. Dise que os piratas lle ti\u00f1an igual medo e respecto: e cando lle pediron un rescate, sentiuse ofendido porque s\u00f3 pedira 20 talentos, e C\u00e9sar dixo que o seu prezo era polo menos de 50.En todo caso, d\u00edxolles que cando recuperase a liberdade volver\u00eda a executalos. En canto foi liberado, foi a Mileto e al\u00ed contratou unha flota. Esa mesma noite atacou aos piratas, que a\u00ednda estaban por al\u00ed: afundiu uns barcos e capturou outros, e os piratas capturados crucificou, tal e como el dixera.<\/p>\n<p><strong><em>Cando C\u00e9sar foi nomeado cuestor e marchou a Espa\u00f1a<\/em><\/strong>, mentres cruzaba os Alpes, \u00e1 vista dunha aldea pobre, os seus compa\u00f1eiros chancearon se ese tam\u00e9n ser\u00eda un bo lugar para ga\u00f1ar popularidade. C\u00e9sar d\u00edxolles moi serio que preferir\u00eda ser o primeiro nesa aldea que o segundo en Roma.<\/p>\n<p>Tam\u00e9n se di que durante a s\u00faa estancia en Hispania, cando chegou a Gades (C\u00e1diz) <strong><em>ao ver unha estatua de Alexandre Magno, xemou e chor<\/em><\/strong>ou. Ao preguntarlle por que, dixo: &#8220;Non abonda con chorar que ata agora non consegu\u00edn nada memorable, cando Alexandre xa era amo do mundo \u00e1 mi\u00f1a idade?&#8221;<\/p>\n<div class=\"wp-menu-arrow\">\n<div><\/div>\n<\/div>\n<div class=\"wp-menu-image dashicons-before\" aria-hidden=\"true\"><img decoding=\"async\" src=\"https:\/\/recreacionhistoria.com\/wp-content\/plugins\/js_composer\/assets\/vc\/logo\/wpb-logo-white_32.svg\" alt=\"\" title=\"\"><\/div>\n<h2><strong>Conclusi\u00f3ns<\/strong><\/h2>\n<p>Caio Julio C\u00e9sar foi un xeneral e estadista romano cuxas habilidades militares e estratega pol\u00edtico lle deron a reputaci\u00f3n de invencible. Ademais de excelente soldado, era un home de letras e un h\u00e1bil pol\u00edtico. As s\u00faas calidades valeronlle amigos pero tam\u00e9n grandes inimigos.<\/p>\n<p>Ata a ca\u00edda do Imperio Romano de Occidente hab\u00eda 91 emperadores e 1 emperatriz. Pero Julio C\u00e9sar, a pesar de ser un dos pol\u00edticos e soldados m\u00e1is lembrados da historia de Roma, non figura nesa lista. Julio C\u00e9sar non era un emperador, sen\u00f3n que era <em>\u201cimperator\u201d, <\/em>e quizais por iso adoitamos cometer o erro de consideralo como tal.O imperator foi un xeneral vitorioso, e C\u00e9sar acadou numerosos triunfos nas s\u00faas campa\u00f1as. A partir do 27 a.C., cando comeza a \u00e9poca dos emperadores con Augusto, ning\u00fan soldado \u00e9 designado imperator. Esta distinci\u00f3n corresponde s\u00f3 a C\u00e9sar, xefe de todos os ex\u00e9rcitos.<\/p>\n<p>Segundo as fontes cl\u00e1sicas, C\u00e9sar era admirado, pero non amado. Patricios e se\u00f1ores, de profundas convicci\u00f3ns republicanas, odiaban polo seu autoritarismo e mesmo polos seus xestos aplacadores.<\/p>\n<p>Para rematar, c\u00f3mpre dicir que Julio C\u00e9sar foi tam\u00e9n un gran escritor, sendo de feito considerado un dos principais expo\u00f1entes da lingua latina. As s\u00faas principais obras incl\u00faen as seguintes:<\/p>\n<ul>\n<li>Comentarios sobre as campa\u00f1as galianas<\/li>\n<li>Comentarios sobre a guerra civil<\/li>\n<\/ul>\n<p>Estas obras son unha fiel proba da erudici\u00f3n do autor e foron utilizadas como tipo de propaganda ante o Senado e o pobo romano. Neles, Julio C\u00e9sar referiuse ao ex\u00e9rcito romano, \u00e1 s\u00faa organizaci\u00f3n, t\u00e1cticas, t\u00e9cnicas e os distintos tipos de armas.<\/p>\n<p>&nbsp;<\/p>\n<p>E rematamos coa esperanza de que esta publicaci\u00f3n fose do teu agrado, e se \u00e9 as\u00ed, ped\u00edmosche que premes o bot\u00f3n <strong><em>&#8220;G\u00fastame&#8221;. <\/em><\/strong>Ademais, recomend\u00e1mosche que fagas calquera comentario e, se est\u00e1s interesado, subscr\u00edbete gratuitamente ao Bolet\u00edn do Blog para estar sempre informado sobre as novas publicaci\u00f3ns do Blog.<\/p>\n<p>Por \u00faltimo, se che gustou o suficiente para compartilo nas t\u00faas redes sociais, estar\u00edamos moi encantados de que o fixeras.<\/p>\n<p>&nbsp;<\/p>\n<h2><strong>A nosa recomendaci\u00f3n de hoxe<\/strong><\/h2>\n<p><iframe style=\"width: 120px; height: 240px;\" src=\"\/\/rcm-eu.amazon-adsystem.com\/e\/cm?lt1=_blank&amp;bc1=000000&amp;IS2=1&amp;bg1=FFFFFF&amp;fc1=000000&amp;lc1=0000FF&amp;t=historia0bc-21&amp;language=es_ES&amp;o=30&amp;p=8&amp;l=as4&amp;m=amazon&amp;f=ifr&amp;ref=as_ss_li_til&amp;asins=8466671781&amp;linkId=a731c2c5785d1aef642faba895acc9bb\" frameborder=\"0\" marginwidth=\"0\" marginheight=\"0\" scrolling=\"no\" sandbox=\"allow-popups allow-scripts allow-modals allow-forms allow-same-origin\"><\/iframe><\/p>\n<p>&nbsp;<\/p>\n<h2><strong>Referencias<\/strong><\/h2>\n<p><strong><em>Julio C\u00e9sar. <\/em><\/strong>De Southern, P.<\/p>\n<p><strong><em>C\u00e9sar. La biograf\u00eda definitiva.<\/em><\/strong> De Goldsworthy, A.<\/p>\n<p><strong><em>La crisis de la Rep\u00fablica . <\/em><\/strong>De Pina Polo, F.<\/p>\n<p><a href=\"https:\/\/academialatin.com\/cultura-romana\/julio-cesar-biografia\/\" target=\"_blank\" rel=\"noopener\">https:\/\/academialatin.com\/cultura-romana\/julio-cesar-biografia\/<\/a><\/p>\n<p><a href=\"https:\/\/www.biografiasyvidas.com\/monografia\/julio_cesar\/\" target=\"_blank\" rel=\"noopener\">https:\/\/www.biografiasyvidas.com\/monografia\/julio_cesar\/<\/a><\/p>\n<p><a href=\"https:\/\/dbe.rah.es\/biografias\/14777\/cayo-julio-cesar\" target=\"_blank\" rel=\"noopener\">https:\/\/dbe.rah.es\/biografias\/14777\/cayo-julio-cesar<\/a><\/p>\n<p><a href=\"https:\/\/www.imperivm.org\/biografia-de-gayo-julio-cesar-de-su-juventud-a-los-primeros-pasos-en-el-poder\/?utm_content=cmp-true\" target=\"_blank\" rel=\"noopener\">https:\/\/www.imperivm.org\/biografia-de-gayo-julio-cesar-de-su-juventud-a-los-primeros-pasos-en-el-poder\/?utm_content=cmp-true<\/a><\/p>\n<p><a href=\"https:\/\/metahistoria.com\/novedades\/julio-cesar-un-dictador-democratico\/\" target=\"_blank\" rel=\"noopener\">https:\/\/metahistoria.com\/novedades\/julio-cesar-un-dictador-democratico\/<\/a><\/p>\n<p><a href=\"https:\/\/www.worldhistory.org\/trans\/es\/1-95\/julio-cesar\/\" target=\"_blank\" rel=\"noopener\">https:\/\/www.worldhistory.org\/trans\/es\/1-95\/julio-cesar\/<\/a><\/p>\n","protected":false},"excerpt":{"rendered":"<p>Julio C\u00e9sar foi un reco\u00f1ecido soldado, pol\u00edtico, prosista, orador e estratega que conseguiu impo\u00f1erse ante as instituci\u00f3ns republicanas, adquirindo as\u00ed o control total do poder para exercer unha serie de reformas que aumentaron a influencia de Roma no Mediterr\u00e1neo.<\/p>\n","protected":false},"author":2,"featured_media":13030,"comment_status":"open","ping_status":"open","sticky":false,"template":"","format":"standard","meta":{"_monsterinsights_skip_tracking":false,"_monsterinsights_sitenote_active":false,"_monsterinsights_sitenote_note":"","_monsterinsights_sitenote_category":0,"footnotes":""},"categories":[263,221],"tags":[273,271,2765,2766,236,445,189,901,392,2767],"class_list":["post-13051","post","type-post","status-publish","format-standard","has-post-thumbnail","hentry","category-mundo-romano-gl","category-recuncho-da-historia","tag-biografias-gl","tag-curiosidades-historicas-gl","tag-idus-marzo-gl","tag-julio-cesar-gl","tag-mitos-e-lendas","tag-mitos-y-leyendas-gl","tag-mitos-y-leyendas","tag-roma-gl","tag-sociedad-gl","tag-vercingetorix-gl","category-263","category-221","description-off"],"_links":{"self":[{"href":"https:\/\/recreacionhistoria.com\/gl\/wp-json\/wp\/v2\/posts\/13051","targetHints":{"allow":["GET"]}}],"collection":[{"href":"https:\/\/recreacionhistoria.com\/gl\/wp-json\/wp\/v2\/posts"}],"about":[{"href":"https:\/\/recreacionhistoria.com\/gl\/wp-json\/wp\/v2\/types\/post"}],"author":[{"embeddable":true,"href":"https:\/\/recreacionhistoria.com\/gl\/wp-json\/wp\/v2\/users\/2"}],"replies":[{"embeddable":true,"href":"https:\/\/recreacionhistoria.com\/gl\/wp-json\/wp\/v2\/comments?post=13051"}],"version-history":[{"count":4,"href":"https:\/\/recreacionhistoria.com\/gl\/wp-json\/wp\/v2\/posts\/13051\/revisions"}],"predecessor-version":[{"id":13055,"href":"https:\/\/recreacionhistoria.com\/gl\/wp-json\/wp\/v2\/posts\/13051\/revisions\/13055"}],"wp:featuredmedia":[{"embeddable":true,"href":"https:\/\/recreacionhistoria.com\/gl\/wp-json\/wp\/v2\/media\/13030"}],"wp:attachment":[{"href":"https:\/\/recreacionhistoria.com\/gl\/wp-json\/wp\/v2\/media?parent=13051"}],"wp:term":[{"taxonomy":"category","embeddable":true,"href":"https:\/\/recreacionhistoria.com\/gl\/wp-json\/wp\/v2\/categories?post=13051"},{"taxonomy":"post_tag","embeddable":true,"href":"https:\/\/recreacionhistoria.com\/gl\/wp-json\/wp\/v2\/tags?post=13051"}],"curies":[{"name":"wp","href":"https:\/\/api.w.org\/{rel}","templated":true}]}}