{"id":12344,"date":"2026-04-09T10:44:38","date_gmt":"2026-04-09T09:44:38","guid":{"rendered":"https:\/\/recreacionhistoria.com\/?p=12344"},"modified":"2026-04-09T10:44:38","modified_gmt":"2026-04-09T09:44:38","slug":"catedral-de-santa-maria-en-lugo","status":"publish","type":"post","link":"https:\/\/recreacionhistoria.com\/gl\/catedral-de-santa-maria-en-lugo\/","title":{"rendered":"Catedral de Santa Mar\u00eda, en Lugo"},"content":{"rendered":"<p>No noso percorrido polo patrimonio hist\u00f3rico art\u00edstico que podemos atopar nas terras de Galicia, hoxe imos dedicar esta publicaci\u00f3n a co\u00f1ecer m\u00e1is a fondo a <strong><em>Catedral de Santa Mar\u00eda, en Lugo.<\/em><\/strong><\/p>\n<p>Este templo, que actualmente \u00e9 a sede episcopal da diocese de Lugo, est\u00e1 situado na praza de Santa Mar\u00eda, preto do Pazo Episcopal.<\/p>\n<p>\u00c9 un templo de gran interese por tratarse dunha obra rom\u00e1nica galega, amosa influencias francesas e compostel\u00e1s.<\/p>\n<p>A catedral ten o privilexio papal da exposici\u00f3n permanente do Sant\u00edsimo Sacramento que se saca en procesi\u00f3n, de a\u00ed o c\u00e1liz e hostia que figuran no escudo da cidade coa lenda \u201c<em>Hic hoc misterivm fidei firmiter prifitemvr<\/em> \u201c (Cremos fielmente neste misterio). , en referencia ao misterio da consagraci\u00f3n do corpo de Cristo e que foi trasladado ao propio escudo de Galicia. Este feito fai que Lugo se chame cidade de Sacramento.<\/p>\n<p>Est\u00e1 catalogada como Bas\u00edlica desde 1896, e desde 2015 \u00e9 Patrimonio da Humanidade, declarada pola UNESCO como edificio singular vinculado directamente co Cami\u00f1o de Santiago e as rutas do Norte peninsular.<\/p>\n<p><img fetchpriority=\"high\" decoding=\"async\" class=\"size-medium wp-image-12337 aligncenter\" src=\"https:\/\/recreacionhistoria.com\/wp-content\/uploads\/2023\/01\/Catedral-Lugo-300x200.jpg\" alt=\"\" width=\"300\" height=\"200\" title=\"\" srcset=\"https:\/\/recreacionhistoria.com\/wp-content\/uploads\/2023\/01\/Catedral-Lugo-300x200.jpg 300w, https:\/\/recreacionhistoria.com\/wp-content\/uploads\/2023\/01\/Catedral-Lugo-768x511.jpg 768w, https:\/\/recreacionhistoria.com\/wp-content\/uploads\/2023\/01\/Catedral-Lugo.jpg 1024w\" sizes=\"(max-width: 300px) 100vw, 300px\" \/><\/p>\n<p>&nbsp;<\/p>\n<h2><strong>Historia da Catedral de Santa Mar\u00eda de Lugo<\/strong><\/h2>\n<p>A Catedral de Lugo foi constru\u00edda despois da evanxelizaci\u00f3n da cidade despois da \u00e9poca romana, aproximadamente no s\u00e9culo I.A\u00ednda que non se ten informaci\u00f3n exacta sobre que outras edificaci\u00f3ns poder\u00edan estar situadas no lugar onde hoxe se ergue a Catedral, s\u00e1bese que antes existiu un templo constru\u00eddo por orde do bispo Odoario, a mediados do s\u00e9culo VIII. De feito, na porta interior oriental de acceso ao templo p\u00f3dese ver unha pedra cun acr\u00f3stico medieval, podemos ver unha referencia ao citado bispo, xa que as primeiras letras da li\u00f1a da d\u00e9cada forman a palabra <em>\u201cOdoar\u201d.<\/em><\/p>\n<p><img decoding=\"async\" class=\"size-medium wp-image-12325 aligncenter\" src=\"https:\/\/recreacionhistoria.com\/wp-content\/uploads\/2023\/01\/Odoar-300x175.jpg\" alt=\"\" width=\"300\" height=\"175\" title=\"\" srcset=\"https:\/\/recreacionhistoria.com\/wp-content\/uploads\/2023\/01\/Odoar-300x175.jpg 300w, https:\/\/recreacionhistoria.com\/wp-content\/uploads\/2023\/01\/Odoar-768x449.jpg 768w, https:\/\/recreacionhistoria.com\/wp-content\/uploads\/2023\/01\/Odoar.jpg 1024w\" sizes=\"(max-width: 300px) 100vw, 300px\" \/><\/p>\n<p>Por un diploma de Afonso II, do 27 de marzo de 832, co\u00f1ecido mediante unha redacci\u00f3n posiblemente interpolada posteriormente, s\u00e1bese que esta catedral era un edificio de gran beleza, polo que o Rei Casto adoptouno como modelo para constru\u00edr.Catedral de Oviedo.<\/p>\n<div id=\"attachment_12329\" style=\"width: 226px\" class=\"wp-caption aligncenter\"><img decoding=\"async\" aria-describedby=\"caption-attachment-12329\" class=\"size-medium wp-image-12329\" src=\"https:\/\/recreacionhistoria.com\/wp-content\/uploads\/2023\/01\/AlfonsoII-el-Casto-216x300.jpg\" alt=\"Alfonso II el Casto\" width=\"216\" height=\"300\" title=\"\" srcset=\"https:\/\/recreacionhistoria.com\/wp-content\/uploads\/2023\/01\/AlfonsoII-el-Casto-216x300.jpg 216w, https:\/\/recreacionhistoria.com\/wp-content\/uploads\/2023\/01\/AlfonsoII-el-Casto-737x1024.jpg 737w, https:\/\/recreacionhistoria.com\/wp-content\/uploads\/2023\/01\/AlfonsoII-el-Casto.jpg 756w\" sizes=\"(max-width: 216px) 100vw, 216px\" \/><p id=\"caption-attachment-12329\" class=\"wp-caption-text\"><em>Alfonso II o Casto<\/em><\/p><\/div>\n<p>O caso \u00e9 que nas primeiras d\u00e9cadas do s\u00e9culo XII o templo daquela existente non reun\u00eda as condici\u00f3ns suficientes, xa que sufrira un incendio no ano 1027, e tam\u00e9n as penurias como consecuencia dun preito entre o conde Rui Ob\u00e9quez e Afonso VI, no ano 1086, polo que Pedro III encargou ao mestre Raimundo de Monforte o proxecto inicial rom\u00e1nico, era un edificio de tres naves, cruceiro e \u00e1bsida tri\u00e1psida.<\/p>\n<p>Hoxe co\u00f1\u00e9cense os detalles das capitulaci\u00f3ns que o arquitecto asinou cos c\u00f3engos grazas a unha copia realizada polo c\u00f3engo Juan Pallares Gayoso no ano 1700. As\u00ed, s\u00e1bese que a obra foi executada durante a prelatura de Pedro Peregrino, e que o mestre de obras recibir\u00eda douscentos sous, ademais de zapatos, roupa, le\u00f1a, sal, cera e dous sous ao mes para mercar carne.O arquitecto aceptou as condici\u00f3ns, compromet\u00e9ndose a traballar na obra o resto dos seus d\u00edas, e se morrese antes de rematar o edificio, ser\u00eda rematada por un dos seus fillos.<\/p>\n<p>Non se sabe moito do mestre Raimundo, pero sen d\u00fabida debeu ter co\u00f1ecementos de arquitectura linguadociana, como se reflicte nesta primeira fase do proxecto construtivo. As obras de Raymond prolong\u00e1ronse durante aproximadamente vinte anos, ata mediados do s\u00e9culo. O seu proxecto inicial inclu\u00eda un templo de modestas dimensi\u00f3ns, con tres naves de seis tramos cada unha, rematadas en tres \u00e1bsidas semicirculares, e un cruceiro moi desenvolvido.<\/p>\n<p><strong><em>As obras para a construci\u00f3n da Catedral que hoxe podemos ver, comezaron no ano 1129<\/em><\/strong>. As obras rematar\u00edan case 150 anos despois, no ano 1273. De a\u00ed que na s\u00faa construci\u00f3n se detecte unha mestura de estilos, posteriormente incrementada con m\u00e1is de os s\u00e9culos ata a actualidade. As\u00ed vemos parte dos estilos: rom\u00e1nico, g\u00f3tico, barroco, renacentista e neocl\u00e1sico.<\/p>\n<p><strong><em>Durante a prelatura de Juan de Samos (1152-1181), as obras frearon<\/em><\/strong>, debido \u00e1s dificultades econ\u00f3micas do concello. Neses momentos deb\u00edan estar traballando escultores do taller do mestre Mateo, como demostran alg\u00fans dos capiteis do muro norte, que suxiren o co\u00f1ecemento do P\u00f3rtico da Gloria. Por\u00e9n, a verdadeira pegada da f\u00e1brica compostel\u00e1 deberon de levar os canteiros que traballaron na cripta dese templo, que \u00e1 s\u00faa vez est\u00e1 relacionada cos obradoiros do rom\u00e1nico tard\u00edo castel\u00e1n do mosteiro de Santa Mar\u00eda a Real de Aguilar de Campoo, o igrexa de Santiago en Carri\u00f3n de los Condes (ambas en Palencia), e a igrexa de San Vicente en \u00c1vila.<\/p>\n<p>As d\u00faas \u00faltimas secci\u00f3ns dos buques foron completadas durante baixo a direcci\u00f3n doutro mestre de obras cuxo nome non foi lanzado. Aqu\u00ed xa \u00e9 evidente a influencia da Catedral de Santiago.<\/p>\n<p>Durante os s\u00e9culos seguintes as obras continuaron na Catedral de Lugo, afondando na est\u00e9tica do g\u00f3tico. Esta \u00e1bsida totalmente rom\u00e1nica foi substitu\u00edda por outra g\u00f3tica con deambulatorio e capelas no s\u00e9culo XIV. Para iso demol\u00e9ronse as tres \u00e1bsidas do proxecto de Raimundo e constru\u00eduse un amplo deambulatorio ao que se adosaron capelas g\u00f3ticas. Nesta \u00e9poca tam\u00e9n se reconstru\u00edu a capela maior, substitu\u00edndo a estrutura orixinal do s\u00e9culo XI, e posteriormente, xa no s\u00e9culo XVIII, foi ampliada.<\/p>\n<p>A maior evoluci\u00f3n da Catedral tivo lugar <strong><em>no s\u00e9culo XVI<\/em><\/strong>, xa que foi cando se levantou o n\u00e1rtex da porta Norte, constru\u00eduse o retablo da Capela Maior e constru\u00eduse a parte superior da Torre das Camp\u00e1s.<\/p>\n<p><strong><em>No s\u00e9culo XVII<\/em><\/strong> realizaron obras no retablo de San Froil\u00e1n, constru\u00eduse o coro de nogueira de Francisco de Moure.<\/p>\n<p><strong><em>O s\u00e9culo XVIII<\/em><\/strong> no seu primeiro terzo supuxo a consolidaci\u00f3n do barroco compostel\u00e1n dentro da arquitectura do edificio, primeiro coa reconstruci\u00f3n do claustro, ideada orixinalmente por frei Gabriel de Casas ou, pero onde destacou Fernando de Casas Novoa como mestre principal. . A exuberancia decorativa que presenta este claustro mest\u00farase co clasicismo da s\u00faa concepci\u00f3n orixinal, sendo considerado no seu conxunto como unha das xoias da arquitectura relixiosa barroca en Galicia.Neste s\u00e9culo tam\u00e9n se realizaron reformas na Capela Maior e na fachada do Bom Jes\u00fas, ademais da construci\u00f3n dunha nova fachada principal.<\/p>\n<p><strong><em>No s\u00e9culo XIX<\/em><\/strong> acometeuse a \u00faltima gran obra da Catedral de Lugo: o alzado das d\u00faas torres da Fachada do Bo Xes\u00fas.<\/p>\n<p>A Catedral estaba dedicada a Santa Mar\u00eda, chamada Virxe dos Ojos Grandes, actual patroa da cidade de Lugo.<\/p>\n<p>&nbsp;<\/p>\n<h2><strong>Caracter\u00edsticas da Catedral de Santa Mar\u00eda de Lugo<\/strong><\/h2>\n<p>A Catedral de Lugo ten planta de cruz latina, con tres naves, cruceiro e deambulatorio con cinco capelas absidais. A cabeza \u00e9 tri\u00e1psida.<\/p>\n<p><img loading=\"lazy\" decoding=\"async\" class=\"size-medium wp-image-12327 aligncenter\" src=\"https:\/\/recreacionhistoria.com\/wp-content\/uploads\/2023\/01\/Planta_Catedral_Lugo-300x300.jpg\" alt=\"\" width=\"300\" height=\"300\" title=\"\" srcset=\"https:\/\/recreacionhistoria.com\/wp-content\/uploads\/2023\/01\/Planta_Catedral_Lugo-300x300.jpg 300w, https:\/\/recreacionhistoria.com\/wp-content\/uploads\/2023\/01\/Planta_Catedral_Lugo-150x150.jpg 150w, https:\/\/recreacionhistoria.com\/wp-content\/uploads\/2023\/01\/Planta_Catedral_Lugo.jpg 320w\" sizes=\"(max-width: 300px) 100vw, 300px\" \/><\/p>\n<p>&nbsp;<\/p>\n<p>Vexamos en detalle as diferentes partes:<\/p>\n<p>&nbsp;<\/p>\n<p><strong><em>A nave central principal<\/em><\/strong> est\u00e1 cuberta cunha b\u00f3veda de can\u00f3n apuntado, cuxos arcos transversais est\u00e1n sostidos por semicolumnas anexas que atravesan os dous niveis laterais, correspondentes \u00e1s naves laterais e \u00e1 tribuna. Os primeiros arcos son apuntados, apoi\u00e1ndose \u00e1 s\u00faa vez sobre medias columnas pegadas aos piares.<\/p>\n<p>&nbsp;<\/p>\n<p><strong><em>As naves laterais<\/em><\/strong> est\u00e1n cubertas con b\u00f3vedas de vara. Sobre eles \u00e1brese unha galer\u00eda que percorre todo o seu per\u00edmetro as tres naves.<\/p>\n<p>&nbsp;<\/p>\n<p><strong><em>A Capela da Virxe dos Ojos Grandes<\/em><\/strong> \u00e9 do s\u00e9culo XVIII, obra de Fernando de Casas Novoa. Est\u00e1 situado no centro do ambulatorio. De planta en forma de cruz grega, est\u00e1 cuberto, no centro, por unha gran c\u00fapula de media laranxa, e nos laterais por b\u00f3vedas de catro gal\u00f3ns.<\/p>\n<div id=\"attachment_12331\" style=\"width: 198px\" class=\"wp-caption aligncenter\"><img loading=\"lazy\" decoding=\"async\" aria-describedby=\"caption-attachment-12331\" class=\"size-medium wp-image-12331\" src=\"https:\/\/recreacionhistoria.com\/wp-content\/uploads\/2023\/01\/Capilla_Vigen_Ojos_Grandes_Catedral_Lugo-188x300.jpg\" alt=\"Capilla de la Virgen de los Ojos Grandes. Catedral de Santa Maria, Lugo.\" width=\"188\" height=\"300\" title=\"\" srcset=\"https:\/\/recreacionhistoria.com\/wp-content\/uploads\/2023\/01\/Capilla_Vigen_Ojos_Grandes_Catedral_Lugo-188x300.jpg 188w, https:\/\/recreacionhistoria.com\/wp-content\/uploads\/2023\/01\/Capilla_Vigen_Ojos_Grandes_Catedral_Lugo.jpg 563w\" sizes=\"(max-width: 188px) 100vw, 188px\" \/><p id=\"caption-attachment-12331\" class=\"wp-caption-text\"><em>Capela da Virxe dos Ollos Grandes. Catedral de Santa Maria, Lugo.<\/em><\/p><\/div>\n<p>O seu retablo \u00e9 un dos mellores exemplos do barroco galego, obra de Miguel de Romay. En canto \u00e1 imaxe da Virxe, desco\u00f1\u00e9cese o autor, est\u00e1 feita en pedra policromada e a s\u00faa elaboraci\u00f3n debeu ser entre os s\u00e9culos XII e XV.<\/p>\n<p>A Virxe dos Ojos Grandes \u00e9 a patroa da cidade de Lugo e ao seu nome est\u00e1 consagrada a catedral. A s\u00faa festa \u00e9 o 15 de agosto. Afonso X o Sabio dedicoulle a s\u00faa canci\u00f3n LXXVII, na que describe a curaci\u00f3n dunha muller que pediu sa\u00fade \u00e1 Virxe, que recuperou na propia catedral de Lugo, aos p\u00e9s da Virxe.<\/p>\n<p>&nbsp;<\/p>\n<p><strong><em>A Capela de San Froil\u00e1n<\/em><\/strong> foi fundada arredor do ano 1480, a\u00ednda que ser\u00eda reformada, en estilo renacentista, no s\u00e9culo XVII. A s\u00faa arquitectura \u00e9 moi sinxela, con b\u00f3veda de can\u00f3n e pilastras adosadas aos muros.<\/p>\n<div id=\"attachment_12333\" style=\"width: 235px\" class=\"wp-caption aligncenter\"><img loading=\"lazy\" decoding=\"async\" aria-describedby=\"caption-attachment-12333\" class=\"size-medium wp-image-12333\" src=\"https:\/\/recreacionhistoria.com\/wp-content\/uploads\/2023\/01\/Capilla-de-San-Froilan-Catedral-de-Lugo-225x300.jpg\" alt=\"Capilla de San Froil\u00e1n. Catedral de Santa Mar\u00eda. Lugo\" width=\"225\" height=\"300\" title=\"\" srcset=\"https:\/\/recreacionhistoria.com\/wp-content\/uploads\/2023\/01\/Capilla-de-San-Froilan-Catedral-de-Lugo-225x300.jpg 225w, https:\/\/recreacionhistoria.com\/wp-content\/uploads\/2023\/01\/Capilla-de-San-Froilan-Catedral-de-Lugo.jpg 474w\" sizes=\"(max-width: 225px) 100vw, 225px\" \/><p id=\"caption-attachment-12333\" class=\"wp-caption-text\"><em>Capela de San Froil\u00e1n. Catedral de Santa Mar\u00eda. Lugo<\/em><\/p><\/div>\n<p>A imaxe do santo, tallada en madeira, \u00e9 obra de Francisco de Moure, aparece nun pequeno retablo situado no muro frontal. Na cabeceira hai un sepulcro, co\u00f1ecido como Santa Froila (nai de San Froil\u00e1n). O sepulcro \u00e9 do s\u00e9culo IX e o sepulcro do XII, pero non se sabe se o destinatario \u00e9 Santa Froila ou o bispo Odoario.<\/p>\n<p>San Froil\u00e1n \u00e9 o patr\u00f3n da cidade de Lugo. Naceu nos arrabaldes de Lugo no ano 833 e foi bispo e patr\u00f3n tanto desta diocese como da de Le\u00f3n. A s\u00faa festa cel\u00e9brase o 5 de outubro. Segundo a lenda, o santo introduc\u00eda na s\u00faa boca carb\u00f3ns ardentes para aceptar o xu\u00edzo divino a seguir pola s\u00faa vocaci\u00f3n: a de eremita ou a de predicador.<\/p>\n<p>&nbsp;<\/p>\n<p><strong><em>A capela maior <\/em><\/strong>\u00e9 do s\u00e9culo XIV, a medio cami\u00f1o entre o g\u00f3tico (o primeiro corpo) e o renacentista (o segundo corpo), a\u00ednda que o seu estado actual \u00e9 froito de m\u00faltiples reformas.<\/p>\n<p><img loading=\"lazy\" decoding=\"async\" class=\"size-medium wp-image-12335 aligncenter\" src=\"https:\/\/recreacionhistoria.com\/wp-content\/uploads\/2023\/01\/Capilla-mayor-Catedral-de-Lugo-300x199.jpg\" alt=\"\" width=\"300\" height=\"199\" title=\"\" srcset=\"https:\/\/recreacionhistoria.com\/wp-content\/uploads\/2023\/01\/Capilla-mayor-Catedral-de-Lugo-300x199.jpg 300w, https:\/\/recreacionhistoria.com\/wp-content\/uploads\/2023\/01\/Capilla-mayor-Catedral-de-Lugo.jpg 474w\" sizes=\"(max-width: 300px) 100vw, 300px\" \/><\/p>\n<p>Unha das s\u00faas xoias m\u00e1is destacadas \u00e9 o retablo maior, obra de Cornelis de Holanda, danado como consecuencia do terremoto de Lisboa de 1755. Despois decidiuse dividilo en varios fragmentos, os dous m\u00e1is grandes dos cales se atopan actualmente en ambos. extremos do cruceiro.<\/p>\n<p>Detr\u00e1s da capela maior est\u00e1 o deambulatorio ou deambulatorio, que son g\u00f3ticos.<\/p>\n<p>&nbsp;<\/p>\n<p><strong><em>O coro<\/em><\/strong> sit\u00faase no centro da nave principal, sendo a \u00fanica de todas as catedrais galegas que se sit\u00faa neste lugar. \u00c9 posible que substitu\u00edse a un coro g\u00f3tico anterior. Est\u00e1 formado por 27 postos no nivel baixo e 37 no superior.<\/p>\n<p><img loading=\"lazy\" decoding=\"async\" class=\"size-medium wp-image-12323 aligncenter\" src=\"https:\/\/recreacionhistoria.com\/wp-content\/uploads\/2023\/01\/Coro-Catedral-de-Lugo-300x200.jpg\" alt=\"\" width=\"300\" height=\"200\" title=\"\" srcset=\"https:\/\/recreacionhistoria.com\/wp-content\/uploads\/2023\/01\/Coro-Catedral-de-Lugo-300x200.jpg 300w, https:\/\/recreacionhistoria.com\/wp-content\/uploads\/2023\/01\/Coro-Catedral-de-Lugo-1024x683.jpg 1024w, https:\/\/recreacionhistoria.com\/wp-content\/uploads\/2023\/01\/Coro-Catedral-de-Lugo-768x512.jpg 768w, https:\/\/recreacionhistoria.com\/wp-content\/uploads\/2023\/01\/Coro-Catedral-de-Lugo.jpg 1274w\" sizes=\"(max-width: 300px) 100vw, 300px\" \/><\/p>\n<p>Nas columnas do tramo superior, preto da cabeceira, hai dous cartuchos que di:<\/p>\n<ul>\n<li>GOBERNA A IGREXA DO NOSO DEUS MV SANTO PAI VRBANO VIII SER BISPO DESTA SANTA IGREXA O ILUSTRIOSO DON ALFONSO LOPEZ GALLO (na do sur), e<\/li>\n<li>REINAN EN ESPA\u00d1A A MAESTADE DOS REIS DON FELIPE IV E DO\u00d1A ISABEL DE BORBON (na do norte).<\/li>\n<\/ul>\n<p>Os seis fragmentos das mesas de recheo que separan a cadeira prel\u00e1tica das inmediatas di:<\/p>\n<ul>\n<li>FRANCISCUS A MOURE GALLECUS CIVITATIS AURIENSIS INCOLA SCULTOR ET ARCHITECTUS INVENIEBAT ET SCULPEBAT HOC OPUS CUI ULTIMA MANUS ACCESS ANNO DOMINI 1624.<\/li>\n<\/ul>\n<p>O coro da Catedral de Lugo \u00e9 para moitos co\u00f1ecedores a mellor obra da canter\u00eda do s\u00e9culo XVII en Espa\u00f1a. E isto por moitas raz\u00f3ns.Para empezar, porque se trata dunha obra que transita entre o manierismo e o barroco, xa que, dalg\u00fan xeito, o artista (Francisco de Moure) abriu a porta do novo movemento escult\u00f3rico a Galicia.<\/p>\n<p>Pero m\u00e1is al\u00f3 do contido art\u00edstico de inmenso valor, o coro lucense destaca por ser os \u00fanicos postos da catedral galega que se poden ver in situ. Os coros dos outros templos foron trasladados, pero o de Lugo permanece no mesmo lugar onde se iniciou hai 400 anos. O motivo \u00e9 que ao longo dos s\u00e9culos, o Cabido e os lucenses, afeitos a convivir e utilizar as cadeiras, rexeitaron a posibilidade de que se retirase a outro lugar.<\/p>\n<p>&nbsp;<\/p>\n<p><strong><em>A catedral tam\u00e9n conta con dous \u00f3rganos<\/em><\/strong>, un deles neobarroco e outro de dese\u00f1o moi pouco habitual.<\/p>\n<p>&nbsp;<\/p>\n<p><strong><em>O Tesouro\u00a0 da Catedral <\/em><\/strong>est\u00e1 situada nunha das salas da sancrist\u00eda. As tropas napole\u00f3nicas saquearon a maior\u00eda das pezas a principios do s\u00e9culo XIX. Non obstante, conserv\u00e1ronse algunhas pezas interesantes. Tam\u00e9n hai unha importante colecci\u00f3n de c\u00e1lices que abranguen unha cronolox\u00eda moi ampla, dende os s\u00e9culos XV ata o XIX. Destacan a custodia do s\u00e9culo XVII de Juan de Arfe, a coroa da Virxe dos Ojos Grandes e o relicario de San Froil\u00e1n.<\/p>\n<p>Hai quen cre que o m\u00e1is valioso, dentro do rom\u00e1nico da Catedral de Lugo \u00e9, sen d\u00fabida, a porta norte que se abriga por un p\u00f3rtico g\u00f3tico. Constru\u00eduse arredor do ano 1170 e o seu bo estado de conservaci\u00f3n d\u00e9bese, en parte, \u00e1 protecci\u00f3n que lle outorgou o citado p\u00f3rtico que se constru\u00edu no s\u00e9culo XVI.<\/p>\n<p>&nbsp;<\/p>\n<p><strong><em>A porta norte<\/em><\/strong>, rom\u00e1nico, estrut\u00farase arredor dun arco de medio punto enmarcado por tres arquivoltas e unha chambrana que sustentan as tres primeiras nas s\u00faas correspondentes columnas con capiteis decorados con formas vexetais sinxelas. Destaca o t\u00edmpano bilobulado cun colgante central como capitel que leva a escena da \u00daltima Cea.<\/p>\n<p><img loading=\"lazy\" decoding=\"async\" class=\"size-medium wp-image-12339 aligncenter\" src=\"https:\/\/recreacionhistoria.com\/wp-content\/uploads\/2023\/01\/Portada-Norte-Catedral-de-Lugo-300x223.jpg\" alt=\"\" width=\"300\" height=\"223\" title=\"\" srcset=\"https:\/\/recreacionhistoria.com\/wp-content\/uploads\/2023\/01\/Portada-Norte-Catedral-de-Lugo-300x223.jpg 300w, https:\/\/recreacionhistoria.com\/wp-content\/uploads\/2023\/01\/Portada-Norte-Catedral-de-Lugo.jpg 474w\" sizes=\"(max-width: 300px) 100vw, 300px\" \/><\/p>\n<p>No medio do t\u00edmpano hai un precioso Cristo en Maxestade inscrito na s\u00faa correspondente mandorla rom\u00e1nica, obra dun mestre moi pr\u00f3ximo ao de Carri\u00f3n de los Condes. Este Cristo en Maxestade, o Pantrocr\u00e1tor, estar\u00eda rodeado dun Tetramorfo pintado, que lamentablemente non se conserva. Na parte superior p\u00f3dense ler os nomes de cada un dos ap\u00f3stolos.<\/p>\n<p>Unha preciosa copla hexam\u00e9trica en lat\u00edn, nas tres caras visibles do \u00e1baco, describe a escena representada: a Eucarist\u00eda orixinal, con San Xo\u00e1n Evanxelista xunto a Cristo:<\/p>\n<ul>\n<li>DISCIPVLVS DOMINI PLACIDE DANS \/ MEMBRA QVIETI DVM CIBAT IN CENA \/ CELESTIA VIDIT AM(I)ENA <em>(&#8220;O disc\u00edpulo do Se\u00f1or, dando pl\u00e1cidamente a descansar os seus membros, alimentado, na Cea, viu marabillas celestiales&#8221;<\/em>).<\/li>\n<\/ul>\n<p>Esta porta norte amosa tam\u00e9n unha colecci\u00f3n de ferraxes rom\u00e1nicas que une os list\u00f3ns de madeira das portas, te\u00f1en forma de talos dos que saen ramificaci\u00f3ns en forma de voluta e pequenas puntas lanceoladas.<\/p>\n<p>&nbsp;<\/p>\n<p><strong><em>A fachada principal, <\/em><\/strong>tal e como aparece hoxe,\u00a0 foi constru\u00edda no \u00faltimo cuarto do s\u00e9culo XVIII.<\/p>\n<p>&nbsp;<\/p>\n<p><strong><em>A fachada oeste<\/em><\/strong> div\u00eddese en d\u00faas plantas e cinco r\u00faas, das cales d\u00faas corresponden \u00e1s torres laterais e as outras tres aos grandes portais, que reflicten no exterior as tres naves da catedral. As r\u00faas est\u00e1n divididas por medio de pilastras e columnas de orde xigante, que abarcan as d\u00faas plantas.<\/p>\n<p>As d\u00faas torres son sim\u00e9tricas e \u00e9rguense en dous corpos sobre a altura da fachada, coroadas por pequenas chapiteles. A fachada rem\u00e1tase cunha balaustrada barroca, na que se atopan as figuras dos catro evanxelistas e, no centro, unha alegor\u00eda da Fe.<\/p>\n<p>&nbsp;<\/p>\n<p><strong><em>A torre vella<\/em><\/strong> est\u00e1 situada no lado norte da cabeceira da Catedral, xunto \u00e1 portada do cruceiro. \u00c9 o primitivo campanario da Catedral. A s\u00faa construci\u00f3n data do s\u00e9culo XIV, a\u00ednda que ser\u00eda ampliada dous s\u00e9culos despois, pero mantendo unha est\u00e9tica unitaria de estilo g\u00f3tico.<\/p>\n<p><img loading=\"lazy\" decoding=\"async\" class=\"size-medium wp-image-12319 aligncenter\" src=\"https:\/\/recreacionhistoria.com\/wp-content\/uploads\/2023\/01\/Torre-vieja-Catedral-de-Lugo-200x300.jpg\" alt=\"\" width=\"200\" height=\"300\" title=\"\" srcset=\"https:\/\/recreacionhistoria.com\/wp-content\/uploads\/2023\/01\/Torre-vieja-Catedral-de-Lugo-200x300.jpg 200w, https:\/\/recreacionhistoria.com\/wp-content\/uploads\/2023\/01\/Torre-vieja-Catedral-de-Lugo.jpg 681w\" sizes=\"(max-width: 200px) 100vw, 200px\" \/><\/p>\n<p>&nbsp;<\/p>\n<p><strong><em>O campanario<\/em><\/strong> estrut\u00farase mediante tres corpos, os dous inferiores cadrados, e o \u00faltimo octogonal. Os dous \u00faltimos foron realizados seguindo as pegadas de Juan de Arce.<\/p>\n<p>&nbsp;<\/p>\n<p><strong><em>O conxunto catedralicio compl\u00e9tase co claustro<\/em><\/strong>, pegado ao lenzo da muralla ep\u00edstola no s\u00e9culo XVIII, de corpo \u00fanico e planta cadrada, e as vivendas para c\u00f3engos constru\u00eddas no \u00e1ngulo suroeste do templo.<\/p>\n<p><img loading=\"lazy\" decoding=\"async\" class=\"size-medium wp-image-12321 aligncenter\" src=\"https:\/\/recreacionhistoria.com\/wp-content\/uploads\/2023\/01\/Claustro_Catedral_de_Lugo-300x300.jpg\" alt=\"\" width=\"300\" height=\"300\" title=\"\" srcset=\"https:\/\/recreacionhistoria.com\/wp-content\/uploads\/2023\/01\/Claustro_Catedral_de_Lugo-300x300.jpg 300w, https:\/\/recreacionhistoria.com\/wp-content\/uploads\/2023\/01\/Claustro_Catedral_de_Lugo-150x150.jpg 150w, https:\/\/recreacionhistoria.com\/wp-content\/uploads\/2023\/01\/Claustro_Catedral_de_Lugo-768x768.jpg 768w, https:\/\/recreacionhistoria.com\/wp-content\/uploads\/2023\/01\/Claustro_Catedral_de_Lugo.jpg 800w\" sizes=\"(max-width: 300px) 100vw, 300px\" \/><\/p>\n<p>&nbsp;<\/p>\n<p><strong><em>Na praza de Santa Mar\u00eda hai un cruceiro<\/em><\/strong> de data desco\u00f1ecida, na cabeceira da catedral, xunto \u00e1s \u00e1bsidas, no tramo que vai entre o campanario e a capela da Virxe dos Ojos Grandes.<\/p>\n<p><img loading=\"lazy\" decoding=\"async\" class=\"size-medium wp-image-12317 aligncenter\" src=\"https:\/\/recreacionhistoria.com\/wp-content\/uploads\/2023\/01\/Cruceiro-Catedral-de-Lugo-225x300.jpg\" alt=\"\" width=\"225\" height=\"300\" title=\"\" srcset=\"https:\/\/recreacionhistoria.com\/wp-content\/uploads\/2023\/01\/Cruceiro-Catedral-de-Lugo-225x300.jpg 225w, https:\/\/recreacionhistoria.com\/wp-content\/uploads\/2023\/01\/Cruceiro-Catedral-de-Lugo.jpg 612w\" sizes=\"(max-width: 225px) 100vw, 225px\" \/><\/p>\n<h2><\/h2>\n<h2><strong>Estilos art\u00edsticos na Catedral de Lugo<\/strong><\/h2>\n<p>Como dixemos en par\u00e1grafos anteriores, a Catedral de Lugo amosa, como \u00e9 l\u00f3xico para os s\u00e9culos transcorridos, achegas asimilables a diferentes estilos art\u00edsticos.<\/p>\n<p>As\u00ed, podemos dicir que os muros verticais e a b\u00f3veda da nave de cruceiro <strong><em>son rom\u00e1nicos<\/em><\/strong>, as\u00ed como a maior parte da nave principal, dos laterais e do clareiro, cuxas b\u00f3vedas foron refeitas no s\u00e9culo XVIII.<\/p>\n<p><strong><em>G\u00f3ticos<\/em><\/strong> son o primeiro corpo da capela maior e o deambulatorio coas s\u00faas capelas absidales anexas, ag\u00e1s a central, as\u00ed como as antigas de Santo Domingo dos Reis e San Froil\u00e1n, que forman na actualidade a denominada do Pilar. ademais do primeiro corpo do campanario e do n\u00e1rtex ou p\u00f3rtico norte.<\/p>\n<p><strong><em>Do renacemento<\/em><\/strong> \u00e9 o segundo corpo da capela maior e da actual capela de San Froil\u00e1.<\/p>\n<p>A sancrist\u00eda, a sala capitular, o claustro e a capela central do deambulatorio, denominada Ojos Grandes, pertencen ao <strong><em>barroco. <\/em><\/strong>A sancrist\u00eda e a sala capitular son obra do arquitecto galego Domingo Antonio de Andrade.<\/p>\n<p>En canto ao claustro, a parte inicial \u00e9 obra de Frei Gabriel de las Casas: monxe beneditino, mestre de obras de San Mart\u00edn Pinario en Santiago de Compostela. Este claustro ser\u00eda completado polo arquitecto galego Fernando de Casas Novoa, que tam\u00e9n proxectar\u00eda a capela da Virxe dos Ojos Grandes.<\/p>\n<p>A fachada principal proxectada por Juli\u00e1n S\u00e1nchez Bort en 1769 pertence ao <strong><em>neocl\u00e1sico<\/em><\/strong>, en substituci\u00f3n da deteriorada rom\u00e1nica.<\/p>\n<p>&nbsp;<\/p>\n<h2><strong>Museo diocesano Catedralicio de Lugo<\/strong><\/h2>\n<p>A Catedral alberga o Museo Diocesano.<\/p>\n<p>Este museo foi creado en 1918, polo que \u00e9 o decano dos museos galegos. Est\u00e1 situada na Catedral dende 1995, alox\u00e1ndose en espazos singulares: o Claustro, a Sala Capitular e a Antesala do Arquivo e o triforio da catedral.<\/p>\n<p>No seu interior p\u00f3dense ver restos arqueol\u00f3xicos das culturas peninsulares ata a chegada de Roma a Galicia. Tam\u00e9n hai obras simb\u00f3licas do catolicismo, como o Crism\u00f3n de Quiroga e os restos do templo de Santa Eulalia de B\u00f3veda.<\/p>\n<p>Noutra sala amosa a evoluci\u00f3n da imaxiner\u00eda mariana, dende o rom\u00e1nico ata o g\u00f3tico.<\/p>\n<p>Na Sala Capitular e na Antec\u00e1mara do Arquivo hai unha pinacoteca, con obras de diferentes autores.<\/p>\n<p>&nbsp;<\/p>\n<h2><strong>Algunhas curiosidades sobre a Catedral de Lugo<\/strong><\/h2>\n<p>Vexamos alg\u00fans problemas \u00fanicos:<\/p>\n<ul>\n<li><strong><em>As torres da Catedral de Lugo, como o resto da fachada, foron constru\u00eddas cun imposto sobre o vi\u00f1o <\/em><\/strong>que estivo en vigor nove anos, entre 1764 e 1773. Ata que unha protesta de bebedores paralizou a medida. A taxa era de dous maraved\u00edes por litro de vi\u00f1o.<\/li>\n<\/ul>\n<p>&nbsp;<\/p>\n<ul>\n<li><strong><em>A cidade de Lugo e a s\u00faa Catedral recibiron un rei ilustre, Xaime II de Inglaterra e VII de Escocia<\/em><\/strong>, que estivo na cidade en 1719, alox\u00e1ndose moi preto da Catedral. Pois ben, este monarca pediu permiso ao concello para que as camp\u00e1s deixasen de soar antes das oito, xa que interromp\u00edan o sono. A s\u00faa proposta \u00e9 que s\u00f3 se toque unha pequena campa\u00f1a, chamada esquilon. Indique que o montador aceptou a suxesti\u00f3n.<\/li>\n<\/ul>\n<p>&nbsp;<\/p>\n<ul>\n<li><strong><em>Unha porta rom\u00e1nica da Catedral de Lugo, cami\u00f1o de ver a luz despois de 300 anos<\/em><\/strong>O proxecto de reforma do claustro barroco aposta pola recuperaci\u00f3n do acceso do s\u00e9culo XIII, que mellorar\u00eda a circulaci\u00f3n no templo. Hai 300 anos os mestres Frei Gabriel de las Casas e Fernando de Casas Novoa foron os encargados de dirixir a construci\u00f3n do claustro barroco da Catedral de Lugo. Deron vida a un impo\u00f1ente patio que transformou o entorno e que tam\u00e9n supuxo cambios no propio templo. Decidiron cegar as fiestras e a porta rom\u00e1nica que comunicaba o antigo corredor coa nave dereita da Catedral, chamada nave da Ep\u00edstola, atendendo \u00e1s necesidades que exist\u00edan naquel momento. Tres s\u00e9culos despois, esa porta rom\u00e1nica pode sa\u00edr de novo \u00e1 luz. O proxecto de restauraci\u00f3n do claustro, impulsado pola Xunta de Galicia, contempla o desmantelamento dunha parte da muralla barroca para dar a co\u00f1ecer a porta rom\u00e1nica, que se remonta ao s\u00e9culo XIII.<\/li>\n<\/ul>\n<p><strong>\u00a0<\/strong><\/p>\n<h2><strong>Conclusi\u00f3ns<\/strong><\/h2>\n<p>recinto amurallado, est\u00e1 considerada unha das <em>&#8220;xoias&#8221;<\/em> da arquitectura hist\u00f3rica de Galicia, destacando por ser unha delicada amalgama de estilos, onde o Rom\u00e1nico Inicial desde o s\u00e9culo XII mest\u00farase, sen perder a harmon\u00eda, co barroco dos s\u00e9culos XVII e XVIII, unindo no seu conxunto obras do m\u00e1is puro Renacemento ou Neoclasicismo galego que impregnou os principais edificios de Espa\u00f1a durante os s\u00e9culos XVIII e XIX.<\/p>\n<p>Sempre \u00e9 unha visita recomendable, apreciaci\u00f3n, por certo, extensible a toda a cidade de Lugo, as\u00ed como a determinados centros de interese da s\u00faa contorna: Castro de Viladonga, Mondo\u00f1edo, Monforte de Lemos,&#8230;7<\/p>\n<p>&nbsp;<\/p>\n<h2><strong>A nosa recomendaci\u00f3n de hoxe<\/strong><\/h2>\n<h2><iframe style=\"width: 120px; height: 240px;\" src=\"\/\/rcm-eu.amazon-adsystem.com\/e\/cm?lt1=_blank&amp;bc1=000000&amp;IS2=1&amp;bg1=FFFFFF&amp;fc1=000000&amp;lc1=0000FF&amp;t=historia0bc-21&amp;language=es_ES&amp;o=30&amp;p=8&amp;l=as4&amp;m=amazon&amp;f=ifr&amp;ref=as_ss_li_til&amp;asins=8430566244&amp;linkId=431316ae2b3d7bbd85d19d188ca47302\" frameborder=\"0\" marginwidth=\"0\" marginheight=\"0\" scrolling=\"no\" sandbox=\"allow-popups allow-scripts allow-modals allow-forms allow-same-origin\"><\/iframe><\/h2>\n<p><iframe style=\"width: 120px; height: 240px;\" src=\"\/\/rcm-eu.amazon-adsystem.com\/e\/cm?lt1=_blank&amp;bc1=000000&amp;IS2=1&amp;bg1=FFFFFF&amp;fc1=000000&amp;lc1=0000FF&amp;t=historia0bc-21&amp;language=es_ES&amp;o=30&amp;p=8&amp;l=as4&amp;m=amazon&amp;f=ifr&amp;ref=as_ss_li_til&amp;asins=8425354757&amp;linkId=141ecb990913db83475d95e87a4346f5\" frameborder=\"0\" marginwidth=\"0\" marginheight=\"0\" scrolling=\"no\" sandbox=\"allow-popups allow-scripts allow-modals allow-forms allow-same-origin\"><\/iframe><\/p>\n<p>&nbsp;<\/p>\n<h2><strong>Referencias\u00a0\u00a0\u00a0\u00a0\u00a0\u00a0\u00a0\u00a0\u00a0\u00a0\u00a0\u00a0\u00a0\u00a0\u00a0\u00a0\u00a0\u00a0\u00a0\u00a0\u00a0\u00a0\u00a0\u00a0\u00a0\u00a0\u00a0\u00a0\u00a0\u00a0\u00a0\u00a0\u00a0\u00a0\u00a0\u00a0\u00a0\u00a0\u00a0\u00a0\u00a0\u00a0\u00a0\u00a0\u00a0\u00a0\u00a0\u00a0\u00a0\u00a0\u00a0\u00a0\u00a0\u00a0\u00a0\u00a0\u00a0\u00a0\u00a0\u00a0\u00a0\u00a0\u00a0\u00a0\u00a0\u00a0\u00a0\u00a0\u00a0\u00a0\u00a0\u00a0\u00a0\u00a0\u00a0\u00a0\u00a0\u00a0\u00a0\u00a0\u00a0\u00a0\u00a0\u00a0\u00a0\u00a0\u00a0\u00a0\u00a0\u00a0\u00a0\u00a0\u00a0\u00a0\u00a0\u00a0\u00a0\u00a0\u00a0\u00a0\u00a0\u00a0\u00a0\u00a0\u00a0\u00a0\u00a0\u00a0\u00a0\u00a0\u00a0\u00a0\u00a0\u00a0\u00a0\u00a0\u00a0\u00a0\u00a0\u00a0\u00a0\u00a0\u00a0\u00a0 <\/strong><\/h2>\n<p>La Catedral de Lugo. Colecci\u00f3n Obradoiro VII. De V\u00e1zquez Saco, F.<\/p>\n<p>El coro de la Catedral de Lugo. Santoral e iconograf\u00eda. De Guerra Mosquera, J.<\/p>\n<p><a href=\"https:\/\/arteguias.com\/catedral\/lugo.htm\" target=\"_blank\" rel=\"noopener\">https:\/\/arteguias.com\/catedral\/lugo.htm<\/a><\/p>\n<p><a href=\"https:\/\/www.asturnatura.com\/turismo\/catedral-de-lugo\/1679.html\" target=\"_blank\" rel=\"noopener\">https:\/\/www.asturnatura.com\/turismo\/catedral-de-lugo\/1679.html<\/a><\/p>\n<p><a href=\"https:\/\/badaladas.gal\" target=\"_blank\" rel=\"noopener\">https:\/\/badaladas.gal<\/a><\/p>\n<p><a href=\"https:\/\/catedraldelugo.es\/\" target=\"_blank\" rel=\"noopener\">https:\/\/catedraldelugo.es\/<\/a><\/p>\n<p><a href=\"https:\/\/www.diocesisdelugo.org\/la-santa-iglesia-catedral-basilica-de-lugo\/\" target=\"_blank\" rel=\"noopener\">https:\/\/www.diocesisdelugo.org\/la-santa-iglesia-catedral-basilica-de-lugo\/<\/a><\/p>\n<p><a href=\"https:\/\/mdclugo.gal\" target=\"_blank\" rel=\"noopener\">https:\/\/mdclugo.gal<\/a><\/p>\n","protected":false},"excerpt":{"rendered":"<p>No noso percorrido polo patrimonio hist\u00f3rico art\u00edstico que podemos atopar nas terras de Galicia, hoxe imos dedicar esta publicaci\u00f3n a co\u00f1ecer m\u00e1is a fondo a Catedral de Santa Mar\u00eda, en Lugo. Este templo, que actualmente \u00e9 a sede episcopal da diocese de Lugo, est\u00e1 situado na praza de Santa Mar\u00eda, preto do Pazo Episcopal. \u00c9&hellip;<\/p>\n","protected":false},"author":2,"featured_media":12316,"comment_status":"open","ping_status":"open","sticky":false,"template":"","format":"standard","meta":{"_monsterinsights_skip_tracking":false,"_monsterinsights_sitenote_active":false,"_monsterinsights_sitenote_note":"","_monsterinsights_sitenote_category":0,"footnotes":""},"categories":[391,222,400,221,170,379,337],"tags":[366,180,367,1750,247,444,271,126,301,213,513,914,1081,2511],"class_list":["post-12344","post","type-post","status-publish","format-standard","has-post-thumbnail","hentry","category-edad-media-gl","category-idade-media","category-que-ver-gl-2","category-recuncho-da-historia","category-sugerencias","category-sugerencias-gl","category-suxestions-gl","tag-arquitectura-gl","tag-arquitectura","tag-arte-gl","tag-catedral-gl","tag-centros-historicos-gl","tag-creencias-gl","tag-curiosidades-historicas-gl","tag-galicia-gl","tag-lugo-gl","tag-noroeste-peninsular-gl","tag-provincia-gl","tag-que-ver-gl","tag-romanico-gl","tag-santa-maria-gl","category-391","category-222","category-400","category-221","category-170","category-379","category-337","description-off"],"_links":{"self":[{"href":"https:\/\/recreacionhistoria.com\/gl\/wp-json\/wp\/v2\/posts\/12344","targetHints":{"allow":["GET"]}}],"collection":[{"href":"https:\/\/recreacionhistoria.com\/gl\/wp-json\/wp\/v2\/posts"}],"about":[{"href":"https:\/\/recreacionhistoria.com\/gl\/wp-json\/wp\/v2\/types\/post"}],"author":[{"embeddable":true,"href":"https:\/\/recreacionhistoria.com\/gl\/wp-json\/wp\/v2\/users\/2"}],"replies":[{"embeddable":true,"href":"https:\/\/recreacionhistoria.com\/gl\/wp-json\/wp\/v2\/comments?post=12344"}],"version-history":[{"count":2,"href":"https:\/\/recreacionhistoria.com\/gl\/wp-json\/wp\/v2\/posts\/12344\/revisions"}],"predecessor-version":[{"id":12346,"href":"https:\/\/recreacionhistoria.com\/gl\/wp-json\/wp\/v2\/posts\/12344\/revisions\/12346"}],"wp:featuredmedia":[{"embeddable":true,"href":"https:\/\/recreacionhistoria.com\/gl\/wp-json\/wp\/v2\/media\/12316"}],"wp:attachment":[{"href":"https:\/\/recreacionhistoria.com\/gl\/wp-json\/wp\/v2\/media?parent=12344"}],"wp:term":[{"taxonomy":"category","embeddable":true,"href":"https:\/\/recreacionhistoria.com\/gl\/wp-json\/wp\/v2\/categories?post=12344"},{"taxonomy":"post_tag","embeddable":true,"href":"https:\/\/recreacionhistoria.com\/gl\/wp-json\/wp\/v2\/tags?post=12344"}],"curies":[{"name":"wp","href":"https:\/\/api.w.org\/{rel}","templated":true}]}}