{"id":11920,"date":"2026-04-09T11:41:58","date_gmt":"2026-04-09T10:41:58","guid":{"rendered":"https:\/\/recreacionhistoria.com\/?p=11920"},"modified":"2026-04-09T11:41:58","modified_gmt":"2026-04-09T10:41:58","slug":"a-crise-sucesoria-de-fernando-vii","status":"publish","type":"post","link":"https:\/\/recreacionhistoria.com\/gl\/a-crise-sucesoria-de-fernando-vii\/","title":{"rendered":"A crise sucesoria de Fernando VII"},"content":{"rendered":"<p>En todo r\u00e9xime mon\u00e1rquico, a sucesi\u00f3n \u00e9 un asunto prioritario. E un dos problemas que se adoitan producir \u00e9 o que se refire \u00e1 forma en que se determina quen \u00e9 o herdeiro ao trono.<\/p>\n<p>E en terras hispanas unha das grandes crises sucesorias tivo lugar nas primeiras d\u00e9cadas do s\u00e9culo XIX, co falecemento de Fernando VII e a lea da Pragm\u00e1tica Sanci\u00f3n.<\/p>\n<div id=\"attachment_11904\" style=\"width: 249px\" class=\"wp-caption aligncenter\"><img fetchpriority=\"high\" decoding=\"async\" aria-describedby=\"caption-attachment-11904\" class=\"size-medium wp-image-11904\" src=\"https:\/\/recreacionhistoria.com\/wp-content\/uploads\/2022\/09\/Fernando-VII-239x300.jpg\" alt=\"Fernando VII\" width=\"239\" height=\"300\" title=\"\" srcset=\"https:\/\/recreacionhistoria.com\/wp-content\/uploads\/2022\/09\/Fernando-VII-239x300.jpg 239w, https:\/\/recreacionhistoria.com\/wp-content\/uploads\/2022\/09\/Fernando-VII-816x1024.jpg 816w, https:\/\/recreacionhistoria.com\/wp-content\/uploads\/2022\/09\/Fernando-VII-768x964.jpg 768w, https:\/\/recreacionhistoria.com\/wp-content\/uploads\/2022\/09\/Fernando-VII-1224x1536.jpg 1224w, https:\/\/recreacionhistoria.com\/wp-content\/uploads\/2022\/09\/Fernando-VII-1632x2048.jpg 1632w, https:\/\/recreacionhistoria.com\/wp-content\/uploads\/2022\/09\/Fernando-VII-scaled.jpg 2040w\" sizes=\"(max-width: 239px) 100vw, 239px\" \/><p id=\"caption-attachment-11904\" class=\"wp-caption-text\"><em>Fernando VII<\/em><\/p><\/div>\n<h2><strong>A lei s\u00e1lica<\/strong><\/h2>\n<p>En Francia, a lei s\u00e1lica imped\u00eda que as mulleres puidesen reinar. A s\u00faa orixe provi\u00f1a de tempos moi remotos. Foi no s\u00e9culo V d.C. cando os francos salios promulgaron un c\u00f3digo que regulaba diversas cuesti\u00f3ns, entre elas, a sucesi\u00f3n mon\u00e1rquica. Para un pobo guerreiro, era preferible que herdase o trono un sobri\u00f1o do rei, susceptible de acaudillar \u00e1 s\u00faa xente na batalla, que unha filla do monarca.<\/p>\n<p>O certo \u00e9 que durante a Idade Media esta normativa caeu en desuso. En Francia ningu\u00e9n pensaba nela, entre outros motivos, porque os reis da dinast\u00eda Capeto sempre contaban con fillos homes.<\/p>\n<p>A Lei S\u00e1lica apareceu en Espa\u00f1a coa chegada dos Borb\u00f3ns no s\u00e9culo XVIII. En 1713, Felipe V, lembremos que era de orixe gala, promulgou un Auto Acordado neste sentido, derrogando as disposici\u00f3ns e regras sucesorias tradicionais castel\u00e1s que se estableceron nas Partidas. Este Auto antepo\u00f1\u00eda o dereito de todos os homes da li\u00f1axe real a herdar o trono ao das mulleres da dinast\u00eda.<\/p>\n<p>En 1789, recentemente entronizado Carlos IV, aprobouse nas Cortes de Castela, a Pragm\u00e1tica Sanci\u00f3n nas Cortes dese ano. Neses momentos, Carlos IV estaba preocupado, porque s\u00f3 contaba con dous fillos homes. Fillas ti\u00f1a, en cambio, catro. O soberano desexaba que, en caso de morte dos primeiros, a Coroa pasase \u00e1 maior dos seus descendentes femininas.<\/p>\n<p>Pero a Pragm\u00e1tica Sanci\u00f3n non se publicou, permaneceu en segredo por raz\u00f3ns de pol\u00edtica internacional. Nunha Europa na que acababa de estalar a Revoluci\u00f3n Francesa, Espa\u00f1a non desexaba airear o cambio no dereito sucesorio da s\u00faa monarqu\u00eda. Floridablanca explicaba este \u00faltimo feito por cuesti\u00f3ns de pol\u00edtica internacional. O Secretario de Estado consideraba que convi\u00f1a non indisponerse coas outras ramas dos Borb\u00f3ns, reinantes en Francia e N\u00e1poles.<\/p>\n<p>&nbsp;<\/p>\n<h2><strong>A crise sucesoria de Fernando VII<\/strong><\/h2>\n<p>Durante os anos da crise sucesoria de Fernando VII, o enfrontamento entre os partidarios do Rey e os carlistas cristalizara en dous partidos opostos: por unha banda os absolutistas moderados, aliados cos liberais e os sectores da aristocracia partidarios das reformas pol\u00edticas e econ\u00f3micas, que apoiaban \u00e1 nova ra\u00ed\u00f1a, en quen v\u00eda a \u00fanica posibilidade de cambio. Doutra banda, os absolutistas intransixentes que apoiaban ao irm\u00e1n do rei.<\/p>\n<p>Fernando VII hab\u00eda enviudado tres veces e non ti\u00f1a descendencia. O seu \u00faltimo matrimonio tivo lugar en decembro de 1829, coa s\u00faa sobri\u00f1a Mar\u00eda Cristina de Borb\u00f3n-D\u00faas Sicilias.<\/p>\n<p>O 29 de marzo de 1830 o rei publicaba a Pragm\u00e1tica Sanci\u00f3n. Desexaba asegurar que un descendente seu fose o futuro rei, a\u00ednda que fose unha muller, fronte ao seu irm\u00e1n o infante Carlos Mar\u00eda Isidro, xa por ent\u00f3n moi vinculado cos sectores m\u00e1is ultras e reaccionarios.<\/p>\n<div id=\"attachment_11916\" style=\"width: 211px\" class=\"wp-caption aligncenter\"><img decoding=\"async\" aria-describedby=\"caption-attachment-11916\" class=\"size-medium wp-image-11916\" src=\"https:\/\/recreacionhistoria.com\/wp-content\/uploads\/2022\/09\/Pragmatica-Sancion-1830-201x300.jpg\" alt=\"Pragm\u00e1tica Sanci\u00f3n de 1830\" width=\"201\" height=\"300\" title=\"\" srcset=\"https:\/\/recreacionhistoria.com\/wp-content\/uploads\/2022\/09\/Pragmatica-Sancion-1830-201x300.jpg 201w, https:\/\/recreacionhistoria.com\/wp-content\/uploads\/2022\/09\/Pragmatica-Sancion-1830.jpg 432w\" sizes=\"(max-width: 201px) 100vw, 201px\" \/><p id=\"caption-attachment-11916\" class=\"wp-caption-text\"><em>Pragm\u00e1tica Sanci\u00f3n de 1830<\/em><\/p><\/div>\n<p>&nbsp;<\/p>\n<p>Pero vaiamos por orde\u2026<\/p>\n<p>Nos meses anteriores ao falecemento de Fernando VII multiplic\u00e1ronse as intrigas. Todos pugnaban por influ\u00edr sobre o decr\u00e9pito soberano. Tres mulleres exerceron un protagonismo especial naquela loita polo poder. Ao lado de don Carlos estaban a s\u00faa esposa, a portuguesa Mar\u00eda Francisca de As\u00eds, e a s\u00faa cu\u00f1ada, Mar\u00eda Teresa, princesa de Beira.<\/p>\n<p>Entre os anos 1830 e 1833 produciuse unha intensa loita cortes\u00e1 a pedimento dos m\u00e1is ac\u00e9rrimos absolutistas, futuros carlistas, que non quer\u00edan baixo ning\u00fan concepto que o trono pasase, tras o falecemento de Fernando VII, a mans dunha nena (pois nacera o 10 de outubro de 1830), a futura ra\u00ed\u00f1a Isabel. Esta facci\u00f3n cortes\u00e1 pretend\u00eda impo\u00f1er no trono a Carlos Mar\u00eda Isidro, irm\u00e1n de Fernando, e firme defensor do absolutismo rexio.<\/p>\n<div id=\"attachment_11900\" style=\"width: 235px\" class=\"wp-caption aligncenter\"><img decoding=\"async\" aria-describedby=\"caption-attachment-11900\" class=\"size-medium wp-image-11900\" src=\"https:\/\/recreacionhistoria.com\/wp-content\/uploads\/2022\/09\/Carlos-Maria-Isidro-225x300.jpg\" alt=\"Carlos Mar\u00eda Isidro\" width=\"225\" height=\"300\" title=\"\" srcset=\"https:\/\/recreacionhistoria.com\/wp-content\/uploads\/2022\/09\/Carlos-Maria-Isidro-225x300.jpg 225w, https:\/\/recreacionhistoria.com\/wp-content\/uploads\/2022\/09\/Carlos-Maria-Isidro-768x1024.jpg 768w, https:\/\/recreacionhistoria.com\/wp-content\/uploads\/2022\/09\/Carlos-Maria-Isidro-1152x1536.jpg 1152w, https:\/\/recreacionhistoria.com\/wp-content\/uploads\/2022\/09\/Carlos-Maria-Isidro.jpg 1200w\" sizes=\"(max-width: 225px) 100vw, 225px\" \/><p id=\"caption-attachment-11900\" class=\"wp-caption-text\"><em>Carlos Mar\u00eda Isidro<\/em><\/p><\/div>\n<p>&nbsp;<\/p>\n<p>A ra\u00ed\u00f1a, Isabel, \u00e1 s\u00faa vez, pod\u00eda contar co apoio da s\u00faa irm\u00e1, a infanta Luisa Carlota, esposa de Francisco de Paula, irm\u00e1n menor de Fernando VII e don Carlos. Con eles atop\u00e1base grupo de cortes\u00e1ns e pol\u00edticos m\u00e1is reformistas que, ante a personalidade do infante, decant\u00e1ronse cara \u00e1 soluci\u00f3n da filla cunha rexencia da nai. Ante a s\u00faa debilidade buscaron o apoio dos liberais moderados, os cales viron unha oportunidade para acceder ao poder e, dese modo, comezar as reformas que pretend\u00edan aplicar en todos os \u00e1mbitos.<\/p>\n<p>Pero un terrible ataque de pinga puxo en perigo a vida do seu cu\u00f1ado Fernando VII o 14 de setembro de 1832. Prostrado no leito do seu rexio dormitorio, no palacio de La Granja, os m\u00e9dicos desafiuzaron ao monarca, mentres a s\u00faa amada Mar\u00eda Cristina permanec\u00eda xunto a el atend\u00e9ndolle como unha primorosa enfermeira, preocupada polo futuro da s\u00faa filla Isabel. E \u00e9 neses momentos cando se producen os denominados <em>\u201cSucesos da Granxa\u201d,<\/em> cando estando o rei enfermo, a trav\u00e9s de intrigas palaciegas os absolutistas conseguiron manobrar en torno ao leito do moribundo para que derrogase a Pragm\u00e1tica Sanci\u00f3n, restablecendo a Lei S\u00e1lica, impedindo, por tanto, que Isabel reinase.<\/p>\n<div id=\"attachment_11914\" style=\"width: 242px\" class=\"wp-caption aligncenter\"><img loading=\"lazy\" decoding=\"async\" aria-describedby=\"caption-attachment-11914\" class=\"size-medium wp-image-11914\" src=\"https:\/\/recreacionhistoria.com\/wp-content\/uploads\/2022\/09\/Maria-Cristiba-de-Borbon-232x300.jpg\" alt=\"Mar\u00eda Cristina de Borb\u00f3n\" width=\"232\" height=\"300\" title=\"\" srcset=\"https:\/\/recreacionhistoria.com\/wp-content\/uploads\/2022\/09\/Maria-Cristiba-de-Borbon-232x300.jpg 232w, https:\/\/recreacionhistoria.com\/wp-content\/uploads\/2022\/09\/Maria-Cristiba-de-Borbon.jpg 474w\" sizes=\"(max-width: 232px) 100vw, 232px\" \/><p id=\"caption-attachment-11914\" class=\"wp-caption-text\"><em>Mar\u00eda Cristina de Borb\u00f3n<\/em><\/p><\/div>\n<p>&nbsp;<\/p>\n<p>Na c\u00e1mara do infante don Carlos cant\u00e1base xa vitoria antes de tempo. Mesmo entre os diplom\u00e1ticos estranxeiros era un\u00e1nime o convencemento de que, falecido o soberano, o trono pasar\u00eda a don Carlos, en lugar da unha ra\u00ed\u00f1a nena como Isabel.<\/p>\n<p>E \u00e9 que Mar\u00eda Cristina, vendo o estado de sa\u00fade do seu esposo, e non fi\u00e1ndose de Don Carlos e o seu camarilla, decidiu confiar en quen nunca debeu de habelo, o ministro de Gracia e Xustiza Tadeo Calomarde, un antiliberal que xa traizoara ao seu protector Godoy aproveit\u00e1ndose da xenerosidade de Arg\u00fcelles. E un oportunista sen escr\u00fapulos que pretend\u00eda agora abandonar \u00e1 filla do rei moribundo para lanzarse en mans do pretendente carlista.<\/p>\n<div id=\"attachment_11906\" style=\"width: 247px\" class=\"wp-caption aligncenter\"><img loading=\"lazy\" decoding=\"async\" aria-describedby=\"caption-attachment-11906\" class=\"size-medium wp-image-11906\" src=\"https:\/\/recreacionhistoria.com\/wp-content\/uploads\/2022\/09\/Francisco-Tadeo-Calomarde-237x300.jpg\" alt=\"Francisco Tadeo Calamarde\" width=\"237\" height=\"300\" title=\"\" srcset=\"https:\/\/recreacionhistoria.com\/wp-content\/uploads\/2022\/09\/Francisco-Tadeo-Calomarde-237x300.jpg 237w, https:\/\/recreacionhistoria.com\/wp-content\/uploads\/2022\/09\/Francisco-Tadeo-Calomarde.jpg 736w\" sizes=\"(max-width: 237px) 100vw, 237px\" \/><p id=\"caption-attachment-11906\" class=\"wp-caption-text\"><em>Francisco Tadeo Calamarde<\/em><\/p><\/div>\n<p>Calomarde suxeriu \u00e1 ra\u00ed\u00f1a que persuadise ao monarca para asinar un decreto nome\u00e1ndoa a ela rexente e ao pretendente, primeiro conselleiro. Pero o infante, como esperaba Calomarde, rexeitou semellante proposta, ante o cal o ministro urdi\u00f3 unha rexencia conxunta que don Carlos tam\u00e9n rexeitou. Xunto a Calomarde, acosaban \u00e1 ra\u00ed\u00f1a co mesmo prop\u00f3sito o ministro de Estado, conde de Alcudia, o bispo de Le\u00f3n, o enviado de N\u00e1poles Antonini, os condes Solaro e Brunetti, representantes de Sarde\u00f1a e de Austria, e ata o confesor de Mar\u00eda Cristina, don Francisco Telesforo. Todos eles advertiron \u00e1 soberana de que, para evitar os horrores que vir\u00edan cunha guerra civil, deb\u00eda deixar que a Coroa recaese nas tempas de don Carlos.<\/p>\n<p>Mar\u00eda Cristina, rendida ante as presi\u00f3ns, a ra\u00ed\u00f1a induciu ao seu ag\u00f3nico marido a rubricar un codicilo que derrogaba a Pragm\u00e1tica Sanci\u00f3n e, por tanto, as esperanzas de que a filla de ambos, Isabel, puidese reinar alg\u00fan d\u00eda. O 18 de setembro de 1832 Fernando VII asinou, obnubilado, o documento en forma de decreto, sum\u00edndose logo nun profundo letargo.<\/p>\n<p>Pero o que non esperaban \u00e9 que Fernando VII recuperarse a sa\u00fade, e o 31 de decembro de 1832 anulase por decreto o codicilo do 18 de setembro, o cal, segundo o mesmo monarca denunciou, f\u00f3ralle dado a asinar en contra da s\u00faa vontade. Por el restablec\u00edase \u00e1 s\u00faa filla Isabel como herdeira. O novo goberno de Cea Berm\u00fadez optar\u00eda por unha t\u00edmida apertura cara aos liberais, buscando apoios, decretando unha amnist\u00eda e destitu\u00edndo a todos os elementos carlistas dos resortes do poder. Carlos Mar\u00eda Isidro decidiu marchar ao exilio portugu\u00e9s.<\/p>\n<div id=\"attachment_11902\" style=\"width: 240px\" class=\"wp-caption aligncenter\"><img loading=\"lazy\" decoding=\"async\" aria-describedby=\"caption-attachment-11902\" class=\"size-full wp-image-11902\" src=\"https:\/\/recreacionhistoria.com\/wp-content\/uploads\/2022\/09\/Cea-Fermudez.jpg\" alt=\"Cea Berm\u00fadez\" width=\"230\" height=\"271\" title=\"\"><p id=\"caption-attachment-11902\" class=\"wp-caption-text\"><em>Cea Berm\u00fadez<\/em><\/p><\/div>\n<p>Fernando VII entregou \u00e1 s\u00faa esposa o rexio bast\u00f3n de mando mediante outro decreto que a habilitaba para despachar os asuntos de Estado durante a s\u00faa convalecencia. Pero nos poucos meses de vida que restaban ao monarca, a verdadeira soberana foi a infanta Luisa Carlota, ata o punto de que Cea Berm\u00fadez, primeiro secretario do Despacho Universal, reuniuse case a diario con ela.<\/p>\n<p>Apenas nove meses despois, Fernando VII morre o 29 de setembro de 1833. Isabel, con tres anos de idade, herdaba a Coroa e a s\u00faa nai, Mar\u00eda Cristina, pasaba a ser r\u00e9inaa Gobernadora. Para afianzarse no poder fronte aos carlistas, que non reco\u00f1ec\u00edan a sucesi\u00f3n, apoiouse nos liberais moderados para gobernar, a pesar do seu escaso entusiasmo polo liberalismo.<\/p>\n<p>As rexencias, polo xeral, adoitan ser \u00e9pocas de inestabilidade. Neste caso, a provocada pola minor\u00eda de idade da ra\u00ed\u00f1a viuse multiplicada pola reacci\u00f3n do seu t\u00edo Carlos. Convencido de ser o lex\u00edtimo herdeiro,\u00a0 publicou o Manifesto de Abrantes onde se autoproclamaba rei co nome de Carlos V, e ademais promoveu un levantamento para defender os seus dereitos din\u00e1sticos. Inici\u00e1base a primeira guerra carlista.<\/p>\n<p>&nbsp;<\/p>\n<h2><strong>A infanta que cambiou a historia dos Borb\u00f3ns<\/strong><\/h2>\n<p>Demasiadas veces esqu\u00e9cese inxustamente que a infanta Luisa Carlota de Borb\u00f3n D\u00faas Sicilias (1804-1844) foi a \u00fanica muller capaz de engatusar a un monarca tan desconfiado e receloso como Fernando VII.<\/p>\n<p>Muller de armas tomar, a infanta Luisa Carlota de Borb\u00f3n D\u00faas Sicilias (1804-1844) arranxoullas como puido para variar o rumbo da historia dos Borb\u00f3ns.<\/p>\n<div id=\"attachment_11912\" style=\"width: 233px\" class=\"wp-caption aligncenter\"><img loading=\"lazy\" decoding=\"async\" aria-describedby=\"caption-attachment-11912\" class=\"size-medium wp-image-11912\" src=\"https:\/\/recreacionhistoria.com\/wp-content\/uploads\/2022\/09\/Luisa-CArlota-de-Borbon-dos-Sicilias-223x300.jpg\" alt=\"Luisa Carlota de Borb\u00f3n Dos Sicilias\" width=\"223\" height=\"300\" title=\"\" srcset=\"https:\/\/recreacionhistoria.com\/wp-content\/uploads\/2022\/09\/Luisa-CArlota-de-Borbon-dos-Sicilias-223x300.jpg 223w, https:\/\/recreacionhistoria.com\/wp-content\/uploads\/2022\/09\/Luisa-CArlota-de-Borbon-dos-Sicilias.jpg 474w\" sizes=\"(max-width: 223px) 100vw, 223px\" \/><p id=\"caption-attachment-11912\" class=\"wp-caption-text\"><em>Luisa Carlota de Borb\u00f3n Dos Sicilias<\/em><\/p><\/div>\n<p>Ata co\u00f1ecer en persoa \u00e1 s\u00faa amada, o rei fel\u00f3n consol\u00e1base auscultando coa mirada cada detalle do retrato que lle entregou a s\u00faa cu\u00f1ada Luisa Carlota. Era unha imaxe de esmalte en miniatura que bastou para seducir ao lascivo monarca. Pero, polo si ou polo non este cambiaba de opini\u00f3n no \u00faltimo instante, Luisa Carlota seguiu po\u00f1\u00e9ndolle ao rei os dentes longos con varias cartas, como a datada o 31 de outubro de 1829, un mes antes de partir Mar\u00eda Cristina cara a Madrid desde Palermo, onde nacera o 2 de agosto de 1806, para contraer matrimonio con Fernando VII. Redactada con boa caligraf\u00eda e algunhas faltas de sintaxes e ortograf\u00eda emendadas, en parte, debido \u00e1 s\u00faa educaci\u00f3n en italiano e en franc\u00e9s, a infanta Luisa Carlota esculp\u00eda para o rei o retrato f\u00edsico m\u00e1is completo da futura ra\u00ed\u00f1a de Espa\u00f1a: <em>\u201cQuerido Fernando da mi\u00f1a vida, Fernando do meu coraz\u00f3n. Hoxe foi o d\u00eda para min m\u00e1is feliz da mi\u00f1a vida. Coma se non faltase m\u00e1is para que fose completo que estiveses aqu\u00ed. Albricias aos meus ollos, Cristina par\u00e9cese ao retrato da pulseira tanto como o que che dei, pero este \u00e9 mellor pois \u00e9 animado, ten os ollos nos carrillos, \u00e9 dunhas curvas regulares, morenilla, pero con moita graza, \u00e9 un pouco m\u00e1is pequena que eu, de boas cores; o nariz \u00e9 moi regular, non se lle co\u00f1ecen manchas, o pelo moi negro, ollos bastante escuros e brillantes, moi boas cellas; en fin, aos meus ollos \u00e9 un conxunto moi fermoso&#8230; Entregueille o librito e enc\u00e1rgame por se non ten tempo que che dea as grazas e a desculpa no seu nome e rep\u00edtache que che desexa ver canto antes. Perdoa a molestia&#8230;\u201d.<\/em><\/p>\n<p>A minuciosa descrici\u00f3n de Mar\u00eda Cristina feita por Luisa Carlota forneceu no monarca o mesmo efecto que se a contemplase cos seus propios ollos, como o proba estoutra carta do propio Fernando VII dirixida a \u00aba noiva\u00bb, como el cham\u00e1baa, datada o 29 de setembro do mesmo ano: <em>\u201cEu xa me informaba das t\u00faas pezas persoais \u2013escrib\u00eda, obsceno, o seu t\u00edo carnal\u2013 e todo isto fixo que sen co\u00f1ecerte, xa estou namorado de ti e non desexo m\u00e1is que unirme a ti, pois todo o d\u00eda non penso m\u00e1is que na mi\u00f1a amada Cristina&#8230; O meu anhelo agora \u00e9 se eu gustareiche a ti&#8230;\u201d.<\/em> Tal foi o seu arrebato ao contemplar a diminuta imaxe, obsequio de Luisa Carlota, que a mesma noite en que faleceu a s\u00faa terceira muller, Fernando VII enviou a N\u00e1poles a Pedro Brem\u00f3n e Alfaro para iniciar a negociaci\u00f3n da voda coa s\u00faa sobri\u00f1a carnal.<\/p>\n<p>Este \u00e9 un claro exemplo da capacidade de Luisa Carlota para alcanzar cuantos obxectivos propux\u00e9sese.<\/p>\n<p>E no caso que nos incumbe, a crise sucesoria de Fernando VII, tras os sucesos da Granxa, Luisa Carlota de Borb\u00f3n d\u00faas Sicilias, que era unha muller impetuosa, orgullosa, altiva e resolta, decatada da actitude da s\u00faa irm\u00e1 Mar\u00eda Cristina, chegou a Madrid, rebentando cabalos, na madrugada do d\u00eda 22 de setiembre de 1832. Decatada polo decano do Consello de Castela do acaecido en La Granja o d\u00eda 18, presentouse al\u00ed de improviso co infante Francisco de Paula. O rei melloraba xa levemente. No corredor topouse coa s\u00faa irm\u00e1 e recriminouna, cham\u00e1ndoa <em>\u201cregina dei galler\u00eda\u201d<\/em> pola s\u00faa falta de apromo. Ademais ad\u00f3itase contar un acontecemento, que cabe catalogar m\u00e1is como lenda que realidade, segundo o cal, Luisa Carlota losqueou a Calomarde polo seu vil manipulaci\u00f3n.<\/p>\n<p>A <em>\u201clenda\u201d<\/em> da labazada, como a cualificaba Comellas, pod\u00eda confundirse co suceso acaecido dous anos atr\u00e1s, en 1830, cando o xeneral Lu\u00eds Fern\u00e1ndez de C\u00f3rdova, insultado polo ministro, propinoulle un tremendo que lle derrubou ao chan. Losquease ou non Luisa Carlota a Calomarde, o certo \u00e9 que a intervenci\u00f3n da infanta arrebatou a don Carlos a ocasi\u00f3n m\u00e1is clara de cinguirse a coroa.<\/p>\n<p>Desde ese momento, a s\u00faa influencia f\u00edxose maior. Co inicio da Guerra Carlista, Luisa Carlota situouse \u00e1 beira da causa liberal. O matrimonio foi o principal apoio de Mar\u00eda Cristina nos primeiros anos da Rexencia ata que os amor\u00edos desta co garda de corps Fernando Mu\u00f1oz e as incesantes cr\u00edticas de Luisa Carlota a esta relaci\u00f3n, separaron \u00e1s irm\u00e1s. Influ\u00edu tam\u00e9n a permanente insistencia de Francisco de Paula para facerse cunha cadeira de brazos no Senado, na recentemente inaugurada Monarqu\u00eda Liberal. As\u00ed que Mar\u00eda Cristina, que comezaba a desvelar o seu marcado car\u00e1cter napolitano, non dubidou en mandalos ao exilio. Os Borb\u00f3n-N\u00e1poles e a s\u00faa copiosa familia, part\u00edan cara a Francia en 1838. Desde Par\u00eds, inspirados polo conde de Parcent, seguiron intrigando para apartar a Mar\u00eda Cristina da Rexencia, m\u00e1is cando a vitoria liberal parec\u00eda pr\u00f3xima.<\/p>\n<p>Como an\u00e9cdota engadir que se Luisa Carlota tivo once irm\u00e1ns, a Providencia deulle exactamente o mesmo n\u00famero de fillos, todos eles iluminaci\u00f3ns nun per\u00edodo de quince anos. Empezando polo primox\u00e9nito Francisco de As\u00eds, nacido en maio de 1820 e desposado logo con Isabel II.<\/p>\n<p>Coa subida ao poder de Espartero regresaron a Espa\u00f1a e instal\u00e1ronse provisionalmente en Burgos, en casa do deputado progresista Antonio Collantes. Xa no Palacio Real, as s\u00faas continuas manobras para desestabilizar ao Rexente lev\u00e1ronos a un primeiro desterro a Zaragoza e finalmente, de novo a Par\u00eds. Pero en Francia, empezaron a ver nun futuro matrimonio entre o seu fillo Francisco e a s\u00faa nova sobri\u00f1a, a Ra\u00ed\u00f1a Isabel II, unha nova oportunidade de achegarse ao trono. A ca\u00edda de Espartero en 1843 coincidiu coa s\u00faa volta a Espa\u00f1a.<\/p>\n<p>Ao pouco de instalarse na s\u00faa residencia da r\u00faa da Luna, preto do Palacio Real, a Infanta Luisa Carlota falec\u00eda por sarampelo. Foi unha morte inesperada, de <em>\u201ccar\u00e1cter fulminante\u201d<\/em> como lemos no Eco do Comercio (1 febreiro 1840). Non chegou a ver ao seu apocado fillo Francisco, convertido en Rey consorte.<\/p>\n<div id=\"attachment_11908\" style=\"width: 231px\" class=\"wp-caption aligncenter\"><img loading=\"lazy\" decoding=\"async\" aria-describedby=\"caption-attachment-11908\" class=\"size-medium wp-image-11908\" src=\"https:\/\/recreacionhistoria.com\/wp-content\/uploads\/2022\/09\/Isabel-II-de-Espana-221x300.jpg\" alt=\"Isabel lI\" width=\"221\" height=\"300\" title=\"\" srcset=\"https:\/\/recreacionhistoria.com\/wp-content\/uploads\/2022\/09\/Isabel-II-de-Espana-221x300.jpg 221w, https:\/\/recreacionhistoria.com\/wp-content\/uploads\/2022\/09\/Isabel-II-de-Espana.jpg 474w\" sizes=\"(max-width: 221px) 100vw, 221px\" \/><p id=\"caption-attachment-11908\" class=\"wp-caption-text\"><em>Isabel lI<\/em><\/p><\/div>\n<h2><strong>Conclusi\u00f3ns<\/strong><\/h2>\n<p>En consecuencia, tras os acontecementos antes narrados, e tras un duro enfrontamento entre facci\u00f3ns, quen utilizou enganos, ameazas e presi\u00f3ns, finalmente lsabel II de Espa\u00f1a, nada Mar\u00eda Isabel Luisa de Borb\u00f3n e Borb\u00f3n, foi xurada princesa de Asturias o 20 de xu\u00f1o de 1833 e proclamada Reina o 24 de outubro do mesmo ano. Ra\u00ed\u00f1a desde os tres anos, durante a s\u00faa minor\u00eda de idade (1833-1843) actuaron como rexentes, primeiro a s\u00faa nai, a reina Mar\u00eda Cristina, e despois o xeneral Espartero.<\/p>\n<p>A negativa de Carlos a aceptar, como ra\u00ed\u00f1a, \u00e1 s\u00faa sobri\u00f1a, desatou a primeira guerra carlista.<\/p>\n<p>Isabel II, \u00e1 que P\u00e9rez Gald\u00f3s denominou \u00aba dos tristes destinos\u00bb, foi ra\u00ed\u00f1a de Espa\u00f1a entre 1833 e 1868, data na que foi destronada pola chamada <em>\u201cRevoluci\u00f3n Gloriosa\u201d.<\/em> O seu reinado ocupa un dos per\u00edodos m\u00e1is complexos e convulsos do s\u00e9culo XIX, caracterizado polos profundos procesos de cambio pol\u00edtico que trae consigo a Revoluci\u00f3n liberal: o liberalismo pol\u00edtico e a consolidaci\u00f3n do novo Estado de sinal liberal e parlamentario, xunto \u00e1s transformaci\u00f3ns socio-econ\u00f3micas que aluman en Espa\u00f1a a sociedade e a econom\u00eda contempor\u00e1nea.<\/p>\n<p>&nbsp;<\/p>\n<p>E rematamos esta publicaci\u00f3n, confiando en que, a pesar da s\u00faa longa extensi\u00f3n, resultase do voso interese, e nese caso gustar\u00edanos que nolo fix\u00e9sedes saber pulsando no bot\u00f3n <strong><em>\u201cG\u00fastame\u201d.<\/em><\/strong> Ademais, anim\u00e1mosche a achegar alg\u00fan comentario, e se tes interese, subscribirche @gratuitamente \u00e1 Newsletter do Blogue para manterche sempre informado sobre as novas publicaci\u00f3ns do Blogue.<\/p>\n<p>Por \u00faltimo, se vos gustou o suficiente como para compartilo nas vosas redes sociais, estariamos realmente encantados de que as\u00ed o fix\u00e9sedes.<\/p>\n<p>&nbsp;<\/p>\n<h2><strong>As nosas recomendaci\u00f3ns de hoxe<\/strong><\/h2>\n<p><iframe style=\"width: 120px; height: 240px;\" src=\"\/\/rcm-eu.amazon-adsystem.com\/e\/cm?lt1=_blank&amp;bc1=000000&amp;IS2=1&amp;bg1=FFFFFF&amp;fc1=000000&amp;lc1=0000FF&amp;t=historia0bc-21&amp;language=es_ES&amp;o=30&amp;p=8&amp;l=as4&amp;m=amazon&amp;f=ifr&amp;ref=as_ss_li_til&amp;asins=849066823X&amp;linkId=5bbb1a96225eaf72de07de7fdc51f0c8\" frameborder=\"0\" marginwidth=\"0\" marginheight=\"0\" scrolling=\"no\" sandbox=\"allow-popups allow-scripts allow-modals allow-forms allow-same-origin\"><\/iframe><\/p>\n<p><iframe style=\"width: 120px; height: 240px;\" src=\"\/\/rcm-eu.amazon-adsystem.com\/e\/cm?lt1=_blank&amp;bc1=000000&amp;IS2=1&amp;bg1=FFFFFF&amp;fc1=000000&amp;lc1=0000FF&amp;t=historia0bc-21&amp;language=es_ES&amp;o=30&amp;p=8&amp;l=as4&amp;m=amazon&amp;f=ifr&amp;ref=as_ss_li_til&amp;asins=8423338630&amp;linkId=b1d6b79a8ad9083cfef9f580301c0d12\" frameborder=\"0\" marginwidth=\"0\" marginheight=\"0\" scrolling=\"no\" sandbox=\"allow-popups allow-scripts allow-modals allow-forms allow-same-origin\"><\/iframe><\/p>\n<p>&nbsp;<\/p>\n<h2><strong>Refere<\/strong><strong>ncias<\/strong><\/h2>\n<p>Fernando VII. Solo sombras. De Mart\u00ednez Pons, A.<\/p>\n<p>Historia de Espa\u00f1a. Crisis del Antiguo R\u00e9gimen. De Ferrer, J.A.<\/p>\n<p>La Espa\u00f1a de Fernando VII. De Moreno, M.<\/p>\n<p><a href=\"http:\/\/www.nuevatribuna.es\" target=\"_blank\" rel=\"noopener\">www.nuevatribuna.es<\/a><\/p>\n<p><a href=\"http:\/\/www.apunteshistoria.info\" target=\"_blank\" rel=\"noopener\">www.apunteshistoria.info<\/a><\/p>\n<p><a href=\"https:\/\/dbe.rah.es\" target=\"_blank\" rel=\"noopener\">https:\/\/dbe.rah.es<\/a><\/p>\n<p><a href=\"http:\/\/www.larazon.es\" target=\"_blank\" rel=\"noopener\">www.larazon.es<\/a><\/p>\n<p>&nbsp;<\/p>\n","protected":false},"excerpt":{"rendered":"<p>En todo r\u00e9xime mon\u00e1rquico, a sucesi\u00f3n \u00e9 un asunto prioritario. E un dos problemas que se adoitan producir \u00e9 o que se refire \u00e1 forma en que se determina quen \u00e9 o herdeiro ao trono. E en terras hispanas unha das grandes crises sucesorias tivo lugar nas primeiras d\u00e9cadas do s\u00e9culo XIX, co falecemento de&hellip;<\/p>\n","protected":false},"author":2,"featured_media":11899,"comment_status":"open","ping_status":"open","sticky":false,"template":"","format":"standard","meta":{"_monsterinsights_skip_tracking":false,"_monsterinsights_sitenote_active":false,"_monsterinsights_sitenote_note":"","_monsterinsights_sitenote_category":0,"footnotes":""},"categories":[168,520,223,221],"tags":[273,2340,2336,2337,271,2050,2051,2338,2339,392,237],"class_list":["post-11920","post","type-post","status-publish","format-standard","has-post-thumbnail","hentry","category-edad-moderna","category-edad-moderna-gl","category-idade-moderna","category-recuncho-da-historia","tag-biografias-gl","tag-crise-sucesoria","tag-crisis-sucesoria","tag-crisis-sucesoria-gl","tag-curiosidades-historicas-gl","tag-fernando-vii-gl","tag-isabel-ii-gl","tag-ley-salica-gl","tag-pragmatica-sancion-gl","tag-sociedad-gl","tag-sociedade","category-168","category-520","category-223","category-221","description-off"],"_links":{"self":[{"href":"https:\/\/recreacionhistoria.com\/gl\/wp-json\/wp\/v2\/posts\/11920","targetHints":{"allow":["GET"]}}],"collection":[{"href":"https:\/\/recreacionhistoria.com\/gl\/wp-json\/wp\/v2\/posts"}],"about":[{"href":"https:\/\/recreacionhistoria.com\/gl\/wp-json\/wp\/v2\/types\/post"}],"author":[{"embeddable":true,"href":"https:\/\/recreacionhistoria.com\/gl\/wp-json\/wp\/v2\/users\/2"}],"replies":[{"embeddable":true,"href":"https:\/\/recreacionhistoria.com\/gl\/wp-json\/wp\/v2\/comments?post=11920"}],"version-history":[{"count":3,"href":"https:\/\/recreacionhistoria.com\/gl\/wp-json\/wp\/v2\/posts\/11920\/revisions"}],"predecessor-version":[{"id":11923,"href":"https:\/\/recreacionhistoria.com\/gl\/wp-json\/wp\/v2\/posts\/11920\/revisions\/11923"}],"wp:featuredmedia":[{"embeddable":true,"href":"https:\/\/recreacionhistoria.com\/gl\/wp-json\/wp\/v2\/media\/11899"}],"wp:attachment":[{"href":"https:\/\/recreacionhistoria.com\/gl\/wp-json\/wp\/v2\/media?parent=11920"}],"wp:term":[{"taxonomy":"category","embeddable":true,"href":"https:\/\/recreacionhistoria.com\/gl\/wp-json\/wp\/v2\/categories?post=11920"},{"taxonomy":"post_tag","embeddable":true,"href":"https:\/\/recreacionhistoria.com\/gl\/wp-json\/wp\/v2\/tags?post=11920"}],"curies":[{"name":"wp","href":"https:\/\/api.w.org\/{rel}","templated":true}]}}