{"id":10670,"date":"2026-04-09T07:52:45","date_gmt":"2026-04-09T06:52:45","guid":{"rendered":"https:\/\/recreacionhistoria.com\/?p=10670"},"modified":"2026-04-09T07:52:45","modified_gmt":"2026-04-09T06:52:45","slug":"a-vivenda-na-idade-media","status":"publish","type":"post","link":"https:\/\/recreacionhistoria.com\/gl\/a-vivenda-na-idade-media\/","title":{"rendered":"A vivenda na Idade Media"},"content":{"rendered":"<p>A construci\u00f3n das vivendas evolucionou moit\u00edsimo ao longo dos s\u00e9culos, non s\u00f3 polo desenvolvemento das t\u00e9cnicas e uso de novos materiais, sen\u00f3n tam\u00e9n pola s\u00faa adaptaci\u00f3n \u00e1s posibilidades e necesidades que foron aparecendo. Hoxe dedicamos esta entrada a co\u00f1ecer como era <em><strong>a vivenda na Idade Media.<\/strong><\/em><\/p>\n<p>&nbsp;<\/p>\n<h2>A cidade medieval<\/h2>\n<p>Durante a Idade Media prod\u00facese un importante desenvolvemento en materia urban\u00edstica. T\u00e9ntase a ordenaci\u00f3n urbana que, no caso da forma urbana, concr\u00e9tase nunha estrutura amurallada e cunha vivenda t\u00edpica, a casa g\u00f3tica.<\/p>\n<p>As\u00ed atopamos que a cidade medieval constit\u00faese como un espazo pechado, utilizado como fortaleza defensiva e refuxio dos habitantes e campesi\u00f1os da s\u00faa contorna. Adicionalmente, constit\u00faese como lugar de mercado da \u00e1rea de influencia.<\/p>\n<p>A cidade medieval atopa o seu m\u00e1ximo desenvolvemento como consecuencia da expansi\u00f3n agr\u00edcola iniciada no s\u00e9culo XII que xerou prosperidade econ\u00f3mica. \u00c1s cidades acud\u00edan os campesi\u00f1os a vender os seus excedentes (cereais, froitas, carne, etc), \u00e1 vez que compraban artigos de uso coti\u00e1n elaborados polos artes\u00e1ns (ferramentas, cer\u00e1mica, roupa, etc). Por iso o comercio foi caracterizado como a s\u00faa funci\u00f3n principal, e por ese motivo requiriuse que houbese disposici\u00f3n de prazas ou espazos p\u00fablicos para poder realizar tarefas de mercado.<\/p>\n<p>Como diciamos antes, as cidades medievais estaban rodeadas de altas murallas para a s\u00faa protecci\u00f3n e algunhas contaban cunha fortaleza constru\u00edda dentro do recinto da cidade co\u00f1ecida como cidadela. As portas da cidade pech\u00e1banse de noite.<\/p>\n<p><img fetchpriority=\"high\" decoding=\"async\" class=\"size-medium wp-image-10673 aligncenter\" src=\"https:\/\/recreacionhistoria.com\/wp-content\/uploads\/2022\/03\/Ciudad-medieval-300x168.jpg\" alt=\"\" width=\"300\" height=\"168\" title=\"\" srcset=\"https:\/\/recreacionhistoria.com\/wp-content\/uploads\/2022\/03\/Ciudad-medieval-300x168.jpg 300w, https:\/\/recreacionhistoria.com\/wp-content\/uploads\/2022\/03\/Ciudad-medieval.jpg 474w\" sizes=\"(max-width: 300px) 100vw, 300px\" \/><\/p>\n<p>O movemento econ\u00f3mico que se produc\u00eda no interior das cidades aproveitouse por parte das autoridades para\u00a0 cobrar impostos sobre as mercador\u00edas que entraban nas mesmas.<\/p>\n<p>Na s\u00faa estrutura interna, a cidade divid\u00edase en barrios, cada un coa s\u00faa propia parroquia. Dispu\u00f1an dun gran espazo aberto, a praza do mercado, onde os comerciantes e campesi\u00f1os instalaban os seus postos e no que ti\u00f1an lugar os principais acontecementos da cidade: as representaci\u00f3ns dos artistas, as celebraci\u00f3ns festivas e os axustizamentos. O resto do espazo estaba ocupado por un enxame de vivendas que propiciaban r\u00faas estreitas e tortuosas, tras as cales, atop\u00e1banse pequenos hortos e currais.<\/p>\n<p>En todo caso, a aparici\u00f3n da cidade medieval debeuse a unha serie de condicionantes:<\/p>\n<ul>\n<li><em>El feudalismo:<\/em> os membros da sociedade feudal agr\u00fapanse de forma xer\u00e1rquica. Para manter a protecci\u00f3n tanto econ\u00f3mica e social como militar nas pequenas industrias agr\u00edcolas dos se\u00f1ores feudais establ\u00e9cense pequenos n\u00facleos urbanos.<\/li>\n<li><em>A Igrexa:<\/em> as cidades medievais agruparanse tam\u00e9n ao redor de sedes episcopais e mosteiros. Non o far\u00e1n cunha planimetr\u00eda definida, sen\u00f3n que depender\u00e1 da importancia do asentamento relixioso.<\/li>\n<li><em>O comercio: <\/em>co rexurdimento do comercio, sobre todo no norte de Italia (Florencia, Pisa, Siena&#8230;) e na liga Hanse\u00e1tica, rexurdir\u00e1 tam\u00e9n a vida urbana. Aparecer\u00e1n tam\u00e9n cidades na costa mediterr\u00e1nea debido \u00e1s rutas comerciais con Oriente, e en Centroeuropa. Coa aparici\u00f3n das rutas comerciais, cr\u00e9anse cidades-peaxe onde a burgues\u00eda comercial pod\u00eda desenvolver o seu labor, separadas entre si, non m\u00e1is dun d\u00eda de viaxe para estar comunicadas.<\/li>\n<\/ul>\n<p><img decoding=\"async\" class=\"size-medium wp-image-10687 aligncenter\" src=\"https:\/\/recreacionhistoria.com\/wp-content\/uploads\/2022\/03\/Paisaje-medieval-300x224.jpg\" alt=\"\" width=\"300\" height=\"224\" title=\"\" srcset=\"https:\/\/recreacionhistoria.com\/wp-content\/uploads\/2022\/03\/Paisaje-medieval-300x224.jpg 300w, https:\/\/recreacionhistoria.com\/wp-content\/uploads\/2022\/03\/Paisaje-medieval-768x574.jpg 768w, https:\/\/recreacionhistoria.com\/wp-content\/uploads\/2022\/03\/Paisaje-medieval.jpg 900w\" sizes=\"(max-width: 300px) 100vw, 300px\" \/><\/p>\n<p>Doutra banda, o progresivo desenvolvemento urbano e o incremento do n\u00famero de persoas que habitaban nas cidades durante a Idade Media, trouxo consigo graves consecuencias, sendo a m\u00e1is importante delas a r\u00e1pida propagaci\u00f3n das enfermidades e derivado dela a sensible elevaci\u00f3n das taxas de mortalidade. Se a iso sumamos a necesidade de resolver \u00e1 cuesti\u00f3n de como acoller aos numerosos habitantes que chegaban desde o campo houbo que recorrer a diversas f\u00f3rmulas:<\/p>\n<ul>\n<li><em>A construci\u00f3n de vivendas encostadas<\/em>, mediante as cales se tende a suprimir o espazo existente entre as mesmas, como forma para economizar o espazo urbano existente. En realidade, esta tradici\u00f3n fora empregada en terras da Pen\u00ednsula it\u00e1lica desde tempos do Imperio Romano, a\u00ednda que a partir do S\u00e9culo XII consol\u00eddase e est\u00e9ndese por zonas como a Renania alem\u00e1 ou Francia.<\/li>\n<li><em>Estreitando a parte de fachada que daba \u00e1 r\u00faa.<\/em> As\u00ed, as casas posu\u00edan certa lonxitude, pero non anchura, feito que influir\u00e1 loxicamente na iluminaci\u00f3n das vivendas e na s\u00faa falta de ventilaci\u00f3n, factor negativo, doutra banda, en canto a salubridade ref\u00edrese.<\/li>\n<li><em>Engadindo m\u00e1is plantas \u00e1s casas.<\/em> As\u00ed, en numerosas cidades son frecuentes as casas con d\u00faas ou m\u00e1is plantas, que contan, como contrapartida ao exposto no anterior apartado, con xanelas, para poder aproveitar o m\u00e1ximo posible a luz.<\/li>\n<\/ul>\n<p>Tam\u00e9n hai que significar un tema capital ao aumentar o tama\u00f1o das cidades, e que\u00a0 ser\u00e1 a subministraci\u00f3n de auga. Os romanos crearan numerosos sistemas de canalizaci\u00f3n e subministraci\u00f3n, pero, tras a ca\u00edda do Imperio, a maior parte destas infraestruturas caeran en desuso. As\u00ed, o m\u00e1is habitual nas cidades medievais para abastecerse de auga, era recorrer aos pozos que se atopaban nas s\u00faas proximidades, dos que se obti\u00f1a o l\u00edquido elemento mediante unhas noras xeralmente movidas por animais de tiro.<\/p>\n<p><img decoding=\"async\" class=\"size-medium wp-image-10675 aligncenter\" src=\"https:\/\/recreacionhistoria.com\/wp-content\/uploads\/2022\/03\/Casa-medieval-300x240.jpg\" alt=\"\" width=\"300\" height=\"240\" title=\"\" srcset=\"https:\/\/recreacionhistoria.com\/wp-content\/uploads\/2022\/03\/Casa-medieval-300x240.jpg 300w, https:\/\/recreacionhistoria.com\/wp-content\/uploads\/2022\/03\/Casa-medieval-768x614.jpg 768w, https:\/\/recreacionhistoria.com\/wp-content\/uploads\/2022\/03\/Casa-medieval.jpg 1000w\" sizes=\"(max-width: 300px) 100vw, 300px\" \/><\/p>\n<p>Tam\u00e9n foi moi frecuente utilizar a auga dos r\u00edos, a\u00ednda que como norma xeral a maior parte deles na s\u00faa discorrer polo casco dunha cidade atop\u00e1banse contaminados polas verteduras de augas residuais na s\u00faa canle. Deste xeito, a consecuencia m\u00e1is evidente diso foi, o elevado n\u00famero de enfermidades infecciosas (c\u00f3lera, disenter\u00eda) que debeu soportar a poboaci\u00f3n das cidades na Idade Media.<\/p>\n<p>En canto ao saneamento, a situaci\u00f3n era diferente segundo a cidade tivese ou non letrinas. As\u00ed, baste como exemplo, o feito que, na Londres medieval exist\u00edan 16 letrinas p\u00fablicas para unha poboaci\u00f3n entre os 35.000 e 40.000 habitantes.<\/p>\n<p>Exist\u00edan tam\u00e9n numerosos pozos negros particulares situados na parte traseira das vivendas, que son revestidos de pedra ou vimbia, limp\u00e1ndoos escasamente e botando o seu contido nos r\u00edos ou campos lindeiros \u00e1s cidades.<\/p>\n<p>En canto \u00e1 distribuci\u00f3n social dentro da cidade, hai que dicir que as persoas acomodadas resid\u00edan, xeralmente, no centro da cidade, e conforme descendemos na escala social, as vivendas af\u00e1stanse do centro da urbe.<\/p>\n<p><img loading=\"lazy\" decoding=\"async\" class=\"size-medium wp-image-10677 aligncenter\" src=\"https:\/\/recreacionhistoria.com\/wp-content\/uploads\/2022\/03\/Calles-ciudad-medieval-300x199.jpg\" alt=\"\" width=\"300\" height=\"199\" title=\"\" srcset=\"https:\/\/recreacionhistoria.com\/wp-content\/uploads\/2022\/03\/Calles-ciudad-medieval-300x199.jpg 300w, https:\/\/recreacionhistoria.com\/wp-content\/uploads\/2022\/03\/Calles-ciudad-medieval-768x510.jpg 768w, https:\/\/recreacionhistoria.com\/wp-content\/uploads\/2022\/03\/Calles-ciudad-medieval.jpg 800w\" sizes=\"(max-width: 300px) 100vw, 300px\" \/><\/p>\n<p>Tam\u00e9n te\u00f1en a s\u00faa zona de residencia os sectores urbanos segregados, tales como xudeus, musulm\u00e1ns e as capas m\u00e1is baixas da sociedade dedicadas a oficios pouco licenciosos.<\/p>\n<p>&nbsp;<\/p>\n<h2><strong>As vivendas nas cidades<\/strong><\/h2>\n<p>As condici\u00f3ns materiais de existencia para os homes e as mulleres medievais eran bastante precarias por mor da s\u00faa dependencia do medio natural. No entanto, estas condici\u00f3ns variaban segundo o status social dos individuos.<\/p>\n<p>As casas desempe\u00f1aban diversas funci\u00f3ns: eran un refuxio ante as inclemencias naturais, eran a residencia familiar e, nalg\u00fans casos, o centro das actividades produtivas.<\/p>\n<p>As vivendas agr\u00fapanse en extensas maz\u00e1s de casas estreitas ali\u00f1adas, entre medianeiras e cun horto cara atr\u00e1s. As\u00ed, estas grandes maz\u00e1s contan con enormes ocos interiores dedicados a cultivos *hort\u00edcolas. Habitualmente, as hortas te\u00f1en acceso a un cami\u00f1o de servizo que transcorre polo interior da maz\u00e1 en paralelo \u00e1s r\u00faas que a delimitan.<\/p>\n<p>A parcela t\u00edpica ser\u00e1 a parcela g\u00f3tica, que se caracteriza pola s\u00faa estreiteza (de 3 a 5 metros), debida ao sistema construtivo da vivenda tradicional: as vigas, de madeira, non permit\u00edan alcanzar grandes luces, polo que os muros de carga non poden estar moi separados entre si.<\/p>\n<p>A casa medieval era, como os fogares modernos, o centro da vida familiar para todas as clases da sociedade europea. Con todo, en contraste co fogar de hoxe en d\u00eda, consist\u00eda en moitos m\u00e1is individuos que a familia nuclear. Desde a casa do rei at\u00e9 a m\u00e1is humilde vivenda campesi\u00f1a, parentes m\u00e1is ou menos afastados e un n\u00famero variable de serventes e dependentes cohabitaban co amo da casa e a s\u00faa familia inmediata. A estrutura da casa medieval disolveuse en gran parte polo advenimiento da privacidade na Europa moderna temper\u00e1.<\/p>\n<p>Outro tipo de vivendas urbanas eran os currais castel\u00e1ns onde a xente de condici\u00f3n modesta edificaba as s\u00faas casas ao redor dun patio, onde se atopaba o pozo comunitario. As vivendas eran moi pequenas e as letrinas eran de uso comunitario.<\/p>\n<p>As variaci\u00f3ns foron inmensas en todo un continente e un lapso de tempo duns 1000 anos. Con todo, a\u00ednda \u00e9 posible falar dun modelo cl\u00e1sico da casa medieval, particularmente como evolucionou na Francia *carolingia e desde al\u00ed estendeuse por grandes partes de Europa.<\/p>\n<p>&nbsp;<\/p>\n<h2><strong>Evoluci\u00f3n da vivenda na Idade Media<\/strong><\/h2>\n<p>Ao longo deste amplo per\u00edodo que abarca case 800 anos observamos d\u00faas tendencias de longa duraci\u00f3n en tomo \u00e1 caracterizaci\u00f3n da vivenda. Entre unha e outra, o punto de inflexi\u00f3n parece estar pr\u00f3ximo ao cambio de milenio.<\/p>\n<p>En Europa, <strong><em>sobre o 800 d.C. <\/em><\/strong>a diferenza entre as clases sociais e os novos ricos que \u00edan emerxendo, na s\u00faa maior\u00eda comerciantes, nobres e banqueiros, desencadeaba unha gran diferenza na edificaci\u00f3n das s\u00faas vivendas, estes constru\u00edan incribles casas de pedra, mentres que o pobo, m\u00e1is pobre, viv\u00edan en vivendas fabricadas na s\u00faa maior\u00eda de madeira, utilizando barro como illante e cubertas de palla.<\/p>\n<p>Durante este per\u00edodo, at\u00e9 o ano 1000 aproximadamente, utiliz\u00e1banse t\u00e9cnicas construtivas rudimentarias: muros de mamposter\u00eda asentada en seco, materiais apenas desbastados e ausencia de cimentaci\u00f3ns.<\/p>\n<p>&nbsp;<\/p>\n<p><strong><em>A partir do s\u00e9culo X<\/em><\/strong> obs\u00e9rvase un conxunto de constantes que se en determinados aspectos contin\u00faan as caracter\u00edsticas do per\u00edodo anterior, noutros modifican a imaxe da vivenda, o que non \u00e9 sen\u00f3n o reflexo dos cambios profundos que nos dous primeiros s\u00e9culos do II milenio experimentou a sociedade:<\/p>\n<ul>\n<li>Entre as permanencias hase de sinalar o emprego de sistemas construtivos rudimentarios: pedras apenas desbastadas, muros irregulares e inestables, ausencia de gabias de cimentaci\u00f3n e de argamasa.<\/li>\n<li>A novidade m\u00e1is destacada \u00e9 talvez a simplificaci\u00f3n das plantas que, independentemente da s\u00faa contextualizaci\u00f3n nunha aldea de poboamento agrupado ou disperso, responden ao modelo da denominada casa elemental caracter\u00edstica de amplas zonas de Europa Occidental na Idade Media. De dimensi\u00f3ns que raramente superaban os 50 m2, organizaban o espazo interior en d\u00faas metades: a dianteira ocupando dous terzos da planta dedicada a fogar e vivenda e a traseira a dormitorio e ocasionalmente a almac\u00e9n.<\/li>\n<\/ul>\n<p>No caso de vivendas no campo, const\u00e1tase que diante da casa dispuxeron doutros recintos, definidos por cercados de pedra apenas amontoada, reservados para os animais. Esta delimitaci\u00f3n de \u00e1mbitos, ao favorecer o aproveitamento econ\u00f3mico dos recursos gandeiros, constit\u00fae un s\u00edntoma da tendencia a imbricar na explotaci\u00f3n campesi\u00f1a a actividade agr\u00edcola e pecuaria, o que \u00e1 s\u00faa vez \u00e9 reflexo da expansi\u00f3n produtiva, motivada pola modificaci\u00f3n dos sistemas de cultivo, cada vez m\u00e1is intensivos e necesitados de abonos org\u00e1nicos.<\/p>\n<p>O crecemento econ\u00f3mico creou \u00e1 s\u00faa vez a necesidade de almacenar a produci\u00f3n en espazos destinados a ese fin. Na documentaci\u00f3n escrita aparecen os horreos ou as celas; na arqueol\u00f3xica os silos escavados nos chans das casas ou nos arredores. Moitos deles, de capacidade limitada, amortiz\u00e1ronse ao longo do s\u00e9culo XII, probablemente debido a que o triunfo e consolidaci\u00f3n da aristocracia se\u00f1orial far\u00edaos innecesarios, posto que foi esta clase a \u00fanica beneficiaria dos cambios experimentados nos sistemas sociais de produci\u00f3n, ao captar os excedentes produtivos a trav\u00e9s da expansi\u00f3n da renda feudal.<\/p>\n<p><img loading=\"lazy\" decoding=\"async\" class=\"size-medium wp-image-10689 aligncenter\" src=\"https:\/\/recreacionhistoria.com\/wp-content\/uploads\/2022\/03\/Vivienda-medieval-300x184.jpg\" alt=\"\" width=\"300\" height=\"184\" title=\"\" srcset=\"https:\/\/recreacionhistoria.com\/wp-content\/uploads\/2022\/03\/Vivienda-medieval-300x184.jpg 300w, https:\/\/recreacionhistoria.com\/wp-content\/uploads\/2022\/03\/Vivienda-medieval.jpg 474w\" sizes=\"(max-width: 300px) 100vw, 300px\" \/><\/p>\n<p>&nbsp;<\/p>\n<p><strong><em>A partir do s\u00e9culo XII,<\/em><\/strong> no caso das vivendas no campo, atopamos unha serie de *trasformaciones tendentes a mellorar a habitabilidade:<\/p>\n<ul>\n<li><em>Ampliaci\u00f3n do espazo das vivendas e o aumento do n\u00famero de habitaci\u00f3ns<\/em> utilizadas como taller, almac\u00e9n, adega, coci\u00f1a, comedor, sala e dormitorio.<\/li>\n<li>Tam\u00e9n, mesmo en n\u00facleos de poboamento disperso ou non moi compacto apr\u00e9ciase que <em>os animais foron afastados das habitaci\u00f3ns da familia<\/em>, creando alpendres, currais e construci\u00f3ns novas que pod\u00edan estar organizadas ao redor dun patio ou ser exentas, con \u00e1reas baleiras na s\u00faa ao redor.<\/li>\n<li><em>Apareceu tam\u00e9n a casa de pisos<\/em>, que triunfou entre os campesi\u00f1os enriquecidos, quen reproduciron alg\u00fans aspectos formais de c\u00e1salas torres se\u00f1oriais co obxecto de demostrar o seu prestixio social. A pesar diso non tiveron car\u00e1cter defensivo, xa que foron tan s\u00f3 casas de labranza nas que os animais quedaron segregados ao piso baixo, en tanto que no primeiro disp\u00faxose a sala, fogar e dormitorios.<\/li>\n<li>Continuouse utilizando pedra de procedencia local, pero regularizouse e ordenou en fiadas unidas con argamasa. Irromperon tam\u00e9n na paisaxe novos materiais como a teza curva, as baldosas de arxila cocida e os ladrillos, que se empregaron en todas as partes da casa: chans, paredes -enchendo armaz\u00f3ns de madeira- e tellados.<\/li>\n<li><em>As condici\u00f3ns de habitabilidade melloraron <\/em>tam\u00e9n ao constru\u00edr fog\u00f3ns, fornos de pan, fogares encostados \u00e1s paredes -que permitiron a apertura de chemineas nos muros-, xanelas &#8230; Incluso o mobiliario que, at\u00e9 a Baixa Idade Media era moi reducido e pouco variado, limitado a algunhas potas cer\u00e1micas destinadas \u00e1 cocci\u00f3n de alimentos, diversificouse: apareceron ent\u00f3n pratos, xerras, fontes e unha vaixela m\u00e1is completa destinada a cubrir un n\u00famero maior de usos.<\/li>\n<\/ul>\n<p>Dependendo dos materiais que ti\u00f1an \u00e1 s\u00faa disposici\u00f3n, os campesi\u00f1os pod\u00edan constru\u00edr as s\u00faas casas de adobe, madeira ou pedra. Pero o m\u00e1is com\u00fan\u00a0 \u00e9 que dispuxesen dunha gran estancia, con teito de palla, na que acend\u00edan un lume como centro da mesma. Esta casa, era o fogar de toda a familia e en moitas ocasi\u00f3ns tam\u00e9n se utilizaba como cortello ou celeiro.<\/p>\n<p>Respecto da distribuci\u00f3n, a mesa era o centro da vivenda, onde toda a familia xunt\u00e1base \u00e1 s\u00faa ao redor, polo que realmente era o obxecto esencial do mobiliario. Deste xeito, prescind\u00edase de todo o demais, cousas como as camas, non eran esenciais, naquela \u00e9poca durm\u00edan no chan, por norma xeral sobre palla e non dispu\u00f1an de armarios, todos os obxectos e posesi\u00f3ns colg\u00e1banse de ganchos nas paredes da vivenda.<\/p>\n<p>No caso das cidades, a achega da burgues\u00eda \u00e1 transformaci\u00f3n da vivenda consistiu principalmente na utilizaci\u00f3n da mesma como lugar de traballo. Na planta baixa adoit\u00e1base situar a tenda (ou taller en caso de tratarse dun artes\u00e1n), onde se exerc\u00eda o oficio ao mesmo tempo que se ati\u00f1a \u00e1 clientela; no primeiro piso hab\u00eda polo xeral unha soa estancia, onde se desenvolv\u00edan as diferentes actividades coti\u00e1s. A isto adoitaba sumarse un pequeno patio na parte traseira da casa, onde dispu\u00f1an dun curral para as gali\u00f1as, un horto, un pozo e unha letrina moi b\u00e1sica. Na casa viv\u00edan o burgu\u00e9s e a s\u00faa familia, os aprendices do oficio e a servidume; todos eles compart\u00edan a vivenda. Neste caso, \u00e9 bastante evidente a falta de intimidade.<\/p>\n<p><img loading=\"lazy\" decoding=\"async\" class=\"size-medium wp-image-10681 aligncenter\" src=\"https:\/\/recreacionhistoria.com\/wp-content\/uploads\/2022\/03\/Gremios-edad-media-300x217.gif\" alt=\"\" width=\"300\" height=\"217\" title=\"\" srcset=\"https:\/\/recreacionhistoria.com\/wp-content\/uploads\/2022\/03\/Gremios-edad-media-300x217.gif 300w, https:\/\/recreacionhistoria.com\/wp-content\/uploads\/2022\/03\/Gremios-edad-media-768x556.gif 768w\" sizes=\"(max-width: 300px) 100vw, 300px\" \/><\/p>\n<p>Todas e cada unha estas tipolox\u00edas residenciais desapareceron en Europa ao longo da alta Idade Media, coincidindo coa crise demogr\u00e1fica do continente. A\u00ednda que bastante xente viv\u00eda baixo a protecci\u00f3n dos feudos e os enormes castelos, outros moitos se hacinaban en pequenos habit\u00e1culos situados nas murallas das pequenas e non tan pequenas urbes, debido principalmente a que o campo era inseguro.<\/p>\n<p>As pr\u00f3speras granxas da antig\u00fcidade desapareceron, at\u00e9 o momento en que pouqui\u00f1o a pouco as condici\u00f3ns melloraron \u00e1 sombra dos mosteiros e dos n\u00facleos urbanos en expansi\u00f3n. Apareceu ent\u00f3n unha pr\u00f3spera clase mercantil que empezou a constru\u00edrse grandes casas se\u00f1oriais nas urbes e feudos rurais. Cara o final do medievo as casasse\u00f1oriais evolucionaron at\u00e9 transformarse en palacios.<\/p>\n<p>Estas novas construci\u00f3ns consist\u00edan en complexas residencias para a nobreza eclesi\u00e1stica e mercantil, ou ben para as familias gobernantes, que ocupaban un edificio enteiro e conti\u00f1an estancias rituais, aposentos para os se\u00f1ores e habitaci\u00f3ns para un elevado n\u00famero de serventes e cortes\u00e1ns de todo x\u00e9nero.<\/p>\n<p>&nbsp;<\/p>\n<h2><strong>Como eran as vivendas na Idade Media?<\/strong><\/h2>\n<p>Como \u00e9 l\u00f3xico, a vivenda durante a Idade Media ti\u00f1a unha estrutura, distribuci\u00f3n e uso de materiais de acordo co nivel socio-econ\u00f3mico dos seus ocupantes.<\/p>\n<p>Pero o condicionante tam\u00e9n estaba conformado pola dispo\u00f1ibilidade de materiais e en funci\u00f3n do clima do lugar. As\u00ed, nun primeiro momento, podemos dicir que no norte da Pen\u00ednsula Ib\u00e9rica, as vivendas adoitaban ser de pedra, mentres que no sur, o material m\u00e1is utilizado era o barro. En cambio, nos Pireneos recorr\u00edan \u00e1 madeira.<\/p>\n<p>Para a construci\u00f3n as opci\u00f3ns non eran moitas. Polo xeral, os tabiques fabric\u00e1banse a base de palla, pelo de vaca, est\u00e9rcol e barro h\u00famido sobre unha estrutura de madeira. A madeira acab\u00e1base podrecendo co tempo pola humidade.<\/p>\n<p>Os armaz\u00f3ns adoitaban constru\u00edrse no taller dun carpinteiro e, unha vez acabados, transport\u00e1banse at\u00e9 o lugar onde ti\u00f1a que erixirse a nova vivenda.<\/p>\n<p>As vivendas m\u00e1is humildes, as dos campesi\u00f1os, s\u00f3 ti\u00f1an unha estancia, a cal fac\u00eda ao mesmo tempo as veces de sal\u00f3n, coci\u00f1a e habitaci\u00f3n. Un \u00fanico habit\u00e1culo no que se almacenaban ademais os \u00fatiles do campo e a colleita.<\/p>\n<p>Cando utilizaban madeira, non agardaban a que esta se secase, sen\u00f3n que a usaban cando estaba a\u00ednda verde pois as\u00ed resultaba m\u00e1is maleable e cingu\u00edase mellor \u00e1s s\u00faas necesidades. Os tabiques das vivendas levant\u00e1banse con palla, pelame de vaca, est\u00e9rcol e barro h\u00famido.<\/p>\n<p>Obviamente, o uso de materiais como os citados provocaba que en numerosas ocasi\u00f3ns produc\u00edsense incendios nas vivendas, ben por neglixencia ou descoido co uso das velas ou nos lumes das coci\u00f1as.<\/p>\n<p>A coci\u00f1a supu\u00f1a o espazo m\u00e1is importante de calquera fogar principalmente pola presenza da cheminea que ademais de achegar calor iluminaba a casa. As casas con m\u00e1is recursos econ\u00f3micos contaban con todo tipo de cacharros como recipientes de barro, de esta\u00f1o, cobre ou ferro ademais de manteis e panos.<\/p>\n<p><img loading=\"lazy\" decoding=\"async\" class=\"size-medium wp-image-10679 aligncenter\" src=\"https:\/\/recreacionhistoria.com\/wp-content\/uploads\/2022\/03\/Cocina-medieval-300x225.jpg\" alt=\"\" width=\"300\" height=\"225\" title=\"\" srcset=\"https:\/\/recreacionhistoria.com\/wp-content\/uploads\/2022\/03\/Cocina-medieval-300x225.jpg 300w, https:\/\/recreacionhistoria.com\/wp-content\/uploads\/2022\/03\/Cocina-medieval-1024x768.jpg 1024w, https:\/\/recreacionhistoria.com\/wp-content\/uploads\/2022\/03\/Cocina-medieval-768x576.jpg 768w, https:\/\/recreacionhistoria.com\/wp-content\/uploads\/2022\/03\/Cocina-medieval.jpg 1066w\" sizes=\"(max-width: 300px) 100vw, 300px\" \/><\/p>\n<p>As casas das persoas de clases m\u00e1is podentes eran as \u00fanicas con d\u00faas plantas ou m\u00e1is. Eran vivendas m\u00e1is refinadas e amplas. O piso inferior estaba destinado a recibir as visitas, e estaba composto por un patio interior e varias estancias \u00e1 s\u00faa ao redor. As habitaci\u00f3ns da familia situ\u00e1banse na planta superior.<\/p>\n<p>&nbsp;<\/p>\n<h2><strong>O mobiliario e o enxoval nas vivendas durante a Idade Media<\/strong><\/h2>\n<p>Outro aspecto destacable \u00e9 o mobiliario e o emxoval.\u00a0 No interior desta sala hab\u00eda poucos mobles, distribu\u00eddos segundo as necesidades do momento; as\u00ed, segundo f\u00f3ra de d\u00eda ou de noite, o espazo transform\u00e1base dunha maneira ou doutra. O mobiliario adoitaba ser m\u00f3bil ou desmontable, caracter\u00edstica que perviviu at\u00e9 os nosos d\u00edas nalgunhas pezas como cadeiras de brazos, camas, mesas, cadeiras, etc.<\/p>\n<p><img loading=\"lazy\" decoding=\"async\" class=\"size-medium wp-image-10685 aligncenter\" src=\"https:\/\/recreacionhistoria.com\/wp-content\/uploads\/2022\/03\/Mobiliario-medieval-300x169.jpg\" alt=\"\" width=\"300\" height=\"169\" title=\"\" srcset=\"https:\/\/recreacionhistoria.com\/wp-content\/uploads\/2022\/03\/Mobiliario-medieval-300x169.jpg 300w, https:\/\/recreacionhistoria.com\/wp-content\/uploads\/2022\/03\/Mobiliario-medieval-1024x576.jpg 1024w, https:\/\/recreacionhistoria.com\/wp-content\/uploads\/2022\/03\/Mobiliario-medieval-768x432.jpg 768w, https:\/\/recreacionhistoria.com\/wp-content\/uploads\/2022\/03\/Mobiliario-medieval-1536x864.jpg 1536w, https:\/\/recreacionhistoria.com\/wp-content\/uploads\/2022\/03\/Mobiliario-medieval.jpg 1600w\" sizes=\"(max-width: 300px) 100vw, 300px\" \/><\/p>\n<p>Entre os mobles fundamentais haxamos a presenza dunha mesa grande e alg\u00fans bancos. Tam\u00e9n armarios de fabricaci\u00f3n r\u00fastica para gardar os seus poucos ave\u00f1os. Non usaban camas e durm\u00edan no piso ou sobre unha chea de palla.<\/p>\n<p>Dado que una mesma habitaci\u00f3n serv\u00eda para todo, pola noite despregaban os xerg\u00f3ns de palla para durmir e pola ma\u00f1\u00e1 enrol\u00e1banos. Contaban, as\u00ed mesmo, con ba\u00fais nos que gardaban a roupa, e ganchos ou ocos nos muros para gardar os utensilios de coci\u00f1a.<\/p>\n<p>Nalg\u00fans casos, e sobre todo co paso dos s\u00e9culos, a cama pasou a cobrar suma importancia, era de gran tama\u00f1o xa que a familia adoitaba durmir conxuntamente. As familias m\u00e1is pobres empregaban bancos ou t\u00e1boas sobre os que colocaban as mantas para durmir. Nas casas nobres, a cama era unha estrutura estable que se adornaba cun dosel. Os colch\u00f3ns dos humildes, como dixemos antes, adoitaban estar elaborados con palla, mentres que os das clases m\u00e1is podentes elabor\u00e1banse con plumas. A roupa de cama tam\u00e9n variaba en funci\u00f3n da condici\u00f3n social.<\/p>\n<p><img loading=\"lazy\" decoding=\"async\" class=\"size-medium wp-image-10683 aligncenter\" src=\"https:\/\/recreacionhistoria.com\/wp-content\/uploads\/2022\/03\/Habitacion-medieval-300x205.jpg\" alt=\"\" width=\"300\" height=\"205\" title=\"\" srcset=\"https:\/\/recreacionhistoria.com\/wp-content\/uploads\/2022\/03\/Habitacion-medieval-300x205.jpg 300w, https:\/\/recreacionhistoria.com\/wp-content\/uploads\/2022\/03\/Habitacion-medieval-768x524.jpg 768w, https:\/\/recreacionhistoria.com\/wp-content\/uploads\/2022\/03\/Habitacion-medieval-474x324.jpg 474w, https:\/\/recreacionhistoria.com\/wp-content\/uploads\/2022\/03\/Habitacion-medieval.jpg 950w\" sizes=\"(max-width: 300px) 100vw, 300px\" \/><\/p>\n<p>Dentro das casas tam\u00e9n se pod\u00edan atopar braseiros, cand\u00eds, alfombras, esteiras, espellos, cubas, xerras, cubas, etc.<\/p>\n<p>No caso das casas de clases m\u00e1is podentes, nalg\u00fans casos, as paredes da habitaci\u00f3n dec\u00f3ranse con tapices ou co bras\u00f3n (escudo) familiar.<\/p>\n<p>En canto aos sistemas de calefacci\u00f3n e iluminaci\u00f3n habemos de indicar que a\u00ednda que son escasos na \u00e9poca, a\u00ednda que tam\u00e9n como \u00e9 l\u00f3xico, ser\u00e1n os estamentos superiores da sociedade os que gocen dunha conxuntura m\u00e1is favorable. As\u00ed, nobres, cl\u00e9rigos de alta condici\u00f3n e individuos que a pesar de pertencer ao estado chairo gozan dunha boa situaci\u00f3n econ\u00f3mica, adoitan utilizar l\u00e1mpadas, candelabros, lanternas, que se colocan nas dependencias principais da casa, cunha clara preeminencia no sal\u00f3n, onde tam\u00e9n se sit\u00faa a cheminea que ser\u00e1 a principal fonte de calor da casa.<\/p>\n<p>&nbsp;<\/p>\n<p>E isto \u00e9 todo por hoxe. Confiamos en que esta publicaci\u00f3n resultase do voso interese. E se queredes estar ao d\u00eda das nosas publicaci\u00f3ns podedes subscribirvos gratuitamente para recibir informaci\u00f3n peri\u00f3dica coas novas publicaci\u00f3ns.<\/p>\n<p>&nbsp;<\/p>\n<h2>A nosa lecutura recomendada<\/h2>\n<p><iframe style=\"width: 120px; height: 240px;\" src=\"\/\/rcm-eu.amazon-adsystem.com\/e\/cm?lt1=_blank&amp;bc1=000000&amp;IS2=1&amp;bg1=FFFFFF&amp;fc1=000000&amp;lc1=0000FF&amp;t=historia0bc-21&amp;language=es_ES&amp;o=30&amp;p=8&amp;l=as4&amp;m=amazon&amp;f=ifr&amp;ref=as_ss_li_til&amp;asins=8420649031&amp;linkId=a56d12bfa651bc5659ccab7b4e5834a5\" frameborder=\"0\" marginwidth=\"0\" marginheight=\"0\" scrolling=\"no\"><\/iframe><\/p>\n<h2><strong>Referencias<\/strong><\/h2>\n<p>Vivir en la Edad Media. De Aznra Vallejo. Ed. Arcos libros<\/p>\n<p>La sociedad rural en la Espa\u00f1a Medieval. \u00a0De Garc\u00eda de Cort\u00e1zar, J.A. Ed. Siglo XXI<\/p>\n<p>Organizaci\u00f3n social del espacio en la Espa\u00f1a medieval. La corona de&#8217; Castilla en los siglos VIII a XV. De Garc\u00eda de Cort\u00e1zar, J.A. Ed. Ariel<\/p>\n<p><a href=\"https:\/\/historiaybiografias.com\" target=\"_blank\" rel=\"noopener\">https:\/\/historiaybiografias.com<\/a><\/p>\n<p><a href=\"https:\/\/hombrehistoriauniversal.blogspot.com\" target=\"_blank\" rel=\"noopener\">https:\/\/hombrehistoriauniversal.blogspot.com<\/a><\/p>\n<p><a href=\"http:\/\/www.construirte.es\/\" target=\"_blank\" rel=\"noopener\">www.construirte.es\/<\/a><\/p>\n","protected":false},"excerpt":{"rendered":"<p>A construci\u00f3n das vivendas evolucionou moit\u00edsimo ao longo dos s\u00e9culos, non s\u00f3 polo desenvolvemento das t\u00e9cnicas e uso de novos materiais, sen\u00f3n tam\u00e9n pola s\u00faa adaptaci\u00f3n \u00e1s posibilidades e necesidades que foron aparecendo. Hoxe dedicamos esta entrada a co\u00f1ecer como era a vivenda na Idade Media. &nbsp; A cidade medieval Durante a Idade Media prod\u00facese&hellip;<\/p>\n","protected":false},"author":2,"featured_media":10671,"comment_status":"open","ping_status":"open","sticky":false,"template":"","format":"standard","meta":{"_monsterinsights_skip_tracking":false,"_monsterinsights_sitenote_active":false,"_monsterinsights_sitenote_note":"","_monsterinsights_sitenote_category":0,"footnotes":""},"categories":[222,221],"tags":[1812,2038,407,271,531,210,862,1359,392,2037],"class_list":["post-10670","post","type-post","status-publish","format-standard","has-post-thumbnail","hentry","category-idade-media","category-recuncho-da-historia","tag-ajuar-gl","tag-casa","tag-costumbres-gl","tag-curiosidades-historicas-gl","tag-edad-media-gl","tag-medieval-gl","tag-medievo-gl","tag-mobiliario-gl","tag-sociedad-gl","tag-vivienda","category-222","category-221","description-off"],"_links":{"self":[{"href":"https:\/\/recreacionhistoria.com\/gl\/wp-json\/wp\/v2\/posts\/10670","targetHints":{"allow":["GET"]}}],"collection":[{"href":"https:\/\/recreacionhistoria.com\/gl\/wp-json\/wp\/v2\/posts"}],"about":[{"href":"https:\/\/recreacionhistoria.com\/gl\/wp-json\/wp\/v2\/types\/post"}],"author":[{"embeddable":true,"href":"https:\/\/recreacionhistoria.com\/gl\/wp-json\/wp\/v2\/users\/2"}],"replies":[{"embeddable":true,"href":"https:\/\/recreacionhistoria.com\/gl\/wp-json\/wp\/v2\/comments?post=10670"}],"version-history":[{"count":5,"href":"https:\/\/recreacionhistoria.com\/gl\/wp-json\/wp\/v2\/posts\/10670\/revisions"}],"predecessor-version":[{"id":10709,"href":"https:\/\/recreacionhistoria.com\/gl\/wp-json\/wp\/v2\/posts\/10670\/revisions\/10709"}],"wp:featuredmedia":[{"embeddable":true,"href":"https:\/\/recreacionhistoria.com\/gl\/wp-json\/wp\/v2\/media\/10671"}],"wp:attachment":[{"href":"https:\/\/recreacionhistoria.com\/gl\/wp-json\/wp\/v2\/media?parent=10670"}],"wp:term":[{"taxonomy":"category","embeddable":true,"href":"https:\/\/recreacionhistoria.com\/gl\/wp-json\/wp\/v2\/categories?post=10670"},{"taxonomy":"post_tag","embeddable":true,"href":"https:\/\/recreacionhistoria.com\/gl\/wp-json\/wp\/v2\/tags?post=10670"}],"curies":[{"name":"wp","href":"https:\/\/api.w.org\/{rel}","templated":true}]}}